{"id":19197,"date":"2024-01-31T21:52:16","date_gmt":"2024-02-01T03:52:16","guid":{"rendered":"https:\/\/www.aquilaguna.com\/?p=19197"},"modified":"2024-01-31T21:52:16","modified_gmt":"2024-02-01T03:52:16","slug":"sin-contratiempos-eleccion-de-nuevo-rector-en-unidad-torreon-de-uadec","status":"publish","type":"post","link":"https:\/\/www.aquilaguna.com\/index.php\/2024\/01\/31\/sin-contratiempos-eleccion-de-nuevo-rector-en-unidad-torreon-de-uadec\/","title":{"rendered":"Sin contratiempos elecci\u00f3n de nuevo Rector en Unidad Torre\u00f3n de UAdeC."},"content":{"rendered":"\n<p>Torre\u00f3n, Coahuila.-\u00a0 Contra lo esperado y muy avanzada la tarde de este d\u00eda, continuaba \u00a0 con toda tranquilidad y sin incidentes a\u00fan el proceso de elecci\u00f3n \u00a0 en escuelas y facultades de la Unidad Torre\u00f3n de la UAdeC, para elegir al sucesor del Ingeniero Salvador Hern\u00e1ndez V\u00e9lez en la Rector\u00eda de la\u00a0 M\u00e1xima Casa de Estudios en Coahuila.\u00a0<\/p>\n\n\n\n<p>A los votantes convocados a participar, poco m\u00e1s de 40 mil, entre estudiantes y docentes, tienen en su mano votar a favor del candidato \u00fanico, Octavio Pimentel Martinez, o bien optar en la misma boleta, por nuevas elecciones.<\/p>\n\n\n\n<p>Los resultados de la jornada se\u00a0 podr\u00e1n conocer y difundir m\u00e1s all\u00e1 de las 22:00\u00a0horas  a trav\u00e9s del\u00a0 \u00f3rgano electoral \u00a0 desde la ciudad Saltillo, que concentra la votaci\u00f3n emitida en todos y cada una de las escuelas y facultades que forman parte de la Universidad Aut\u00f3noma\u00a0 de Coahuila.<\/p>\n\n\n\n<p><strong>UNIDAD TORRE\u00d3N.<\/strong><\/p>\n\n\n\n<p>Entrevistada luego de emitir su voto en las urnas ubicadas en la Facultad de Contadur\u00eda y Administraci\u00f3n, la Coordinadora de la Unidad\u00a0 Torre\u00f3n, Doctora Sandra L\u00f3pez Chavarria daba a conocer que \u00a0 el proceso electoral en las escuelas y facultades de la Unidad a su cargo, iniciaron a partir de las 8:00, con toda tranquilidad, sin tener reporte alguno, hasta\u00a0 ese momento de que hubiera\u00a0 registrado alguna alteraci\u00f3n,\u00a0 u oposici\u00f3n, toda vez que los Consejos Directivos\u00a0 constitu\u00eddos en Colegio Electoral encargados de\u00a0 la realizaci\u00f3n en cada plantel,\u00a0 no \u00a0 hab\u00edan manifestado informe alguno\u00a0 sobre ello.<\/p>\n\n\n\n<p>\u00a0Inform\u00f3 la funcionaria universitaria sobre el desalojo voluntario\u00a0 que realizara la tarde del pasado martes, el peque\u00f1o grupo\u00a0 estudiantil que se hab\u00eda posesionado de la Coordinaci\u00f3n de la Unidad Torre\u00f3n,\u00a0 sin mayor argumentaci\u00f3n, s\u00f3lo para\u00a0 realizar un bloqueo de minutos sobre el Bulevar Revoluci\u00f3n y dispersarse.<\/p>\n\n\n\n<p>Afirm\u00f3 sobre\u00a0 los argumentos esgrimidos por el grupo antes mencionado,\u00a0 diciendo que a nadie se le vulner\u00f3 su voluntad para\u00a0 registrarse como aspirante a la Rector\u00eda, toda vez que la convocatoria\u00a0 fue p\u00fablica y se exhibi\u00f3 a lo largo de siete d\u00edas.<\/p>\n\n\n\n<p>En cuanto a las razones que a ella la hicieran desistir de participar en la contienda por la candidatura a la Rector\u00eda, la Doctora Sandra L\u00f3pez Chavarria, manifest\u00f3 que,\u00a0 &#8220;bueno, tengo un puesto en la Coordinaci\u00f3n por dos a\u00f1os m\u00e1s. Declin\u00e9 por razones personales, no digo que no lo\u00a0 vuelva a hacer, pues debe\u00a0 de haber oportunidad para las mujeres&#8221;.<\/p>\n\n\n\n<p>Consider\u00f3 adem\u00e1s que, &#8220;este, no es el momento id\u00f3neo&#8221;.<\/p>\n\n\n\n<p>Estim\u00f3\u00a0 en cerca de 12,300 alumnos, m\u00e1s personal docente\u00a0 los universitarios\u00a0 convocados en la Unidad Torre\u00f3n, seg\u00fan el padr\u00f3n correspondiente, anticipando adem\u00e1s, que\u00a0 la opci\u00f3n que se ofrece a los universitarios, de candidato \u00fanico o bien nuevas elecci\u00f3n, resultar\u00e1 ganadora si alcanza el 50 + 1 del total de los votos emitidos.\u00a0<\/p>\n","protected":false},"excerpt":{"rendered":"<p>Torre\u00f3n, Coahuila.-\u00a0 Contra lo esperado y muy avanzada la tarde de este d\u00eda, continuaba \u00a0 con toda tranquilidad y sin incidentes a\u00fan el proceso de elecci\u00f3n \u00a0 en escuelas y facultades de la Unidad Torre\u00f3n de la UAdeC, para elegir al sucesor del Ingeniero Salvador Hern\u00e1ndez V\u00e9lez en la Rector\u00eda de la\u00a0 M\u00e1xima Casa de Estudios en Coahuila.\u00a0 A los votantes convocados a participar, poco m\u00e1s de 40 mil, entre&#8230;<\/p>\n","protected":false},"author":2,"featured_media":0,"comment_status":"closed","ping_status":"","sticky":false,"template":"","format":"standard","meta":{"footnotes":""},"categories":[7,2],"tags":[],"class_list":["post-19197","post","type-post","status-publish","format-standard","hentry","category-torreon","category-uadec","wpcat-7-id","wpcat-2-id"],"_links":{"self":[{"href":"https:\/\/www.aquilaguna.com\/index.php\/wp-json\/wp\/v2\/posts\/19197","targetHints":{"allow":["GET"]}}],"collection":[{"href":"https:\/\/www.aquilaguna.com\/index.php\/wp-json\/wp\/v2\/posts"}],"about":[{"href":"https:\/\/www.aquilaguna.com\/index.php\/wp-json\/wp\/v2\/types\/post"}],"author":[{"embeddable":true,"href":"https:\/\/www.aquilaguna.com\/index.php\/wp-json\/wp\/v2\/users\/2"}],"replies":[{"embeddable":true,"href":"https:\/\/www.aquilaguna.com\/index.php\/wp-json\/wp\/v2\/comments?post=19197"}],"version-history":[{"count":1,"href":"https:\/\/www.aquilaguna.com\/index.php\/wp-json\/wp\/v2\/posts\/19197\/revisions"}],"predecessor-version":[{"id":19198,"href":"https:\/\/www.aquilaguna.com\/index.php\/wp-json\/wp\/v2\/posts\/19197\/revisions\/19198"}],"wp:attachment":[{"href":"https:\/\/www.aquilaguna.com\/index.php\/wp-json\/wp\/v2\/media?parent=19197"}],"wp:term":[{"taxonomy":"category","embeddable":true,"href":"https:\/\/www.aquilaguna.com\/index.php\/wp-json\/wp\/v2\/categories?post=19197"},{"taxonomy":"post_tag","embeddable":true,"href":"https:\/\/www.aquilaguna.com\/index.php\/wp-json\/wp\/v2\/tags?post=19197"}],"curies":[{"name":"wp","href":"https:\/\/api.w.org\/{rel}","templated":true}]}}