{"id":1923,"date":"2021-05-02T23:12:56","date_gmt":"2021-05-03T04:12:56","guid":{"rendered":"https:\/\/www.aquilaguna.com\/?p=1923"},"modified":"2021-05-02T23:12:57","modified_gmt":"2021-05-03T04:12:57","slug":"apoya-dif-coahuila-a-personas-con-discapacidad-marcela-gorgon","status":"publish","type":"post","link":"https:\/\/www.aquilaguna.com\/index.php\/2021\/05\/02\/apoya-dif-coahuila-a-personas-con-discapacidad-marcela-gorgon\/","title":{"rendered":"APOYA DIF COAHUILA A PERSONAS CON DISCAPACIDAD: MARCELA GORG\u00d3N."},"content":{"rendered":"\n<p>Saltillo, Coahuila de Zaragoza; a 2 de Mayo 2021.- La Presidenta Honoraria del DIF Coahuila, Marcela Gorg\u00f3n, se\u00f1al\u00f3 que el apoyo a las personas que viven con alg\u00fan tipo de discapacidad es permanente para que tengan las mismas oportunidades, acceso a sus derechos y mejoren su calidad de vida.<\/p>\n\n\n\n<p>\u201cPara ello, en DIF Coahuila establecemos alianzas con organismos internacionales encaminadas al desarrollo de potencialidades de las personas con discapacidad, como es el caso de la asociaci\u00f3n \u2018Vida Independiente\u2019, que preside Santiago Vel\u00e1zquez Duarte, y a trav\u00e9s de la que se desarrollan cursos de capacitaci\u00f3n y entrenamiento\u201d, agreg\u00f3.<\/p>\n\n\n\n<p>A trav\u00e9s de estos cursos, los participantes con discapacidad motriz realizan actividades de acondicionamiento f\u00edsico y de dominio en dos puntos de la silla de ruedas para bajar y subir escalones, subir y bajar banquetas, pasar rieles, practicar ca\u00eddas, traslado de silla a cama y de silla a autom\u00f3vil.<\/p>\n\n\n\n<p>Tambi\u00e9n reciben talleres con temas de cuidados de la piel, manejo de distintos tipos de sillas, superaci\u00f3n de miedos y aceptaci\u00f3n del principio de la realidad, entre otros.<\/p>\n\n\n\n<p>\u201cEstamos muy satisfechos con el trabajo conjunto y sobre todo el cambio generado en pacientes de los Centros de Rehabilitaci\u00f3n y Unidades B\u00e1sicas de Rehabilitaci\u00f3n del DIF Coahuila, que participan en este tipo de actividades para el desarrollo de sus potencialidades\u201d, apunt\u00f3 Marcela Gorg\u00f3n.<\/p>\n\n\n\n<p>En este sentido, reconoci\u00f3 y agradeci\u00f3 la labor y entusiasmo de terapeutas f\u00edsicos y ocupacionales, personal del Instituto Estatal del Deporte de Coahuila, y Santiago Vel\u00e1zquez Duarte, presidente de \u2018Vida Independiente\u2019 y sus instructores.<\/p>\n\n\n\n<p>Juan Antonio Gonz\u00e1lez Aguilar, instructor e integrante de la Organizaci\u00f3n Internacional de \u201cVida Independiente\u201d, expres\u00f3 su reconocimiento al Gobierno de Coahuila que encabeza el gobernador Miguel \u00c1ngel Riquelme Sol\u00eds y Marcela Gorg\u00f3n, por impulsar y ofrecer a la poblaci\u00f3n con discapacidad motriz mayores oportunidades de alcanzar una vida independiente y mejorar su calidad de vida.<\/p>\n\n\n\n<p>Indic\u00f3 que las personas en esta condici\u00f3n necesitan tener un proyecto de vida: \u201cNecesitan so\u00f1ar, aspirar como todo ser humano, necesitan perder el miedo, arriesgarse y dejar de subvalorarse, aprender a caer y levantarse y tener otra filosof\u00eda de vida, de una vida m\u00e1s libre y m\u00e1s independiente\u201d, subray\u00f3.<\/p>\n\n\n\n<p>Roberto C\u00e1rdenas Zavala, Director General de este Sistema Estatal, coment\u00f3 que una de las prioridades del DIF Coahuila es impulsar acciones que contribuyan a elevar la calidad de vida de las personas con discapacidad, y a su vez el promover su inclusi\u00f3n social, familiar y laboral.<\/p>\n\n\n\n<p>As\u00ed se desarroll\u00f3 un curso de capacitaci\u00f3n dirigido a personas con discapacidad motriz (lesi\u00f3n medular completa, mielomeningocele, amputaciones de miembro p\u00e9lvico y secuelas de poliomielitis), quienes realizaron diversas actividades.<\/p>\n\n\n\n<p>\u201cEl objetivo de este curso es que a las personas con discapacidad se les den las herramientas que necesitan para ser libres, y qu\u00e9 mejor ayuda que lograr su propia independencia\u201d, expres\u00f3.<\/p>\n","protected":false},"excerpt":{"rendered":"<p>Saltillo, Coahuila de Zaragoza; a 2 de Mayo 2021.- La Presidenta Honoraria del DIF Coahuila, Marcela Gorg\u00f3n, se\u00f1al\u00f3 que el apoyo a las personas que viven con alg\u00fan tipo de discapacidad es permanente para que tengan las mismas oportunidades, acceso a sus derechos y mejoren su calidad de vida. \u201cPara ello, en DIF Coahuila establecemos alianzas con organismos internacionales encaminadas al desarrollo de potencialidades de las personas con discapacidad, como&#8230;<\/p>\n","protected":false},"author":1,"featured_media":1924,"comment_status":"closed","ping_status":"closed","sticky":false,"template":"","format":"standard","meta":{"footnotes":""},"categories":[5,26,15],"tags":[],"class_list":["post-1923","post","type-post","status-publish","format-standard","has-post-thumbnail","hentry","category-coahuila","category-dif","category-gobierno-de-coahuila","wpcat-5-id","wpcat-26-id","wpcat-15-id"],"_links":{"self":[{"href":"https:\/\/www.aquilaguna.com\/index.php\/wp-json\/wp\/v2\/posts\/1923","targetHints":{"allow":["GET"]}}],"collection":[{"href":"https:\/\/www.aquilaguna.com\/index.php\/wp-json\/wp\/v2\/posts"}],"about":[{"href":"https:\/\/www.aquilaguna.com\/index.php\/wp-json\/wp\/v2\/types\/post"}],"author":[{"embeddable":true,"href":"https:\/\/www.aquilaguna.com\/index.php\/wp-json\/wp\/v2\/users\/1"}],"replies":[{"embeddable":true,"href":"https:\/\/www.aquilaguna.com\/index.php\/wp-json\/wp\/v2\/comments?post=1923"}],"version-history":[{"count":1,"href":"https:\/\/www.aquilaguna.com\/index.php\/wp-json\/wp\/v2\/posts\/1923\/revisions"}],"predecessor-version":[{"id":1925,"href":"https:\/\/www.aquilaguna.com\/index.php\/wp-json\/wp\/v2\/posts\/1923\/revisions\/1925"}],"wp:featuredmedia":[{"embeddable":true,"href":"https:\/\/www.aquilaguna.com\/index.php\/wp-json\/wp\/v2\/media\/1924"}],"wp:attachment":[{"href":"https:\/\/www.aquilaguna.com\/index.php\/wp-json\/wp\/v2\/media?parent=1923"}],"wp:term":[{"taxonomy":"category","embeddable":true,"href":"https:\/\/www.aquilaguna.com\/index.php\/wp-json\/wp\/v2\/categories?post=1923"},{"taxonomy":"post_tag","embeddable":true,"href":"https:\/\/www.aquilaguna.com\/index.php\/wp-json\/wp\/v2\/tags?post=1923"}],"curies":[{"name":"wp","href":"https:\/\/api.w.org\/{rel}","templated":true}]}}