{"id":19292,"date":"2024-02-07T21:37:13","date_gmt":"2024-02-08T03:37:13","guid":{"rendered":"https:\/\/www.aquilaguna.com\/?p=19292"},"modified":"2024-02-07T21:37:13","modified_gmt":"2024-02-08T03:37:13","slug":"aqui-laguna-291","status":"publish","type":"post","link":"https:\/\/www.aquilaguna.com\/index.php\/2024\/02\/07\/aqui-laguna-291\/","title":{"rendered":"Aqu\u00ed Laguna."},"content":{"rendered":"\n<p>\u00a1Grillerio! Desatado desde hace d\u00edas en estas tierras, luego de que el tiempo se agota\u00a0 de manera inclemente para todos aquellos que \u00a0 aspiran a figurar como alcaldes en sus respectivos municipios, y que en el caso de los \u00a0 que conforman esta comarca lagunera, solo se tiene contemplado\u00a0 la reelecci\u00f3n \u00a0 de Rom\u00e1n Alberto Cepeda Gonz\u00e1lez, que\u00a0 al parecer\u00a0 pudo sortear hasta este d\u00eda,\u00a0 en las\u00a0 los obst\u00e1culos que le han ido surgiendo a sus afanes de\u00a0 resultar un alcalde remasterizado\u00a0 en las urnas. De ganar\u00a0 primero, la contienda interna que se le avecina una vez que Enrique Sarmiento\u00a0 registr\u00f3 ya sus intenci\u00f3n por el mismo objetivo, de ah\u00ed que ser\u00e1 el Comit\u00e9 Directivo Estatal a cargo de Carlos\u00a0 Robles Lostanau quien defina el m\u00e9todo de selecci\u00f3n, si una vez que tiene considerado \u00a1tres!,\u00a0 para definir tal situaci\u00f3n\u00a0 cuando se presenten como aspirantes a una alcald\u00eda, dos o tres\u00a0 aspirantes, pues \u00a0 el tiempo que se agota el pr\u00f3ximo s\u00e1bado, parece no\u00a0 urgir a definir\u00a0 si entra o no en esa lid, otros aspirante que a finales del a\u00f1o pasado e inicios del presente, vaya que agot\u00f3 trabajos de reclutamiento de simpatizantes y cuadros y dirigentes\u00a0 de sectores y seccionales del PRI en\u00a0 el municipio de Torre\u00f3n -sin que su lideresa, la Senadora Ver\u00f3nica Mart\u00ednez pudiera contenerlo-, es decir,\u00a0 del Contador P\u00fablico,\u00a0 Xavier Herrera, que agot\u00f3 tiempo y bolsillo para \u00a0 hacer presencia\u00a0 en\u00a0 barrios y colonias populares  y crear con ello la indispensable &#8220;base social&#8221; en que fincar sus\u00a0 pretensiones pol\u00edticas, de ah\u00ed que hasta hoy el hecho de que no\u00a0 muestre &#8220;se\u00f1ales de vida&#8221;\u00a0 genera ya m\u00faltiples especulaciones e interrogantes.<\/p>\n\n\n\n<p>Y otra interrogante m\u00e1s se abri\u00f3 este d\u00eda, cuando en el Congreso del Estado, se present\u00f3 \u00a0 y se\u00a0 le concedi\u00f3 licencia para separarse del cargo como s\u00edndica de mayor\u00eda de su ayuntamiento\u00a0 a la profesora Graciela Fern\u00e1ndez de Onofre,\u00a0 precisamente en v\u00edsperas tambi\u00e9n de que el Licenciado Miguel\u00a0 Angel Ram\u00edrez L\u00f3pez, se registre,\u00a0 alcalde aspirante a su reelecci\u00f3n. Ah\u00ed est\u00e1 el detalle pues, veremos si el agua llega al r\u00edo y\u00a0 Ra\u00fal \u2013don perpetuo-,\u00a0 Onofre, se la juega por su mujer, en tiempos en los que la cobertura que generosamente se\u00a0le\u00a0 dio\u00a0 en los \u00faltimos sexenios\u00a0 lo favorece. Por\u00a0 lo pronto veremos si las fuerzas pol\u00edticas gestadas en un municipio altamente rural, perdieron\u00a0 vigor y vigencia ante el crecimiento de las fuerzas urbanas\u00a0 del sufrido Matamoros, necesitado cada vez m\u00e1s de\u00a0miembros de su clase pol\u00edtica con m\u00e1s\u00a0 preparaci\u00f3n y visi\u00f3n de futuro.\u00a0 \u00a0 <\/p>\n\n\n\n<p>En tanto que en el municipio de San Pedro, resulta que\u00a0 la vieja distancia\u00a0 que se gener\u00f3 entre los seguidores de Jorge Abdala y\u00a0 los de Jos\u00e9 Luis -El Chapo bueno-, M\u00e9ndez, sigue vigente\u00a0 y ahora resulta que las brechas\u00a0 generadas en\u00a0 tal condici\u00f3n abri\u00f3 \u00a0 posibilidades de que una mujer surgida de las filas tricolores, puesto que ya hubo una anterior, pero surgida y apoyada por las fuerzas del PAN,\u00a0 que alcanzara \u00e9sta \u00faltima la presidencia municipal y la se\u00f1orita Huereca est\u00e9 por figurar como\u00a0 la &#8220;candidata&#8221;; el reto para la f\u00e9mina, resultar\u00e1 sin duda navegar entre las procelosas aguas de la pol\u00edtica sampetrina, con tales &#8220;tiburones&#8221; nadando en su alrededor, de ganar la elecci\u00f3n, claro. <\/p>\n\n\n\n<p>En Francisco I. Madero,\u00a0 agotadas\u00a0 las posibilidades que le ley electoral vigente\u00a0 le concede, el\u00a0 m\u00e9dico \u00a0 Jonathan Avalos anda en busca de quien le suceda en la licencia que est\u00e1 por solicitar al Congreso del Estado, para estar &#8220;a modo candidato&#8221; a una diputaci\u00f3n federal, siempre y citando, gane la encuesta o salga premiado en alguna t\u00f3mbola MORENA,\u00a0 para \u00a0 figurar en la boleta electoral federal del\u00a0 pr\u00f3ximo uno de junio. Ah, y se cree que en Viesca, no habr\u00e1 problema alguno con la postulaci\u00f3n\u00a0 seleccionada&#8230;<\/p>\n\n\n\n<p>Paso a paso, agotando sus primeros cien d\u00edas de gobierno, el Gobernador Manolo Jim\u00e9nez Salinas conforme a\u00a0 lo prometido en campa\u00f1a\u00a0 de\u00a0 convocar\u00a0 y\u00a0 construir \u00a0 gobierno ciudadanizado, que si bien pretende\u00a0 integrar en tales representaciones a las fuerzas y sujetos pol\u00edticos m\u00e1s\u00a0 significativos en\u00a0 los temas que en verdad interesan a los coahuilenses, si bien\u00a0 el de la seguridad lleva mano, como misi\u00f3n permanente y sometida\u00a0 a una mejora continua interminable\u00a0 que pueda\u00a0 contener y hasta eliminar\u00a0 &#8220;mutaciones&#8221; de la delincuencia que alteren el equilibrio social que en esta materia\u00a0 ha alcanzado Coahuila.<\/p>\n\n\n\n<p>Y diremos que\u00a0 el Consejo creado para atender tal tema, se le\u00a0 adhiri\u00f3 el\u00a0 que corresponde a Desarrollo, interesante\u00a0 la uni\u00f3n de\u00a0los mismos, pues vaya que sin seguridad nadie invierte, conocido como es\u00a0 lo miedoso que es el dinero. En este marco, llam\u00f3 la atenci\u00f3n el alto n\u00famero de elementos polic\u00edacos,\u00a0 involucrados en el sistema de seguridad que se estar\u00e1 aplicando en el pr\u00f3ximo encuentro entre el \u00a0equipo deportivo de Tigres de Monterrey contra el equipo local Santos. M\u00e1s de 1,000 elementos, es decir m\u00e1s de los que oficialmente forman\u00a0 hoy, el cuerpo de polic\u00eda municipal, agregados fuerzas estatales, elementos del ej\u00e9rcito\u00a0 y Guardia Nacional,\u00a0 si bien como se anunciara el pasado martes, \u00e9sta estrategia estar\u00e1 vigente\u00a0 ya ni solo en todos y cada uno de los encuentros deportivos realizados en el TSM, sino en todo tipo de espect\u00e1culo que concite\u00a0 multitudes.<\/p>\n\n\n\n<p>Este es el saldo \u00a0 que dej\u00f3\u00a0 la triste experiencia que registr\u00f3 hace semanas,\u00a0 los hechos\u00a0 acontecidos en las afueras del Estadio lagunero, que arroj\u00f3\u00a0 una persona muerta y varios lesionados. Como asignatura pendiente, queda las estrategias \u00a0que limiten la excesiva venta y obvio, su consumo de\u00a0 bebidas\u00a0 y no es excusa suficiente\u00a0 argumentar que muchos de los espectadores que llegan al estadio a presenciar alg\u00fan juego o espect\u00e1culo &#8220;ya llegan bebidos&#8221;. No debemos olvidar que\u00a0 mucho se habla, y al parecer no es leyenda urbana alguna, que\u00a0 ese lugar &#8220;es la cantina mas grande del mundo&#8221;.<\/p>\n\n\n\n<p>Por cierto muchos y muchas son los interesados en saber desde donde estar\u00e1 despachando el Licenciado Eduardo Olmos Castro, \u00a0 como Secretario de Desarrollo Regional,\u00a0una vez que se da como descartado que sus oficinas fueran a ser ubicadas, de nueva cuenta, en el Edificio Coahuila&#8230;<\/p>\n\n\n\n<p>Y\u00a0 la tranquilidad\u00a0 \u00a0 perdida\u00a0 en la UAdeC, en las v\u00edsperas\u00a0 de la elecci\u00f3n de su\u00a0 hoy nuevo Rector, Ingeniero Octavio Pimentel Mart\u00ednez,\u00a0 se ha recuperado de manera total, si bien\u00a0 sigue latente, en la ciudad capital del Estado, en\u00a0 la explanada del edificio que alberga la Rector\u00eda, en tanto que hoy mismo, \u00a0 est\u00e1 convocando\u00a0 a\u00a0 que los universitarios\u00a0 hagan sus propuestas en los temas\u00a0 universitarios que son de su inter\u00e9s, \u00a0 extendiendo as\u00ed \u00a0 voluntad \u00a0 pol\u00edtica de ampliar canales de comunicaci\u00f3n, di\u00e1logo\u00a0 en b\u00fasqueda de entendimientos  que impidan\u00a0 el ingreso de otros elementos extra universitarios en estos complejos tiempos y salgan a la luz otros m\u00e1s, de orden interno que\u00a0 han de andar por ah\u00ed, todav\u00eda rumiando su impotencia.<\/p>\n\n\n\n<p>Adem\u00e1s, hay\u00a0 inter\u00e9s, pero mucho en conocer las designaciones del equipo de trabajo que tenga a bien integrar el nuevo Rector y que deber\u00e1 de ser muy representativo y equilibrado en el que figuren los mejores, no solo los leales, es decir, no se aplique a rajatabla, el m\u00e9todo que patent\u00f3 en este sexenio federal AMLO.\u00a0\u00a0\u00a0<\/p>\n\n\n\n<p>Retorn\u00f3 como titular de la Jurisdicci\u00f3n Sanitaria N\u00b0 6 el Dr. Homero del Bosque Villareal, el m\u00e1s feliz resulta ser el Dr. Manuel Riverol.<\/p>\n","protected":false},"excerpt":{"rendered":"<p>\u00a1Grillerio! Desatado desde hace d\u00edas en estas tierras, luego de que el tiempo se agota\u00a0 de manera inclemente para todos aquellos que \u00a0 aspiran a figurar como alcaldes en sus respectivos municipios, y que en el caso de los \u00a0 que conforman esta comarca lagunera, solo se tiene contemplado\u00a0 la reelecci\u00f3n \u00a0 de Rom\u00e1n Alberto Cepeda Gonz\u00e1lez, que\u00a0 al parecer\u00a0 pudo sortear hasta este d\u00eda,\u00a0 en las\u00a0 los obst\u00e1culos que&#8230;<\/p>\n","protected":false},"author":2,"featured_media":0,"comment_status":"closed","ping_status":"","sticky":false,"template":"","format":"standard","meta":{"footnotes":""},"categories":[8],"tags":[],"class_list":["post-19292","post","type-post","status-publish","format-standard","hentry","category-aqui-laguna","wpcat-8-id"],"_links":{"self":[{"href":"https:\/\/www.aquilaguna.com\/index.php\/wp-json\/wp\/v2\/posts\/19292","targetHints":{"allow":["GET"]}}],"collection":[{"href":"https:\/\/www.aquilaguna.com\/index.php\/wp-json\/wp\/v2\/posts"}],"about":[{"href":"https:\/\/www.aquilaguna.com\/index.php\/wp-json\/wp\/v2\/types\/post"}],"author":[{"embeddable":true,"href":"https:\/\/www.aquilaguna.com\/index.php\/wp-json\/wp\/v2\/users\/2"}],"replies":[{"embeddable":true,"href":"https:\/\/www.aquilaguna.com\/index.php\/wp-json\/wp\/v2\/comments?post=19292"}],"version-history":[{"count":1,"href":"https:\/\/www.aquilaguna.com\/index.php\/wp-json\/wp\/v2\/posts\/19292\/revisions"}],"predecessor-version":[{"id":19293,"href":"https:\/\/www.aquilaguna.com\/index.php\/wp-json\/wp\/v2\/posts\/19292\/revisions\/19293"}],"wp:attachment":[{"href":"https:\/\/www.aquilaguna.com\/index.php\/wp-json\/wp\/v2\/media?parent=19292"}],"wp:term":[{"taxonomy":"category","embeddable":true,"href":"https:\/\/www.aquilaguna.com\/index.php\/wp-json\/wp\/v2\/categories?post=19292"},{"taxonomy":"post_tag","embeddable":true,"href":"https:\/\/www.aquilaguna.com\/index.php\/wp-json\/wp\/v2\/tags?post=19292"}],"curies":[{"name":"wp","href":"https:\/\/api.w.org\/{rel}","templated":true}]}}