{"id":19320,"date":"2024-02-09T20:20:23","date_gmt":"2024-02-10T02:20:23","guid":{"rendered":"https:\/\/www.aquilaguna.com\/?p=19320"},"modified":"2024-02-09T20:20:23","modified_gmt":"2024-02-10T02:20:23","slug":"roman-alberto-cepeda-gonzalez-preside-graduacion-de-elementos-que-se-integran-al-grupo-de-reaccion-torreon","status":"publish","type":"post","link":"https:\/\/www.aquilaguna.com\/index.php\/2024\/02\/09\/roman-alberto-cepeda-gonzalez-preside-graduacion-de-elementos-que-se-integran-al-grupo-de-reaccion-torreon\/","title":{"rendered":"Rom\u00e1n Alberto Cepeda Gonz\u00e1lez preside graduaci\u00f3n de elementos que se integran al Grupo de Reacci\u00f3n Torre\u00f3n."},"content":{"rendered":"\n<p>Torre\u00f3n, Coahuila. A 09 de febrero de 2024.<\/p>\n\n\n\n<p>El alcalde Rom\u00e1n Alberto Cepeda Gonz\u00e1lez presidi\u00f3 la ceremonia de graduaci\u00f3n<br>de 27 elementos de la Polic\u00eda Municipal, quienes concluyeron su formaci\u00f3n<br>especializada para incorporarse al Grupo de Reacci\u00f3n Torre\u00f3n, con el objetivo de<br>incrementar su estado de fuerza.<br>\u00a0<br>El Presidente Municipal dijo que mantener el orden y la paz social en Torre\u00f3n ha<br>sido una tarea que involucra a los diferentes \u00f3rdenes de Gobierno y a la sociedad<br>civil.<br>\u00a0<br>\u201cDesde aqu\u00ed mandamos un mensaje que s\u00ed se puede tener un municipio, una<br>regi\u00f3n y un estado seguros, lograrlo ha sido tarea de todos y ha sido una tarea<br>dif\u00edcil\u201d, coment\u00f3.<br>\u00a0<br>El edil felicit\u00f3 a los elementos graduados y extern\u00f3 el reconocimiento a sus<br>familias, y les expres\u00f3 el respaldo propio y de la Administraci\u00f3n Municipal.<br>\u00a0<br>\u201cSigamos trabajando con compromiso y lealtad por Torre\u00f3n, La Laguna y<br>Coahuila, sigamos demostr\u00e1ndole a M\u00e9xico que s\u00ed se puede tener elementos con<br>compromiso y con un profundo sentido de responsabilidad, que quieren a su<br>tierra\u201d, expres\u00f3.<br>\u00a0<br>Dijo que en materia de seguridad, Torre\u00f3n ha contado con el apoyo del<br>gobernador de Coahuila, Manolo Jim\u00e9nez Salinas, quien ha puesto ese tema<br>tambi\u00e9n como prioridad en el estado.<br>\u00a0<br>El alcalde Rom\u00e1n Alberto Cepeda Gonz\u00e1lez, acompa\u00f1ado de las autoridades<br>presentes, hizo entrega de los certificados correspondientes a los elementos que<br>concluyeron su formaci\u00f3n.<br>\u00a0<br>Federico Fern\u00e1ndez Monta\u00f1ez, secretario de Seguridad P\u00fablica del Estado,<br>reconoci\u00f3 el trabajo del alcalde Rom\u00e1n Alberto Cepeda Gonz\u00e1lez por colocar a<br>Torre\u00f3n como una de las ciudades m\u00e1s seguras del pa\u00eds.<br>\u00a0<br>Dijo que la seguridad p\u00fablica se construye con el compromiso de las autoridades<br>para salvaguardar a la ciudadan\u00eda, y reconoci\u00f3 el esfuerzo de los elementos<br>graduados.<br>\u00a0<\/p>\n\n\n\n<p>\u201cQue se grad\u00faen significa que aprobaron todos los controles de confianza y de<br>capacitaci\u00f3n, adem\u00e1s de que tienen una vocaci\u00f3n de servicio incalculable\u201d,<br>expres\u00f3.<br>&nbsp;<br>A nombre del gobernador Manolo Jim\u00e9nez Salinas, expres\u00f3 el respaldo de la<br>Secretar\u00eda de Seguridad P\u00fablica hacia los polic\u00edas de Torre\u00f3n para mantener a<br>Torre\u00f3n y a La Laguna con buenos \u00edndices de percepci\u00f3n y de incidencia.<br>&nbsp;<br>El comisario C\u00e9sar Antonio Perales Esparza, director de la Polic\u00eda Municipal, dijo<br>que son 27 elementos que concluyen su formaci\u00f3n en la segunda generaci\u00f3n del<br>Grupo de Reacci\u00f3n Torre\u00f3n.<br>&nbsp;<br>\u201cHoy concluyen exitosamente el proceso de especializaci\u00f3n como polic\u00edas de<br>reacci\u00f3n en nuestra academia\u201d, coment\u00f3.<br>&nbsp;<br>Dijo que la formaci\u00f3n para integrarse al grupo especializado implica alta exigencia<br>acad\u00e9mica.<br>&nbsp;<br>Finalmente, indic\u00f3 que el Grupo de Reacci\u00f3n Torre\u00f3n fue creado en la<br>Administraci\u00f3n del alcalde Rom\u00e1n Alberto Cepeda Gonz\u00e1lez, para prevenir los<br>delitos de alto impacto, as\u00ed como para mantener y salvaguardar la paz social.<br>&nbsp;<br>Acudieron al evento el general brigadier Diplomado Estado Mayor, H\u00e9ctor Jim\u00e9nez<br>B\u00e1ez, comandante del Mando Especial de La Laguna; inspector general, Jaime<br>Alvarado Res\u00e9ndiz, coordinador estatal de la Guardia Nacional en Coahuila;<br>Gerardo M\u00e1rquez Guevara, fiscal general del Estado; Mario Cepeda Villarreal,<br>representante de Eduardo Olmos Castro, secretario de Desarrollo Regional en La<br>Laguna; Ver\u00f3nica Mart\u00ednez Garc\u00eda, senadora de la Rep\u00fablica; Jos\u00e9 Antonio<br>Guti\u00e9rrez Jard\u00f3n, diputado federal; Felipe Eduardo Gonz\u00e1lez Miranda, regidor<br>presidente de la Comisi\u00f3n de Seguridad P\u00fablica en el Ayuntamiento de Torre\u00f3n y<br>Samir Alejandro Graham Reza, director del Grupo de Reacci\u00f3n Torre\u00f3n.<\/p>\n","protected":false},"excerpt":{"rendered":"<p>Torre\u00f3n, Coahuila. A 09 de febrero de 2024. El alcalde Rom\u00e1n Alberto Cepeda Gonz\u00e1lez presidi\u00f3 la ceremonia de graduaci\u00f3nde 27 elementos de la Polic\u00eda Municipal, quienes concluyeron su formaci\u00f3nespecializada para incorporarse al Grupo de Reacci\u00f3n Torre\u00f3n, con el objetivo deincrementar su estado de fuerza.\u00a0El Presidente Municipal dijo que mantener el orden y la paz social en Torre\u00f3n hasido una tarea que involucra a los diferentes \u00f3rdenes de Gobierno y a&#8230;<\/p>\n","protected":false},"author":1,"featured_media":19321,"comment_status":"closed","ping_status":"closed","sticky":false,"template":"","format":"standard","meta":{"footnotes":""},"categories":[5,28,7],"tags":[],"class_list":["post-19320","post","type-post","status-publish","format-standard","has-post-thumbnail","hentry","category-coahuila","category-la-laguna","category-torreon","wpcat-5-id","wpcat-28-id","wpcat-7-id"],"_links":{"self":[{"href":"https:\/\/www.aquilaguna.com\/index.php\/wp-json\/wp\/v2\/posts\/19320","targetHints":{"allow":["GET"]}}],"collection":[{"href":"https:\/\/www.aquilaguna.com\/index.php\/wp-json\/wp\/v2\/posts"}],"about":[{"href":"https:\/\/www.aquilaguna.com\/index.php\/wp-json\/wp\/v2\/types\/post"}],"author":[{"embeddable":true,"href":"https:\/\/www.aquilaguna.com\/index.php\/wp-json\/wp\/v2\/users\/1"}],"replies":[{"embeddable":true,"href":"https:\/\/www.aquilaguna.com\/index.php\/wp-json\/wp\/v2\/comments?post=19320"}],"version-history":[{"count":1,"href":"https:\/\/www.aquilaguna.com\/index.php\/wp-json\/wp\/v2\/posts\/19320\/revisions"}],"predecessor-version":[{"id":19322,"href":"https:\/\/www.aquilaguna.com\/index.php\/wp-json\/wp\/v2\/posts\/19320\/revisions\/19322"}],"wp:featuredmedia":[{"embeddable":true,"href":"https:\/\/www.aquilaguna.com\/index.php\/wp-json\/wp\/v2\/media\/19321"}],"wp:attachment":[{"href":"https:\/\/www.aquilaguna.com\/index.php\/wp-json\/wp\/v2\/media?parent=19320"}],"wp:term":[{"taxonomy":"category","embeddable":true,"href":"https:\/\/www.aquilaguna.com\/index.php\/wp-json\/wp\/v2\/categories?post=19320"},{"taxonomy":"post_tag","embeddable":true,"href":"https:\/\/www.aquilaguna.com\/index.php\/wp-json\/wp\/v2\/tags?post=19320"}],"curies":[{"name":"wp","href":"https:\/\/api.w.org\/{rel}","templated":true}]}}