{"id":19345,"date":"2024-02-11T18:39:10","date_gmt":"2024-02-12T00:39:10","guid":{"rendered":"https:\/\/www.aquilaguna.com\/?p=19345"},"modified":"2024-02-11T18:39:10","modified_gmt":"2024-02-12T00:39:10","slug":"aqui-laguna-292","status":"publish","type":"post","link":"https:\/\/www.aquilaguna.com\/index.php\/2024\/02\/11\/aqui-laguna-292\/","title":{"rendered":"Aqu\u00ed Laguna."},"content":{"rendered":"\n<p>\u00a1En marcha! Desde el pasado s\u00e1bado, luego de las 12:00, en Coahuila\u00a0 el Partido Revolucionario Institucional registr\u00f3\u00a0 en cada uno de\u00a0 sus municipios y ante\u00a0 su \u00f3rgano electoral interno, a los pre-candidatos que cuentan, de facto, con el benepl\u00e1cito\u00a0 de quien manda en Coahuila, el resto, que en algunos municipios ten\u00edan fijada solo una hora para hacerlo,\u00a0 quedan ya\u00a0 cual como elementos de\u00a0 la camada oficial \u00a0 que habr\u00e1 de unirse luego en proclamaci\u00f3n obvia que\u00a0 har\u00e1n posteriormente,\u00a0 los partidos que en esta elecci\u00f3n electoral, contender\u00e1n juntos al Partido de la Revoluci\u00f3n Democr\u00e1tica y la UDC en la elecci\u00f3n del pr\u00f3ximo 2 de junio del presente,\u00a0 am\u00e9n de\u00a0 la propuesta que en materia de elecci\u00f3n\u00a0 federal\u00a0 converger\u00e1n\u00a0 de manera diversa\u00a0 con el partido Acci\u00f3n Nacional, pues la\u00a0 alianza con \u00e9ste organismo pol\u00edtico, no logr\u00f3 deshacerse con la bober\u00eda, por no calificar de otra manera, de su dirigente Marko Cort\u00e9z,\u00a0 hecho que obliga, pero ya, la necesaria\u00a0 capacitaci\u00f3n \u00a0 entre militantes y\u00a0 simpatizantes,\u00a0 para que la confusi\u00f3n que esta galimat\u00eda puede provocar en el momento mismo de emitir el voto.<\/p>\n\n\n\n<p>Diremos que seg\u00fan se vi\u00f3, el pasado s\u00e1bado la sede\u00a0 del PRI en Torre\u00f3n,\u00a0 fue sede de una\u00a0 muy nutrida, c\u00e1lida y emotiva\u00a0 concentraci\u00f3n\u00a0 de sus militantes para presenciar\u00a0 el registro del Licenciado Rom\u00e1n Cepeda Gonz\u00e1lez, como aspirante a la candidatura para contender\u00a0 por segunda ocasi\u00f3n y al hilo, en su caso, por la reelecci\u00f3n en el cargo que ahora ocupa.<\/p>\n\n\n\n<p>El\u00a0 aspirante\u00a0 a remasterizar\u00a0 el\u00a0 crago\u00a0 que hoy ocupa\u00a0 como\u00a0 alcalde, llego triunfal,\u00a0 acompa\u00f1ado del Ingeniero Miguel Angel Riquelme Solis, por ahora tambi\u00e9n pre-candidato -a registrarse-, que junto con la saltillense B\u00e1rbara Cepeda Boeheringer como integrante de la f\u00f3rmula senatorial,\u00a0 cargo que debe se\u00f1alarse,\u00a0 ha estado en manos de la opci\u00f3n desde hace ya m\u00e1s de 30 a\u00f1os, cuando el ya\u00a0 fallecido Melchor\u00a0 de los Santos Ord\u00f3\u00f1ez lo conquistara.<\/p>\n\n\n\n<p>Reto\u00a0 interesante, pues el\u00a0 el hoy ex gobernador, que\u00a0 fue recibido con calidez por los concurrentes al evento sabatino, si bien \u00a0 al ex gobernante\u00a0 cuenta a su favor un gran capital pol\u00edtico generado a lo largo de su administraci\u00f3n y los saldos positivos que \u00e9sta deja, no ser\u00e1\u00a0 tampoco ajeno, a los pasivos reales o figurados que\u00a0 tambi\u00e9n ese ejercicio\u00a0 gener\u00f3\u00a0 a su paso por la administraci\u00f3n estatal a lo largo de los pasado seis a\u00f1os por sus adversarios, en especial los &#8220;internos&#8221;, por\u00a0 aquellos que\u00a0 habiendo crecido y \u00a0 cobijados\u00a0 \u00a0 por su\u00a0 sombra a su paso, primero\u00a0 por \u00a0 la presidencia municipal de\u00a0 Torre\u00f3n, y m\u00e1s tarde, algunos\u00a0 de los que terminaron\u00a0 unidos \u00a0 a su equipo en el\u00a0 ejercicio del poder\u00a0 estatal\u00a0 y que luego se saltaron, por angas o por mangas,\u00a0 de su\u00a0 establo para brincar al prado del Moreno vecino en busca de mejores\u00a0 destinos y que no son pocos.<\/p>\n\n\n\n<p>Adem\u00e1s, no pas\u00f3 desapercibido  ni opacado por\u00a0 lo emotivo\u00a0 del acto sabatino, result\u00f3 ser\u00a0 la ausencia f\u00edsica\u00a0 de\u00a0 otros dos torreonenses en tal escenario,\u00a0 y que en meses y semanas previas\u00a0 se hab\u00edan venido manifestando de \u00a0 la intenci\u00f3n de contender por \u00a0 el registro que ya\u00a0 tiene en manos Cepeda Gonz\u00e1lez, por segunda ocasi\u00f3n, es decir, del contador Xavier Herrera Arroyo, que si bien no lleg\u00f3 a registrar\u00a0 su aspiraci\u00f3n, de facto trastorn\u00f3\u00a0 el cuidadoso equilibrio pol\u00edtico tricolor en este municipio, al\u00a0 aparecer guiado por inc\u00f3gnita\u00a0 voluntad, haciendo &#8220;trabajo&#8221; sobre las siempre vol\u00e1tiles masas\u00a0 populares, susceptibles siempre tambi\u00e9n al toma y daca de\u00a0 apoyos materiales diversos, auxiliado, hay que decirlo, por &#8220;cuadros del tricolor&#8221; afincados\u00a0 en los sectores electorales en los que est\u00e1 dividida la zona urbana de \u00a0 Torre\u00f3n, y logrado dicen, adem\u00e1s\u00a0de la cooperaci\u00f3n monetaria de algunos\u00a0&#8220;empresarios&#8221; que\u00a0 \u00a0 ayudaron a\u00a0 financiar\u00a0 esta a aventura pol\u00edtica del que fuera Subsecretario de Egresos en la pasada administraci\u00f3n estatal, el otro\u00a0 notable &#8220;ausente&#8221; result\u00f3 ser el regidor con licencia del cabildo de Torre\u00f3n, el siempre ilusionado Enrique Sarmiento Alvarez, que \u00a0 anunci\u00f3\u00a0 su declinaci\u00f3n, a trav\u00e9s de su cuenta de facebook, ignor\u00e1ndose\u00a0 a\u00fan si solicitar\u00e1 su retorno a la silla que calienta en el cuerpo edilicio de este municipio.<\/p>\n\n\n\n<p>Ahora ya como pre-candidato, el alcalde de Torre\u00f3n deber\u00e1 duplicarse en las tareas que se le acumulan\u00a0 en cuanto a su ejercicio al frente de la administraci\u00f3n, que es por dem\u00e1s demandante, m\u00e1s las del orden electoral a iniciar ya el pr\u00f3ximo mes de marzo. En especial\u00a0 se deber\u00e1 estar m\u00e1s que atento a la &#8220;guerra \u00a0 de aire&#8221;\u00a0 que\u00a0 su campa\u00f1a y las del resto de los\u00a0 contendientes desaten en\u00a0 cada vez m\u00e1s prol\u00edficos Medios digitales en su mayor\u00eda, cual mosquitos molestando a un dinosaurio, m\u00e1s los que cuentan con presencia\u00a0 centenaria, con\u00a0 estructuras gigantes que sobreviven como gloriosas empresas\u00a0period\u00edsticas, televisivas y radiof\u00f3nicas\u00a0 similares, con dif\u00edcil sobrevivencia econ\u00f3mica, paliada apenas, con los famosos \u00a0 convenios\u00a0 operados cual \u00a0 s\u00edmil,\u00a0 de \u00a0 alguna\u00a0 hipot\u00e9tica Asociaci\u00f3n\u00a0 P\u00fablica Privada.<\/p>\n\n\n\n<p>Por cierto, Torre\u00f3n ha sido ya seleccionado como el punto de emisi\u00f3n, dicen de una poderosa cadena radiof\u00f3nica,\u00a0que busca ya los patrocinios correspondientes. Veremos y diremos.<\/p>\n\n\n\n<p>Las inc\u00f3gnitas referidas\u00a0 a las identidades\u00a0 de los candidatos tricolores\u00a0 en los municipios de Francisco I. Madero, San Pedro, Viesca y Matamoros, quedaron desveladas,\u00a0 correspondiendo a\u00a0 Patricia Quisti\u00e1n y\u00a0 a Bertha Huereca,\u00a0 las candidaturas a alcaldesas, en tanto que en Viesca, resulta repetidor el Lay\u00edn\u00a0 Silveti, en tanto que en Matamoros\u00a0 el\u00a0 &#8220;Charrito\u00a0 Chin-gao&#8221;, Miguel Angel Ram\u00edrez\u00a0 L\u00f3pez, le result\u00f3 solo &#8220;agua de borrajas&#8221;, la ilusi\u00f3n del notario p\u00fablico Erick Rodr\u00edguez Huitr\u00f3n de disputarla, am\u00e9n de que tambi\u00e9n qued\u00f3 en la raya\u00a0 la c\u00f3nyuge de\u00a0 Ra\u00fal -Porfirito-\u00a0Onofre.<\/p>\n\n\n\n<p>Y con los\u00a0 enfrente, es decir, con los Morenos se esperaba que\u00a0 desde anoche o ma\u00f1ana de lunes,\u00a0 se estuvieran publicando la lista de los ungidos, en el \u00e1mbito federal y sin duda, est\u00e1 m\u00e1s que pr\u00f3xima la definici\u00f3n de quienes ser\u00e1n sus candidatos \u00a0 en \u00a0 Coahuila, en cada uno de sus municipios, en tanto el nerviosismo de quienes en  \u00e9stas filas se sienten\u00a0 los ungidos, est\u00e1 al tope.<\/p>\n\n\n\n<p>Y en el PAN ,\u00a0 Delegados van, Delegados vienen, pero resulta que no solo no encuentran candidatos, sino tan s\u00f3lo militantes &#8220;activos&#8221; suficientes, toda vez que su padr\u00f3n\u00a0 al menos en Torre\u00f3n\u00a0 registra ca\u00edda libre.<\/p>\n\n\n\n<p>Y este inicio de semana, \u00a0 el nuevo Rector de la UAdeC, Octavio Pimentel Mart\u00ednez, prometi\u00f3 dar a conocer\u00a0 un nuevo bloque de\u00a0 designaciones\u00a0 a favor de quienes\u00a0 habr\u00e1n de conformar su equipo de trabajo y que seg\u00fan se ve, por sus inicios, estar\u00e1 renovando el stablismenth que la M\u00e1xima Casa de Estudios\u00a0 gener\u00f3 al menos en las dos \u00faltimas d\u00e9cadas. Vaya reto, esperando que tal objetivo se logre como elemental renuevo generacional, que vale,\u00a0 y no solo acabe siendo un singular gatopardismo que\u00a0 permita\u00a0 \u00a0 la permanencia, o el\u00a0 surgimiento y extensi\u00f3n de\u00a0 m\u00e1s\u00a0 cotos de poder que\u00a0 se advierten \u00a0 en algunas, cuando no en todas,\u00a0 las Unidades\u00a0 universitarias.<\/p>\n\n\n\n<p>Se conocer\u00e1 pues, en el nuevo reparto de posiciones, que al final eso resultan las nuevas designaciones, que le toca\u00a0 a cada cual. En el caso de la Unidad Torre\u00f3n, hay expectaci\u00f3n por confirmar o desechar la versi\u00f3n de que ser\u00e1 la directora de\u00a0 Derecho\u00a0 en la Unidad de\u00a0 Torre\u00f3n\u00a0 Adriana\u00a0 Centeno la nueva titular de Asuntos Acad\u00e9micos de UAdeC.<\/p>\n","protected":false},"excerpt":{"rendered":"<p>\u00a1En marcha! Desde el pasado s\u00e1bado, luego de las 12:00, en Coahuila\u00a0 el Partido Revolucionario Institucional registr\u00f3\u00a0 en cada uno de\u00a0 sus municipios y ante\u00a0 su \u00f3rgano electoral interno, a los pre-candidatos que cuentan, de facto, con el benepl\u00e1cito\u00a0 de quien manda en Coahuila, el resto, que en algunos municipios ten\u00edan fijada solo una hora para hacerlo,\u00a0 quedan ya\u00a0 cual como elementos de\u00a0 la camada oficial \u00a0 que habr\u00e1 de&#8230;<\/p>\n","protected":false},"author":2,"featured_media":0,"comment_status":"closed","ping_status":"","sticky":false,"template":"","format":"standard","meta":{"footnotes":""},"categories":[8],"tags":[],"class_list":["post-19345","post","type-post","status-publish","format-standard","hentry","category-aqui-laguna","wpcat-8-id"],"_links":{"self":[{"href":"https:\/\/www.aquilaguna.com\/index.php\/wp-json\/wp\/v2\/posts\/19345","targetHints":{"allow":["GET"]}}],"collection":[{"href":"https:\/\/www.aquilaguna.com\/index.php\/wp-json\/wp\/v2\/posts"}],"about":[{"href":"https:\/\/www.aquilaguna.com\/index.php\/wp-json\/wp\/v2\/types\/post"}],"author":[{"embeddable":true,"href":"https:\/\/www.aquilaguna.com\/index.php\/wp-json\/wp\/v2\/users\/2"}],"replies":[{"embeddable":true,"href":"https:\/\/www.aquilaguna.com\/index.php\/wp-json\/wp\/v2\/comments?post=19345"}],"version-history":[{"count":1,"href":"https:\/\/www.aquilaguna.com\/index.php\/wp-json\/wp\/v2\/posts\/19345\/revisions"}],"predecessor-version":[{"id":19346,"href":"https:\/\/www.aquilaguna.com\/index.php\/wp-json\/wp\/v2\/posts\/19345\/revisions\/19346"}],"wp:attachment":[{"href":"https:\/\/www.aquilaguna.com\/index.php\/wp-json\/wp\/v2\/media?parent=19345"}],"wp:term":[{"taxonomy":"category","embeddable":true,"href":"https:\/\/www.aquilaguna.com\/index.php\/wp-json\/wp\/v2\/categories?post=19345"},{"taxonomy":"post_tag","embeddable":true,"href":"https:\/\/www.aquilaguna.com\/index.php\/wp-json\/wp\/v2\/tags?post=19345"}],"curies":[{"name":"wp","href":"https:\/\/api.w.org\/{rel}","templated":true}]}}