{"id":19387,"date":"2024-02-13T20:32:13","date_gmt":"2024-02-14T02:32:13","guid":{"rendered":"https:\/\/www.aquilaguna.com\/?p=19387"},"modified":"2024-02-13T20:32:13","modified_gmt":"2024-02-14T02:32:13","slug":"dirigentes-nacionales-del-pan-traicionaron-a-sus-miembros-en-coahuila-asegura-manolo-jimenez","status":"publish","type":"post","link":"https:\/\/www.aquilaguna.com\/index.php\/2024\/02\/13\/dirigentes-nacionales-del-pan-traicionaron-a-sus-miembros-en-coahuila-asegura-manolo-jimenez\/","title":{"rendered":"Dirigentes nacionales del PAN traicionaron a sus miembros en Coahuila, asegura Manolo Jim\u00e9nez."},"content":{"rendered":"\n<p>Torre\u00f3n, Coahuila.-\u00a0 &#8220;Al panismo coahuilense, su dirigente nacional Marko Cort\u00e9s\u00a0 los traicion\u00f3 de una manera impresionante, de ah\u00ed que no resulte extra\u00f1o que el 95%\u00a0 de sus militantes\u00a0 en \u00e9sta entidad \u00a0 se encuentren \u00a0 molestos, enojados y\u00a0 sostengan\u00a0 una alianza de facto con \u00a0 algunos de los hoy pre-candidatos del PRI \u00a0 a diversas cargos de elecci\u00f3n popular\u00a0 en Saltillo y Monclova&#8221;.\u00a0<\/p>\n\n\n\n<p>\u00a0El\u00a0 Gobernador Manolo Jim\u00e9nez Salinas, hizo\u00a0 consideraciones al\u00a0 ser preguntada su opini\u00f3n,\u00a0 sobre que \u00a0 panistas est\u00e1n en\u00a0 franco apoyo a\u00a0 algunos precandidatos del PRI, una vez que la alianza electoral\u00a0 \u00a0 que sosten\u00edan\u00a0 de manera formal  con el PRI\u00a0 y el PRD  en Coahuila, qued\u00f3 colapsada.<\/p>\n\n\n\n<p>&#8220;Es que tenemos una buena\u00a0 relaci\u00f3n con la gran mayor\u00eda de quienes forman\u00a0 parte de Acci\u00f3n Nacional&#8221;, dijo el gobernante.\u00a0<\/p>\n\n\n\n<p>&#8220;Aqu\u00ed, en lo local hay una\u00a0 relaci\u00f3n cordial y buen trato,\u00a0 muchos de ellos, mejor dicho, la gran mayor\u00eda trae la intenci\u00f3n de\u00a0 seguir trabajando como aliados&#8221;.<\/p>\n\n\n\n<p>Realmente, dijo, &#8220;lo que les hizo su dirigencia nacional es reprobado por el 95%\u00a0 del panismo en Coahuila&#8221;.<\/p>\n\n\n\n<p>&#8220;Entonces ahora s\u00ed que es un tema natural, org\u00e1nico, lo que est\u00e1 pasando. Adem\u00e1s, considero que esta situaci\u00f3n se est\u00e1 dando en todos los municipios del Estado&#8221;.<\/p>\n\n\n\n<p>&#8220;Hay una de amistad, de colaboraci\u00f3n de que hicimos equipo y de que sigue habiendo un muy buen trato&#8221;.<\/p>\n\n\n\n<p>&#8220;Entonces a ellos, los traicion\u00f3 su dirigencia nacional de una manera impresionante y\u00a0 hay enojo y molestia&#8221;.<\/p>\n\n\n\n<p>&#8220;Saben que las mejores candidatos y\u00a0 candidatas en su gran mayor\u00eda son los que se\u00a0 registraron&#8221;.<\/p>\n\n\n\n<p>Reconoci\u00f3 que entre los\u00a0 panistas de Coahuila y su persona, &#8220;hay buena comunicaci\u00f3n, una relaci\u00f3n de respeto, y bueno, como yo les dije cuando Marko les da la espalda, los traiciona, ac\u00e1, abrimos la puerta y seguimos con la buena relaci\u00f3n y colaboraci\u00f3n&#8221;.<\/p>\n","protected":false},"excerpt":{"rendered":"<p>Torre\u00f3n, Coahuila.-\u00a0 &#8220;Al panismo coahuilense, su dirigente nacional Marko Cort\u00e9s\u00a0 los traicion\u00f3 de una manera impresionante, de ah\u00ed que no resulte extra\u00f1o que el 95%\u00a0 de sus militantes\u00a0 en \u00e9sta entidad \u00a0 se encuentren \u00a0 molestos, enojados y\u00a0 sostengan\u00a0 una alianza de facto con \u00a0 algunos de los hoy pre-candidatos del PRI \u00a0 a diversas cargos de elecci\u00f3n popular\u00a0 en Saltillo y Monclova&#8221;.\u00a0 \u00a0El\u00a0 Gobernador Manolo Jim\u00e9nez Salinas, hizo\u00a0 consideraciones&#8230;<\/p>\n","protected":false},"author":2,"featured_media":0,"comment_status":"closed","ping_status":"","sticky":false,"template":"","format":"standard","meta":{"footnotes":""},"categories":[5,15,17],"tags":[],"class_list":["post-19387","post","type-post","status-publish","format-standard","hentry","category-coahuila","category-gobierno-de-coahuila","category-pan","wpcat-5-id","wpcat-15-id","wpcat-17-id"],"_links":{"self":[{"href":"https:\/\/www.aquilaguna.com\/index.php\/wp-json\/wp\/v2\/posts\/19387","targetHints":{"allow":["GET"]}}],"collection":[{"href":"https:\/\/www.aquilaguna.com\/index.php\/wp-json\/wp\/v2\/posts"}],"about":[{"href":"https:\/\/www.aquilaguna.com\/index.php\/wp-json\/wp\/v2\/types\/post"}],"author":[{"embeddable":true,"href":"https:\/\/www.aquilaguna.com\/index.php\/wp-json\/wp\/v2\/users\/2"}],"replies":[{"embeddable":true,"href":"https:\/\/www.aquilaguna.com\/index.php\/wp-json\/wp\/v2\/comments?post=19387"}],"version-history":[{"count":1,"href":"https:\/\/www.aquilaguna.com\/index.php\/wp-json\/wp\/v2\/posts\/19387\/revisions"}],"predecessor-version":[{"id":19388,"href":"https:\/\/www.aquilaguna.com\/index.php\/wp-json\/wp\/v2\/posts\/19387\/revisions\/19388"}],"wp:attachment":[{"href":"https:\/\/www.aquilaguna.com\/index.php\/wp-json\/wp\/v2\/media?parent=19387"}],"wp:term":[{"taxonomy":"category","embeddable":true,"href":"https:\/\/www.aquilaguna.com\/index.php\/wp-json\/wp\/v2\/categories?post=19387"},{"taxonomy":"post_tag","embeddable":true,"href":"https:\/\/www.aquilaguna.com\/index.php\/wp-json\/wp\/v2\/tags?post=19387"}],"curies":[{"name":"wp","href":"https:\/\/api.w.org\/{rel}","templated":true}]}}