{"id":19401,"date":"2024-02-14T19:10:19","date_gmt":"2024-02-15T01:10:19","guid":{"rendered":"https:\/\/www.aquilaguna.com\/?p=19401"},"modified":"2024-02-14T19:10:20","modified_gmt":"2024-02-15T01:10:20","slug":"participa-facultad-de-ciencias-sociales-de-la-uadec-en-los-foros-para-la-construccion-de-la-agenda-universitaria","status":"publish","type":"post","link":"https:\/\/www.aquilaguna.com\/index.php\/2024\/02\/14\/participa-facultad-de-ciencias-sociales-de-la-uadec-en-los-foros-para-la-construccion-de-la-agenda-universitaria\/","title":{"rendered":"Participa Facultad de Ciencias Sociales de la UAdeC en los Foros para la Construcci\u00f3n de la Agenda Universitaria."},"content":{"rendered":"\n<p>SALTILLO, Coahuila. 14 de febrero de 2024. Al continuar con la recopilaci\u00f3n de<br>propuestas para la Construcci\u00f3n de la Agenda Universitaria de la Universidad<br>Aut\u00f3noma de Coahuila, en la Facultad de Ciencias Sociales Unidad Saltillo se<br>llev\u00f3 a cabo uno de los foros en el que participaron alumnos y docentes.<\/p>\n\n\n\n<p>La iniciativa tiene el objetivo de generar espacios de di\u00e1logo y consulta para<br>integrar las diversas perspectivas y necesidades de todas las unidades<br>acad\u00e9micas de la Universidad, y con ello conformar la integraci\u00f3n del Plan de<br>Trabajo de la UAdeC para el periodo 2024-2027.<\/p>\n\n\n\n<p>En la sesi\u00f3n se cont\u00f3 con la presencia del rector de la m\u00e1xima casa de estudios,<br>Octavio Pimentel Mart\u00ednez, el secretario general, V\u00edctor Manuel S\u00e1nchez Vald\u00e9s,<br>la encargada del despacho de la Coordinaci\u00f3n de Unidad Saltillo, Cinthia Galv\u00e1n<br>Esparza y el director de la Facultad de Ciencias Sociales, Jos\u00e9 Gustavo Gonz\u00e1lez<br>Flores.<\/p>\n\n\n\n<p>Durante el foro se abordaron diversos temas, los cuales se dividieron en las<br>siguientes mesas de trabajo: Calidad acad\u00e9mica, Formaci\u00f3n integral de las y los<br>universitarios, Infraestructura, Equipamiento, Finanzas, Procesos electorales, Arte<br>y cultura.<\/p>\n\n\n\n<p>Los alumnos y docentes tuvieron la oportunidad de compartir con el rector Octavio<br>Pimentel Mart\u00ednez sus inquietudes, y de darle a conocer las \u00e1reas de oportunidad<br>que consideran fundamentales para que la Universidad Aut\u00f3noma de Coahuila<br>contin\u00fae creciendo y desde luego con el seguimiento de las necesidades<br>puntuales que la comunidad de Ciencias Sociales le present\u00f3.<\/p>\n","protected":false},"excerpt":{"rendered":"<p>SALTILLO, Coahuila. 14 de febrero de 2024. Al continuar con la recopilaci\u00f3n depropuestas para la Construcci\u00f3n de la Agenda Universitaria de la UniversidadAut\u00f3noma de Coahuila, en la Facultad de Ciencias Sociales Unidad Saltillo sellev\u00f3 a cabo uno de los foros en el que participaron alumnos y docentes. La iniciativa tiene el objetivo de generar espacios de di\u00e1logo y consulta paraintegrar las diversas perspectivas y necesidades de todas las unidadesacad\u00e9micas de&#8230;<\/p>\n","protected":false},"author":1,"featured_media":19402,"comment_status":"closed","ping_status":"closed","sticky":false,"template":"","format":"standard","meta":{"footnotes":""},"categories":[5,28,7],"tags":[],"class_list":["post-19401","post","type-post","status-publish","format-standard","has-post-thumbnail","hentry","category-coahuila","category-la-laguna","category-torreon","wpcat-5-id","wpcat-28-id","wpcat-7-id"],"_links":{"self":[{"href":"https:\/\/www.aquilaguna.com\/index.php\/wp-json\/wp\/v2\/posts\/19401","targetHints":{"allow":["GET"]}}],"collection":[{"href":"https:\/\/www.aquilaguna.com\/index.php\/wp-json\/wp\/v2\/posts"}],"about":[{"href":"https:\/\/www.aquilaguna.com\/index.php\/wp-json\/wp\/v2\/types\/post"}],"author":[{"embeddable":true,"href":"https:\/\/www.aquilaguna.com\/index.php\/wp-json\/wp\/v2\/users\/1"}],"replies":[{"embeddable":true,"href":"https:\/\/www.aquilaguna.com\/index.php\/wp-json\/wp\/v2\/comments?post=19401"}],"version-history":[{"count":1,"href":"https:\/\/www.aquilaguna.com\/index.php\/wp-json\/wp\/v2\/posts\/19401\/revisions"}],"predecessor-version":[{"id":19403,"href":"https:\/\/www.aquilaguna.com\/index.php\/wp-json\/wp\/v2\/posts\/19401\/revisions\/19403"}],"wp:featuredmedia":[{"embeddable":true,"href":"https:\/\/www.aquilaguna.com\/index.php\/wp-json\/wp\/v2\/media\/19402"}],"wp:attachment":[{"href":"https:\/\/www.aquilaguna.com\/index.php\/wp-json\/wp\/v2\/media?parent=19401"}],"wp:term":[{"taxonomy":"category","embeddable":true,"href":"https:\/\/www.aquilaguna.com\/index.php\/wp-json\/wp\/v2\/categories?post=19401"},{"taxonomy":"post_tag","embeddable":true,"href":"https:\/\/www.aquilaguna.com\/index.php\/wp-json\/wp\/v2\/tags?post=19401"}],"curies":[{"name":"wp","href":"https:\/\/api.w.org\/{rel}","templated":true}]}}