{"id":19407,"date":"2024-02-14T19:19:28","date_gmt":"2024-02-15T01:19:28","guid":{"rendered":"https:\/\/www.aquilaguna.com\/?p=19407"},"modified":"2024-02-14T19:19:28","modified_gmt":"2024-02-15T01:19:28","slug":"avanzan-preinscripciones-para-secundaria-en-coahuila","status":"publish","type":"post","link":"https:\/\/www.aquilaguna.com\/index.php\/2024\/02\/14\/avanzan-preinscripciones-para-secundaria-en-coahuila\/","title":{"rendered":"AVANZAN PREINSCRIPCIONES PARA SECUNDARIA EN COAHUILA."},"content":{"rendered":"\n<p>Saltillo, Coahuila de Zaragoza, a 14 de febrero de 2024.-\u00a0\u00a0La Secretar\u00eda de Educaci\u00f3n en Coahuila inform\u00f3 que las pre inscripciones para el nivel Secundaria del ciclo escolar 2024-2025, avanzan con celeridad ante la\u00a0\u00a0participaci\u00f3n de los padres de familia.<\/p>\n\n\n\n<p>La dependencia estatal record\u00f3 que siguen abiertas y concluir\u00e1n el viernes 16 de febrero, mientras que para las de Primaria la fecha l\u00edmite es el d\u00eda 23.<\/p>\n\n\n\n<p>Por otra parte, indic\u00f3 que el pr\u00f3ximo lunes 19 inician para Preescolar, cuyo proceso terminar\u00e1 el 29 de febrero.<\/p>\n\n\n\n<p>Asimismo, la Secretar\u00eda de Educaci\u00f3n destac\u00f3 la respuesta de los padres de familia al llamado para atender las fechas establecidas para las preinscripciones en cada uno de los niveles de Educaci\u00f3n B\u00e1sica.<\/p>\n\n\n\n<p>Con el apoyo de docentes, directores, supervisores y jefes de sector, registraron a sus hijos e hijas siguiendo el protocolo se\u00f1alado con anterioridad.<\/p>\n\n\n\n<p>Ser\u00e1 el pr\u00f3ximo 27 de febrero cuando se realice la evaluaci\u00f3n de ingreso a Secundaria; se aplicar\u00e1 en el plantel donde actualmente cursan el sexto grado.<\/p>\n\n\n\n<p>Esta valoraci\u00f3n acad\u00e9mica se toma como uno de los criterios para la asignaci\u00f3n del plantel correspondiente; el resultado se dar\u00e1 a conocer el pr\u00f3ximo 5 de junio, agreg\u00f3 la dependencia estatal.<\/p>\n\n\n\n<p>Todo el tr\u00e1mite de preinscripci\u00f3n para Primaria y Preescolar se realiza por internet en la p\u00e1gina&nbsp;<a href=\"http:\/\/www.inscripciones.org\/\" target=\"_blank\" rel=\"noreferrer noopener\">www.inscripciones.org<\/a>,&nbsp;&nbsp;y en dispositivo m\u00f3vil por medio de la app Alumnos Coahuila.<\/p>\n\n\n\n<p>Quienes no cuenten con acceso a ese recurso pueden acudir a las sedes regionales de la Secretar\u00eda; en el caso de Saltillo, a la Direcci\u00f3n de inform\u00e1tica de la Secretar\u00eda.<\/p>\n\n\n\n<p>En el \u00e1rea rural los padres deber\u00e1n presentarse directamente al plantel donde los directivos realizar\u00e1n el tr\u00e1mite.<\/p>\n","protected":false},"excerpt":{"rendered":"<p>Saltillo, Coahuila de Zaragoza, a 14 de febrero de 2024.-\u00a0\u00a0La Secretar\u00eda de Educaci\u00f3n en Coahuila inform\u00f3 que las pre inscripciones para el nivel Secundaria del ciclo escolar 2024-2025, avanzan con celeridad ante la\u00a0\u00a0participaci\u00f3n de los padres de familia. La dependencia estatal record\u00f3 que siguen abiertas y concluir\u00e1n el viernes 16 de febrero, mientras que para las de Primaria la fecha l\u00edmite es el d\u00eda 23. Por otra parte, indic\u00f3 que&#8230;<\/p>\n","protected":false},"author":1,"featured_media":19408,"comment_status":"closed","ping_status":"closed","sticky":false,"template":"","format":"standard","meta":{"footnotes":""},"categories":[5,9,15],"tags":[],"class_list":["post-19407","post","type-post","status-publish","format-standard","has-post-thumbnail","hentry","category-coahuila","category-educacion","category-gobierno-de-coahuila","wpcat-5-id","wpcat-9-id","wpcat-15-id"],"_links":{"self":[{"href":"https:\/\/www.aquilaguna.com\/index.php\/wp-json\/wp\/v2\/posts\/19407","targetHints":{"allow":["GET"]}}],"collection":[{"href":"https:\/\/www.aquilaguna.com\/index.php\/wp-json\/wp\/v2\/posts"}],"about":[{"href":"https:\/\/www.aquilaguna.com\/index.php\/wp-json\/wp\/v2\/types\/post"}],"author":[{"embeddable":true,"href":"https:\/\/www.aquilaguna.com\/index.php\/wp-json\/wp\/v2\/users\/1"}],"replies":[{"embeddable":true,"href":"https:\/\/www.aquilaguna.com\/index.php\/wp-json\/wp\/v2\/comments?post=19407"}],"version-history":[{"count":1,"href":"https:\/\/www.aquilaguna.com\/index.php\/wp-json\/wp\/v2\/posts\/19407\/revisions"}],"predecessor-version":[{"id":19409,"href":"https:\/\/www.aquilaguna.com\/index.php\/wp-json\/wp\/v2\/posts\/19407\/revisions\/19409"}],"wp:featuredmedia":[{"embeddable":true,"href":"https:\/\/www.aquilaguna.com\/index.php\/wp-json\/wp\/v2\/media\/19408"}],"wp:attachment":[{"href":"https:\/\/www.aquilaguna.com\/index.php\/wp-json\/wp\/v2\/media?parent=19407"}],"wp:term":[{"taxonomy":"category","embeddable":true,"href":"https:\/\/www.aquilaguna.com\/index.php\/wp-json\/wp\/v2\/categories?post=19407"},{"taxonomy":"post_tag","embeddable":true,"href":"https:\/\/www.aquilaguna.com\/index.php\/wp-json\/wp\/v2\/tags?post=19407"}],"curies":[{"name":"wp","href":"https:\/\/api.w.org\/{rel}","templated":true}]}}