{"id":19442,"date":"2024-02-16T18:06:19","date_gmt":"2024-02-17T00:06:19","guid":{"rendered":"https:\/\/www.aquilaguna.com\/?p=19442"},"modified":"2024-02-16T18:06:20","modified_gmt":"2024-02-17T00:06:20","slug":"en-unidad-en-coahuila-cuidamos-y-fortalecemos-la-estabilidad-laboral-manolo","status":"publish","type":"post","link":"https:\/\/www.aquilaguna.com\/index.php\/2024\/02\/16\/en-unidad-en-coahuila-cuidamos-y-fortalecemos-la-estabilidad-laboral-manolo\/","title":{"rendered":"EN UNIDAD, EN COAHUILA CUIDAMOS Y FORTALECEMOS LA ESTABILIDAD LABORAL: MANOLO."},"content":{"rendered":"\n<p>\u00b7\u00a0\u00a0\u00a0\u00a0\u00a0\u00a0<strong><em>Junto a sindicatos de trabajadores, empresas, asociaciones civiles, instituciones educativas e instancias de los tres \u00f3rdenes de gobierno, se firma el Pacto Laboral Coahiila 2024<\/em><\/strong><\/p>\n\n\n\n<p>\u00b7&nbsp;&nbsp;&nbsp;&nbsp;&nbsp;&nbsp;<strong><em>Con este pacto se busca mayor formalidad que representa mejores salarios y&nbsp;&nbsp;mayores prestaciones que se reflejan en el bolsillo de nuestra gente: Manolo<\/em><\/strong><\/p>\n\n\n\n<p>Arteaga, Coahuila de Zaragoza; a 16 de febrero de 2024.- \u201cEstamos aqu\u00ed reunidos para cuidar y fortalecer la estabilidad laboral\u201d, mencion\u00f3 el gobernador Manolo Jim\u00e9nez Salinas al encabezar la firma del Pacto Laboral Coahuila 2024 \u201cNuevos Retos Laborales para un Coahuila Global\u201d, al que se sumaron sindicatos de trabajadores, empresas, asociaciones civiles, instituciones educativas e instancias de los tres \u00f3rdenes de gobierno.<\/p>\n\n\n\n<p>En Coahuila somos aliados de nuestros trabajadores, as\u00ed como con todo aquel que quiera invertir y emprender. Por ello firmamos el Pacto Coahuila 2024 con el que sumaremos esfuerzos entre todos para generar m\u00e1s y mejores empleos, estabilidad laboral e impulsar a\u00fan m\u00e1s nuestra competitividad, consolidando a Coahuila como la gran potencia nacional que somos. \u00a1En Coahuila somos la fuerza del trabajo y esp\u00edritu del progreso!&#8221;, destac\u00f3.<\/p>\n\n\n\n<p>Manolo Jim\u00e9nez expres\u00f3 que el Pacto Coahuila es una gran alianza que fomenta el di\u00e1logo en torno al crecimiento econ\u00f3mico con justicia social, la formaci\u00f3n de capital humano que responda a las necesidades del nearshoring, y el respeto a los derechos laborales.<\/p>\n\n\n\n<p>Agreg\u00f3 que en su plan de gobierno se tiene claro el compromiso de fortalecer la presencia de Coahuila ante M\u00e9xico y el mundo, pero que, para lograrlo, primero es necesario que todas las fuerzas productivas locales converjan en este gran di\u00e1logo por el bien de nuestro estado.<\/p>\n\n\n\n<p>\u201cA trav\u00e9s de la firma de este pacto vamos a continuar creando un c\u00edrculo virtuoso en el que a los empresarios se les otorgue la certeza jur\u00eddica sobre sus inversiones, y que nuestros trabajadores tengan estabilidad laboral y mejores condiciones de crecimiento\u201d, extern\u00f3.<\/p>\n\n\n\n<p>Se\u00f1al\u00f3, adem\u00e1s, que la herramienta m\u00e1s poderosa que se le puede dar a las familias para que puedan prosperar, es que tengan un buen empleo.<\/p>\n\n\n\n<p>Destac\u00f3 que hoy Coahuila es el estado con mayor formalidad laboral y que&nbsp;&nbsp;ese es el objetivo del Pacto Coahuila 2024, en el que todos los actores est\u00e9n&nbsp;&nbsp;involucrados en la creaci\u00f3n de m\u00e1s y mejores empleos, sumando esfuerzos para defender el presente y futuro de la gente.<\/p>\n\n\n\n<p>Enfatiz\u00f3 que lo que se hace desde el Gobierno del Estado, en equipo con las alcaldesas y alcaldes y con los otros poderes, es para mejorar la calidad de vida de nuestras familias, \u201cen Coahuila estamos bien coordinados para hacer que las cosas buenas sucedan\u201d.<\/p>\n\n\n\n<p>Reiter\u00f3 su compromiso de seguir robusteciendo el modelo de seguridad en Coahuila con m\u00e1s prevenci\u00f3n, proximidad, inteligencia y fuerza, y record\u00f3 que se est\u00e1n invirtiendo m\u00e1s de 700 millones de pesos en la construcci\u00f3n de cuarteles para la Polic\u00eda Estatal, patrullas y veh\u00edculos t\u00e1cticos, arcos de seguridad, fortalecimiento de las bases de seguridad del Ej\u00e9rcito Mexicano.<\/p>\n\n\n\n<p>Mencion\u00f3 que con el proyecto de Pro Coahuila se busca potencializar la presencia del Estado en M\u00e9xico y en el mundo, y que para eso se tendr\u00e1n oficinas de promoci\u00f3n en diferentes pa\u00edses.<\/p>\n\n\n\n<p>Agradeci\u00f3 a todos quienes firmaron este pacto por su generosidad y responsabilidad social con Coahuila y su gente, y les pidi\u00f3 que el punto de encuentro sea Coahuila.&nbsp;&nbsp;<\/p>\n\n\n\n<p>Nazira Zogbi Castro, secretaria del Trabajo, se\u00f1al\u00f3 que en Coahuila hay paz laboral gracias al entendimiento, el di\u00e1logo y los acuerdos, siempre en beneficio de los trabajadores y sus familias.<\/p>\n\n\n\n<p>\u201cEn Coahuila, el di\u00e1logo tripartito amplio cuenta con un espacio formal de entendimiento en el Consejo Tripartito para las Relaciones Laborales, que se encargar\u00e1 de manera permanente de la evaluaci\u00f3n y seguimiento de los compromisos que se adquieren hoy\u201d, indic\u00f3.<\/p>\n\n\n\n<p>Alicia del Valle Soto, directora ejecutiva del complejo General Motors de Ramos Arizpe, record\u00f3 que esta empresa ha estado presente en Coahuila por m\u00e1s de 42 a\u00f1os, y que han encontrado importantes ventajas en tener uno de los complejos m\u00e1s importantes de la corporaci\u00f3n en Coahuila, como gran cercan\u00eda con la frontera, la red de proveedores, el talento con que cuenta el estado, la estabilidad laboral, la formalidad del empleo, y la seguridad.<\/p>\n\n\n\n<p>Pedro Am\u00e9rico Furtado, representante para M\u00e9xico y Cuba de la Organizaci\u00f3n Internacional del Trabajo, reconoci\u00f3 que el Pacto Coahuila es \u00fanico a nivel nacional, y que podr\u00eda y deber\u00eda replicarse en otros estados para promover el trabajo, la paz laboral, el tripartismo, la libertad sindical y la negociaci\u00f3n colectiva.<\/p>\n\n\n\n<p>\u201cTrabajemos juntos y juntas para que este pacto sea s\u00f3lido y sostenible durante muchos a\u00f1os m\u00e1s\u201d, mencion\u00f3.<\/p>\n\n\n\n<p>Jos\u00e9 Eleazar Pi\u00f1a \u00c1lvarez, presidente de la CANADEVI Laguna destac\u00f3 que hoy Coahuila es un referente nacional en seguridad, lo que se logr\u00f3 con mucho trabajo en equipo, y pidi\u00f3 seguir en la misma ruta.<\/p>\n\n\n\n<p>\u201cLa seguridad es la condici\u00f3n que mas confianza genera para el sector empresarial local, nacional y global; junto con el estado de derecho y la estabilidad laboral\u201d, extern\u00f3.&nbsp;<\/p>\n\n\n\n<p>Por su parte, Tereso Medina Ram\u00edrez, secretario general de la CTM, coment\u00f3 que la estabilidad laboral es un factor de competitividad, y que en ese sentido, los trabajadores esperan el mundo de trabajo m\u00e1s justo, m\u00e1s igualitario y m\u00e1s equitativo.<\/p>\n\n\n\n<p>En este Pacto Laboral Coahuila 2024 acompa\u00f1aron al gobernador, Miguel Felipe Mery Ayup, magistrado presidente del Tribunal Superior de Justicia; Luz Elena Guadalupe Morales N\u00fa\u00f1ez, diputada presidenta de la Junta de Gobierno del Congreso de Coahuila; Ver\u00f3nica Mart\u00ednez Garc\u00eda, Senadora por Coahuila; Giovanni Lepri, representante de ACNUR en M\u00e9xico; \u00d3scar Pimentel Gonz\u00e1lez, secretario de Gobierno; Blas Jos\u00e9 Flores Gonz\u00e1lez, Jefe de Gabinete y Proyectos Estrat\u00e9gicos; Jos\u00e9 Mar\u00eda Fraustro Siller, Presidente Municipal de Saltillo; Ramiro Dur\u00e1n Garc\u00eda, Presidente Municipal de Arteaga; Rom\u00e1n Alberto C\u00e9peda Gonz\u00e1lez, Presidente Municipal de Torre\u00f3n; Jos\u00e9 Mar\u00eda Morales Padilla, Presidente Municipal de Ramos Arizpe; Jes\u00fas Octavio Pimentel Mart\u00ednez, Rector de la Universidad Aut\u00f3noma de Coahuila.<\/p>\n\n\n\n<p>As\u00ed como alcaldesas y alcaldes de Coahuila, l\u00edderes empresariales, rectores de universidades, representantes de c\u00e1maras industriales y de comercio, estudiantes y trabajadores, quienes forman parte de este Pacto Coahuila 2024.<\/p>\n","protected":false},"excerpt":{"rendered":"<p>\u00b7\u00a0\u00a0\u00a0\u00a0\u00a0\u00a0Junto a sindicatos de trabajadores, empresas, asociaciones civiles, instituciones educativas e instancias de los tres \u00f3rdenes de gobierno, se firma el Pacto Laboral Coahiila 2024 \u00b7&nbsp;&nbsp;&nbsp;&nbsp;&nbsp;&nbsp;Con este pacto se busca mayor formalidad que representa mejores salarios y&nbsp;&nbsp;mayores prestaciones que se reflejan en el bolsillo de nuestra gente: Manolo Arteaga, Coahuila de Zaragoza; a 16 de febrero de 2024.- \u201cEstamos aqu\u00ed reunidos para cuidar y fortalecer la estabilidad laboral\u201d, mencion\u00f3 el&#8230;<\/p>\n","protected":false},"author":1,"featured_media":19443,"comment_status":"closed","ping_status":"closed","sticky":false,"template":"","format":"standard","meta":{"footnotes":""},"categories":[5,43,15],"tags":[],"class_list":["post-19442","post","type-post","status-publish","format-standard","has-post-thumbnail","hentry","category-coahuila","category-empleo","category-gobierno-de-coahuila","wpcat-5-id","wpcat-43-id","wpcat-15-id"],"_links":{"self":[{"href":"https:\/\/www.aquilaguna.com\/index.php\/wp-json\/wp\/v2\/posts\/19442","targetHints":{"allow":["GET"]}}],"collection":[{"href":"https:\/\/www.aquilaguna.com\/index.php\/wp-json\/wp\/v2\/posts"}],"about":[{"href":"https:\/\/www.aquilaguna.com\/index.php\/wp-json\/wp\/v2\/types\/post"}],"author":[{"embeddable":true,"href":"https:\/\/www.aquilaguna.com\/index.php\/wp-json\/wp\/v2\/users\/1"}],"replies":[{"embeddable":true,"href":"https:\/\/www.aquilaguna.com\/index.php\/wp-json\/wp\/v2\/comments?post=19442"}],"version-history":[{"count":1,"href":"https:\/\/www.aquilaguna.com\/index.php\/wp-json\/wp\/v2\/posts\/19442\/revisions"}],"predecessor-version":[{"id":19444,"href":"https:\/\/www.aquilaguna.com\/index.php\/wp-json\/wp\/v2\/posts\/19442\/revisions\/19444"}],"wp:featuredmedia":[{"embeddable":true,"href":"https:\/\/www.aquilaguna.com\/index.php\/wp-json\/wp\/v2\/media\/19443"}],"wp:attachment":[{"href":"https:\/\/www.aquilaguna.com\/index.php\/wp-json\/wp\/v2\/media?parent=19442"}],"wp:term":[{"taxonomy":"category","embeddable":true,"href":"https:\/\/www.aquilaguna.com\/index.php\/wp-json\/wp\/v2\/categories?post=19442"},{"taxonomy":"post_tag","embeddable":true,"href":"https:\/\/www.aquilaguna.com\/index.php\/wp-json\/wp\/v2\/tags?post=19442"}],"curies":[{"name":"wp","href":"https:\/\/api.w.org\/{rel}","templated":true}]}}