{"id":19471,"date":"2024-02-19T20:05:22","date_gmt":"2024-02-20T02:05:22","guid":{"rendered":"https:\/\/www.aquilaguna.com\/?p=19471"},"modified":"2024-02-19T20:05:22","modified_gmt":"2024-02-20T02:05:22","slug":"detienen-a-elementos-de-policia-municipal-de-gomez-palacio-por-presunta-comision-de-homicidio","status":"publish","type":"post","link":"https:\/\/www.aquilaguna.com\/index.php\/2024\/02\/19\/detienen-a-elementos-de-policia-municipal-de-gomez-palacio-por-presunta-comision-de-homicidio\/","title":{"rendered":"Detienen a elementos de polic\u00eda municipal de G\u00f3mez Palacio por presunta comisi\u00f3n de homicidio."},"content":{"rendered":"\n<p>G\u00f3mez Palacio, Durango.- La Fiscal\u00eda General del Estado de Durango dio a conocer\u00a0 el pasado domingo de la detenci\u00f3n de tres elementos\u00a0 de la corporaci\u00f3n polic\u00edaca de este municipio,\u00a0 de los cuales solo proporcion\u00f3 sus nombres, no as\u00ed sus apellidos, por la presunta comisi\u00f3n de los delitos de homicidio, extorsi\u00f3n y robo agravado en perjuicio de dos personas.<\/p>\n\n\n\n<p>El comunicado \u00a0indica que la detenci\u00f3n se genera\u00a0 cuando los citados individuos, el pasado 4 de febrero del presente,\u00a0 que viajaban a bordo de una unidad\u00a0 con identificaci\u00f3n de la corporaci\u00f3n,\u00a0 detuvieron, a la altura del kil\u00f3metro 203, de la carretera federal 49\u00a0 en su tramo G\u00f3mez Palacio-El Vergel,\u00a0 sin mediar infracci\u00f3n alguna de por medio, a la camioneta Nissan, NIP-300 color blanco, con caja\u00a0 refrigerada\u00a0 y placas de Estado distinto con dos personas a bordo.<\/p>\n\n\n\n<p>Tras la detenci\u00f3n,\u00a0 hicieron bajar a las personas, de nombre\u00a0 Kevin\u00a0 Patr\u00f3n Hern\u00e1ndez, de 30 a\u00f1os de edad, con domicilio en la Delegaci\u00f3n\u00a0 Ixtapalapa y su compa\u00f1ero\u00a0 de nombre Tarek, del cual no se proporcionan apellidos y quien conduc\u00eda la unidad retenida.\u00a0\u00a0\u00a0<\/p>\n\n\n\n<p>Los\u00a0 elementos\u00a0 policiacos\u00a0 procedieron a colocar a\u00a0 sus  detenidos sobre la caja de la camioneta, los\u00a0 golpearon\u00a0 y despojaron de sus tel\u00e9fonos celulares y \u00a0 utilizando \u00a0 estos\u00a0 aparatos,\u00a0 se comunicaci\u00f3n con\u00a0 sus familiares, para exigir el dep\u00f3sito \u00a0 en una cuenta bancario por 50 mil pesos\u00a0 bajo la intimidaci\u00f3n de\u00a0 que los ten\u00edan retenidos por portar\u00a0 droga en su veh\u00edculo y\u00a0 no ponerlos a disposici\u00f3n de autoridad.<\/p>\n\n\n\n<p>Sin dar secuencia\u00a0 obligada, no se indica el destino que tuvieron estos hechos, la persona de nombre Tarek, as\u00ed\u00a0 en donde se registr\u00f3 la muerte del se\u00f1or\u00a0 Kevin Patr\u00f3n Hern\u00e1ndez, tras la agresi\u00f3n, pues solo se\u00a0 informa que Tarek muri\u00f3 debido a la golpiza recibida.<\/p>\n\n\n\n<p><strong>ALGO HUELE PODRIDO EN DINAMARCA.<\/strong><\/p>\n\n\n\n<p>Los hechos\u00a0 anteriores,\u00a0 una vez dados a conocer, cual mero control de da\u00f1os, hizo recordar entre los laguneros,\u00a0 los hechos suscitados el pasado 9 de febrero del presente a\u00f1o, cuando \u00a0 fuera detenido el titular de la corporaci\u00f3n, Iv\u00e1n Carlos\u00a0 Torres Ch\u00e1vez \u00a0 en el patio de\u00a0 la sede del\u00a0 Mando \u00danico en la Laguna, por elementos de la polic\u00eda estatal duranguense.<\/p>\n","protected":false},"excerpt":{"rendered":"<p>G\u00f3mez Palacio, Durango.- La Fiscal\u00eda General del Estado de Durango dio a conocer\u00a0 el pasado domingo de la detenci\u00f3n de tres elementos\u00a0 de la corporaci\u00f3n polic\u00edaca de este municipio,\u00a0 de los cuales solo proporcion\u00f3 sus nombres, no as\u00ed sus apellidos, por la presunta comisi\u00f3n de los delitos de homicidio, extorsi\u00f3n y robo agravado en perjuicio de dos personas. El comunicado \u00a0indica que la detenci\u00f3n se genera\u00a0 cuando los citados individuos,&#8230;<\/p>\n","protected":false},"author":2,"featured_media":0,"comment_status":"closed","ping_status":"","sticky":false,"template":"","format":"standard","meta":{"footnotes":""},"categories":[40,64,63,28,24],"tags":[],"class_list":["post-19471","post","type-post","status-publish","format-standard","hentry","category-durango","category-gobierno-de-durango","category-gomez-palacio","category-la-laguna","category-seguridad","wpcat-40-id","wpcat-64-id","wpcat-63-id","wpcat-28-id","wpcat-24-id"],"_links":{"self":[{"href":"https:\/\/www.aquilaguna.com\/index.php\/wp-json\/wp\/v2\/posts\/19471","targetHints":{"allow":["GET"]}}],"collection":[{"href":"https:\/\/www.aquilaguna.com\/index.php\/wp-json\/wp\/v2\/posts"}],"about":[{"href":"https:\/\/www.aquilaguna.com\/index.php\/wp-json\/wp\/v2\/types\/post"}],"author":[{"embeddable":true,"href":"https:\/\/www.aquilaguna.com\/index.php\/wp-json\/wp\/v2\/users\/2"}],"replies":[{"embeddable":true,"href":"https:\/\/www.aquilaguna.com\/index.php\/wp-json\/wp\/v2\/comments?post=19471"}],"version-history":[{"count":1,"href":"https:\/\/www.aquilaguna.com\/index.php\/wp-json\/wp\/v2\/posts\/19471\/revisions"}],"predecessor-version":[{"id":19472,"href":"https:\/\/www.aquilaguna.com\/index.php\/wp-json\/wp\/v2\/posts\/19471\/revisions\/19472"}],"wp:attachment":[{"href":"https:\/\/www.aquilaguna.com\/index.php\/wp-json\/wp\/v2\/media?parent=19471"}],"wp:term":[{"taxonomy":"category","embeddable":true,"href":"https:\/\/www.aquilaguna.com\/index.php\/wp-json\/wp\/v2\/categories?post=19471"},{"taxonomy":"post_tag","embeddable":true,"href":"https:\/\/www.aquilaguna.com\/index.php\/wp-json\/wp\/v2\/tags?post=19471"}],"curies":[{"name":"wp","href":"https:\/\/api.w.org\/{rel}","templated":true}]}}