{"id":19501,"date":"2024-02-21T18:54:01","date_gmt":"2024-02-22T00:54:01","guid":{"rendered":"https:\/\/www.aquilaguna.com\/?p=19501"},"modified":"2024-02-21T18:54:01","modified_gmt":"2024-02-22T00:54:01","slug":"presentaran-programa-integral-de-servicios-de-salud-en-coahuila","status":"publish","type":"post","link":"https:\/\/www.aquilaguna.com\/index.php\/2024\/02\/21\/presentaran-programa-integral-de-servicios-de-salud-en-coahuila\/","title":{"rendered":"Presentar\u00e1n programa integral de servicios de salud en Coahuila."},"content":{"rendered":"\n<p>Torre\u00f3n, Coahuila.-\u00a0 El Gobernador Manolo Jim\u00e9nez\u00a0 Salinas\u00a0 anticipa\u00a0 que su gobierno, estar\u00e1 presentando la pr\u00f3xima semana,\u00a0 un programa integral \u00a0 de cobertura\u00a0 de\u00a0 los servicios de salud\u00a0 con destino a la poblaci\u00f3n vulnerable y que carezca de \u00a0 cobertura\u00a0 institucional alguna\u00a0 de seguridad social. Lo anterior fue dado a conocer por el mandatario \u00a0 durante su intervenci\u00f3n en el acto en el que esta ma\u00f1ana se puso en marcha un Programa de\u00a0 pavimentaci\u00f3n y recarpeteo\u00a0 en colonias y ejidos del municipio de Torre\u00f3n y que involucra una inversi\u00f3n \u00a0 por \u00a0 100 millones de pesos.<\/p>\n\n\n\n<p>Dijo\u00a0 m\u00e1s delante que, &#8220;si bien traemos un proyecto con Zoe Robledo del IMSS, para mejorar\u00a0 al Seguro Social, para fortalecerlo, porque si lo fortalecemos\u00a0 terminamos con las broncas de salud,\u00a0 porque\u00a0 el 85%\u00a0 de las familias\u00a0 de Coahuila. Su seguridad social, depende del IMSS&#8221;.<\/p>\n\n\n\n<p><strong>PROGRAMA DE SALUD POPULAR.<\/strong><\/p>\n\n\n\n<p>Y anticip\u00f3, &#8220;viene\u00a0 otro programa muy importante que detonaremos la pr\u00f3xima semana, en el municipio de Jim\u00e9nez Coahuila, all\u00e1 en el norte, ah\u00ed vamos a detonar el gran programa de salud popular para apoyar a nuestra gente m\u00e1s vulnerable, a nuestra gente m\u00e1s pobre que necesita de una mejor salud al alcance de su colonia, de su comunidad, de su ejido&#8221;.<\/p>\n\n\n\n<p>&#8220;Con este proyecto de Salud Popular vamos a rehabilitar y poner al puro centavo, los 103 Centros de Salud en todo Coahuila,\u00a0 en todos sus rincones&#8221;.<\/p>\n\n\n\n<p>&#8220;Los Centros de Salud \u00a0 los vamos a dejar bien equipados. Van a tener su m\u00e9dico general,\u00a0 su enfermera. Vamos a conectar estos 103 Centros de Salud al a un gran proyecto de Telemedicina&#8221;.<\/p>\n\n\n\n<p>Explic\u00f3 que, &#8220;all\u00e1 en la regi\u00f3n sureste estamos habilitando todo un piso en un edificio con m\u00e9dicos especialistas, conectados al zoom, a las computadoras, al internet para que estos m\u00e9dicos\u00a0 den consultas\u00a0 v\u00eda zoom o los m\u00e9dicos generales de los 103 \u00a0 centros de salud&#8221;.<\/p>\n\n\n\n<p>As\u00ed, expres\u00f3 el gobernante, &#8220;la\u00a0 gente de los ejidos y las colonias van a tener\u00a0 cerca de sus casas, la posibilidad de tener consulta con m\u00e9dicos especialistas&#8221;.<\/p>\n\n\n\n<p><strong>TARJETA DE SALUD POPULAR.\u00a0<\/strong><\/p>\n\n\n\n<p>&#8220;Esto ayuda que nuestra gente gaste menos tiempo, y se pueda atender de manera r\u00e1pida y oportunamente, pero adem\u00e1s\u00a0 a nuestros adultos mayores y a nuestra gente con discapacidad que no tenga\u00a0 seguridad social, le vamos a entregar su Tarjeta de la Salud Popular&#8221;.<\/p>\n\n\n\n<p>&#8220;Con esta tarjeta,\u00a0 les vamos a entregar\u00a0 consultas estudios, y\u00a0 an\u00e1lisis\u00a0 completamente\u00a0 gratuitos, a partir de la pr\u00f3xima semana&#8221;.<\/p>\n\n\n\n<p><strong>AGUA.<\/strong><\/p>\n\n\n\n<p>De\u00a0 igual manera, afirm\u00f3, &#8220;le\u00a0 vamos a meterle fuerte \u00a0 al tema\u00a0 del agua en el del Estado. Ya nos pusimos de acuerdo con Rom\u00e1n y se destinar\u00e1n 80 millones\u00a0 de pesos para\u00a0 4\u00a0 nuevos pozos\u00a0 de abasto\u00a0 conectados al SIMAS Torre\u00f3n y al SIMAS Rural&#8221;.\u00a0\u00a0\u00a0\u00a0\u00a0<\/p>\n\n\n\n<p><strong>CONVENIO IMSS BIENESTAR.<\/strong><\/p>\n\n\n\n<p>M\u00e1s adelante en su encuentro\u00a0 informal con los Medios,\u00a0 fue preguntado si\u00a0 Coahuila estar\u00e1 firmando convenio alguno con el IMSS Bienestar, y\u00a0 expres\u00f3 que, &#8220;no, todav\u00eda no, pues quiero ver como est\u00e1 funcionando en otras entidades&#8221;.\u00a0<\/p>\n\n\n\n<p>&#8220;Quiero ver d\u00f3nde estamos parados, quiero ver qu\u00e9 necesidades hay, si con lo que vamos a hacer se pueda mejorar suficientemente, o\u00a0vamos a ver qu\u00e9 sucede&#8221;.<\/p>\n\n\n\n<p>Preguntado\u00a0 manifest\u00f3 que, &#8220;en el tema de salud,\u00a0 su gobierno realiza esfuerzos importantes. Solo a 14 Hospitales generales\u00a0 le vamos a meter 115 millones de pesos, para su infraestructura primaria, que est\u00e9n presentables&#8221;, agregando que, &#8220;le vamos a meter a la rehabilitaci\u00f3n de los equipos&#8221;.<\/p>\n\n\n\n<p>Afirm\u00f3, \u00a0&#8220;si\u00a0 tal inversi\u00f3n compensa de manera proporcional\u00a0 el rezago que en materia de conservaci\u00f3n de esa infraestructura,\u00a0 que a cada administraci\u00f3n le toca enfrentar diversas necesidades, pero es una din\u00e1mica natural de los gobiernos&#8221;.<\/p>\n\n\n\n<p>Record\u00f3 que, &#8220;cuando yo llegue a\u00a0 la presidencia municipal de Saltillo, hab\u00edan retos y unas demandas que atender, y cuando sal\u00ed pues hab\u00eda otras diferentes que ya no me toc\u00f3 a mi atender. As\u00ed es la din\u00e1mica del gobierno&#8221;.\u00a0<\/p>\n","protected":false},"excerpt":{"rendered":"<p>Torre\u00f3n, Coahuila.-\u00a0 El Gobernador Manolo Jim\u00e9nez\u00a0 Salinas\u00a0 anticipa\u00a0 que su gobierno, estar\u00e1 presentando la pr\u00f3xima semana,\u00a0 un programa integral \u00a0 de cobertura\u00a0 de\u00a0 los servicios de salud\u00a0 con destino a la poblaci\u00f3n vulnerable y que carezca de \u00a0 cobertura\u00a0 institucional alguna\u00a0 de seguridad social. Lo anterior fue dado a conocer por el mandatario \u00a0 durante su intervenci\u00f3n en el acto en el que esta ma\u00f1ana se puso en marcha un&#8230;<\/p>\n","protected":false},"author":2,"featured_media":0,"comment_status":"closed","ping_status":"","sticky":false,"template":"","format":"standard","meta":{"footnotes":""},"categories":[5,15,14],"tags":[],"class_list":["post-19501","post","type-post","status-publish","format-standard","hentry","category-coahuila","category-gobierno-de-coahuila","category-salud","wpcat-5-id","wpcat-15-id","wpcat-14-id"],"_links":{"self":[{"href":"https:\/\/www.aquilaguna.com\/index.php\/wp-json\/wp\/v2\/posts\/19501","targetHints":{"allow":["GET"]}}],"collection":[{"href":"https:\/\/www.aquilaguna.com\/index.php\/wp-json\/wp\/v2\/posts"}],"about":[{"href":"https:\/\/www.aquilaguna.com\/index.php\/wp-json\/wp\/v2\/types\/post"}],"author":[{"embeddable":true,"href":"https:\/\/www.aquilaguna.com\/index.php\/wp-json\/wp\/v2\/users\/2"}],"replies":[{"embeddable":true,"href":"https:\/\/www.aquilaguna.com\/index.php\/wp-json\/wp\/v2\/comments?post=19501"}],"version-history":[{"count":1,"href":"https:\/\/www.aquilaguna.com\/index.php\/wp-json\/wp\/v2\/posts\/19501\/revisions"}],"predecessor-version":[{"id":19502,"href":"https:\/\/www.aquilaguna.com\/index.php\/wp-json\/wp\/v2\/posts\/19501\/revisions\/19502"}],"wp:attachment":[{"href":"https:\/\/www.aquilaguna.com\/index.php\/wp-json\/wp\/v2\/media?parent=19501"}],"wp:term":[{"taxonomy":"category","embeddable":true,"href":"https:\/\/www.aquilaguna.com\/index.php\/wp-json\/wp\/v2\/categories?post=19501"},{"taxonomy":"post_tag","embeddable":true,"href":"https:\/\/www.aquilaguna.com\/index.php\/wp-json\/wp\/v2\/tags?post=19501"}],"curies":[{"name":"wp","href":"https:\/\/api.w.org\/{rel}","templated":true}]}}