{"id":19514,"date":"2024-02-22T19:26:21","date_gmt":"2024-02-23T01:26:21","guid":{"rendered":"https:\/\/www.aquilaguna.com\/?p=19514"},"modified":"2024-02-22T19:26:21","modified_gmt":"2024-02-23T01:26:21","slug":"roman-alberto-cepeda-gonzalez-lleva-brigada-de-servicios-a-la-ciudad-industrial-de-torreon","status":"publish","type":"post","link":"https:\/\/www.aquilaguna.com\/index.php\/2024\/02\/22\/roman-alberto-cepeda-gonzalez-lleva-brigada-de-servicios-a-la-ciudad-industrial-de-torreon\/","title":{"rendered":"Rom\u00e1n Alberto Cepeda Gonz\u00e1lez lleva brigada de servicios a la Ciudad Industrial de Torre\u00f3n."},"content":{"rendered":"\n<p>Torre\u00f3n, Coahuila. A 22 de febrero 2024.<\/p>\n\n\n\n<p>\u00a0Por segunda ocasi\u00f3n, el alcalde Rom\u00e1n Alberto Cepeda Gonz\u00e1lez, llev\u00f3 la brigada<br>\u201cTorre\u00f3n, Siempre Contigo\u201d a la Ciudad Industrial de Torre\u00f3n en beneficio de<br>alrededor de 500 trabajadores, quienes pudieron acceder a diversos tr\u00e1mites y<br>servicios de manera directa.<br>\u00a0<br>El Presidente Municipal dijo que el objetivo es dar cobertura a todos los sectores<br>del municipio.<br>\u00a0<br>\u201cNo importa donde estemos, todos somos Torre\u00f3n, estamos construyendo la<br>ciudad que todos queremos, y vamos a seguir trabajando por la gente de nuestra<br>ciudad\u201d, expres\u00f3.<br>\u00a0<br>Rom\u00e1n Alberto Cepeda Gonz\u00e1lez dijo que son importantes los servicios de salud<br>que se ofrecen durante la brigada e invit\u00f3 a los trabajadores a hacer uso de ellos.<br>\u00a0<br>\u201cTener una fuerza laboral sana nos ayuda a tener un Torre\u00f3n competitivo, nos<br>interesa que est\u00e9n bien, que se puedan checar\u201d, coment\u00f3 el edil.<br>\u00a0<br>La se\u00f1ora Selina Bremer de Cepeda, presidenta honoraria del Sistema para el<br>Desarrollo Integral de la Familia (DIF) Torre\u00f3n, dijo que la brigada benefici\u00f3 a<br>trabajadores de doce empresas de la Ciudad Industrial de Torre\u00f3n.<br>\u00a0<br>\u201cEstaremos viniendo continuamente para cubrir las necesidades de todos los<br>trabajadores, y que puedan acceder a los servicios que en ocasiones por falta de<br>tiempo les resulta complicado\u201d, coment\u00f3.<br>\u00a0<br>Santiago Vera Gonz\u00e1lez, presidente de la Ciudad Industrial Torre\u00f3n, agradeci\u00f3 por<br>los beneficios que llev\u00f3 la brigada a los trabajadores del complejo.<br>\u00a0<br>\u201cJunto con el municipio estamos haciendo muchas cosas por Torre\u00f3n, y este es un<br>beneficio para ustedes, que puedan tener el tiempo de hacer los tr\u00e1mites que<br>tengan pendientes o las revisiones de salud que necesiten\u201d, expres\u00f3.<br>\u00a0<br>En el evento el alcalde Rom\u00e1n Alberto Cepeda Gonz\u00e1lez hizo entrega de apoyos<br>para la movilidad y alimenticios.<br>\u00a0<\/p>\n\n\n\n<p>En lo que va de la actual Administraci\u00f3n Municipal, el Sistema Integral de<br>Mantenimiento Vial ha reparado en el lugar dos mil 758 metros cuadrados de<br>carpeta asf\u00e1ltica a base de bacheo.<br>&nbsp;<br>Adem\u00e1s de la rehabilitaci\u00f3n de dos mil 258 metros cuadrados de pavimento a<br>base de aplicaci\u00f3n de micro carpeta.<br>&nbsp;<br>Por su parte la Direcci\u00f3n de Servicios P\u00fablicos realiz\u00f3 el desmalezado y limpieza<br>en calles como la Joaqu\u00edn Serrano, Antonio Due\u00f1ez Orozco, Alonso G\u00f3mez<br>Torres y Domingo Valdez Llano.<br>&nbsp;<br>Acudieron a la brigada Mario Cepeda Villarreal, en representaci\u00f3n de Eduardo<br>Olmos Castro, secretario de Desarrollo Regional de La Laguna; Elba Leticia de<br>Alba Galarza, regidora presidenta de la Comisi\u00f3n del DIF en el Ayuntamiento de<br>Torre\u00f3n; Marlene Mart\u00ednez Vald\u00e9s, directora general del DIF Torre\u00f3n; Luis Jorge<br>Cuerda Serna, primer regidor.<\/p>\n","protected":false},"excerpt":{"rendered":"<p>Torre\u00f3n, Coahuila. A 22 de febrero 2024. \u00a0Por segunda ocasi\u00f3n, el alcalde Rom\u00e1n Alberto Cepeda Gonz\u00e1lez, llev\u00f3 la brigada\u201cTorre\u00f3n, Siempre Contigo\u201d a la Ciudad Industrial de Torre\u00f3n en beneficio dealrededor de 500 trabajadores, quienes pudieron acceder a diversos tr\u00e1mites yservicios de manera directa.\u00a0El Presidente Municipal dijo que el objetivo es dar cobertura a todos los sectoresdel municipio.\u00a0\u201cNo importa donde estemos, todos somos Torre\u00f3n, estamos construyendo laciudad que todos queremos, y&#8230;<\/p>\n","protected":false},"author":1,"featured_media":19515,"comment_status":"closed","ping_status":"closed","sticky":false,"template":"","format":"standard","meta":{"footnotes":""},"categories":[5,28,7],"tags":[],"class_list":["post-19514","post","type-post","status-publish","format-standard","has-post-thumbnail","hentry","category-coahuila","category-la-laguna","category-torreon","wpcat-5-id","wpcat-28-id","wpcat-7-id"],"_links":{"self":[{"href":"https:\/\/www.aquilaguna.com\/index.php\/wp-json\/wp\/v2\/posts\/19514","targetHints":{"allow":["GET"]}}],"collection":[{"href":"https:\/\/www.aquilaguna.com\/index.php\/wp-json\/wp\/v2\/posts"}],"about":[{"href":"https:\/\/www.aquilaguna.com\/index.php\/wp-json\/wp\/v2\/types\/post"}],"author":[{"embeddable":true,"href":"https:\/\/www.aquilaguna.com\/index.php\/wp-json\/wp\/v2\/users\/1"}],"replies":[{"embeddable":true,"href":"https:\/\/www.aquilaguna.com\/index.php\/wp-json\/wp\/v2\/comments?post=19514"}],"version-history":[{"count":1,"href":"https:\/\/www.aquilaguna.com\/index.php\/wp-json\/wp\/v2\/posts\/19514\/revisions"}],"predecessor-version":[{"id":19516,"href":"https:\/\/www.aquilaguna.com\/index.php\/wp-json\/wp\/v2\/posts\/19514\/revisions\/19516"}],"wp:featuredmedia":[{"embeddable":true,"href":"https:\/\/www.aquilaguna.com\/index.php\/wp-json\/wp\/v2\/media\/19515"}],"wp:attachment":[{"href":"https:\/\/www.aquilaguna.com\/index.php\/wp-json\/wp\/v2\/media?parent=19514"}],"wp:term":[{"taxonomy":"category","embeddable":true,"href":"https:\/\/www.aquilaguna.com\/index.php\/wp-json\/wp\/v2\/categories?post=19514"},{"taxonomy":"post_tag","embeddable":true,"href":"https:\/\/www.aquilaguna.com\/index.php\/wp-json\/wp\/v2\/tags?post=19514"}],"curies":[{"name":"wp","href":"https:\/\/api.w.org\/{rel}","templated":true}]}}