{"id":19529,"date":"2024-02-23T18:28:20","date_gmt":"2024-02-24T00:28:20","guid":{"rendered":"https:\/\/www.aquilaguna.com\/?p=19529"},"modified":"2024-02-23T18:28:21","modified_gmt":"2024-02-24T00:28:21","slug":"presenta-coordinadora-de-la-uadec-unidad-torreon-su-primer-informe-de-actividades-de-su-segundo-periodo-de-gestion","status":"publish","type":"post","link":"https:\/\/www.aquilaguna.com\/index.php\/2024\/02\/23\/presenta-coordinadora-de-la-uadec-unidad-torreon-su-primer-informe-de-actividades-de-su-segundo-periodo-de-gestion\/","title":{"rendered":"Presenta Coordinadora de la UAdeC Unidad Torre\u00f3n su Primer Informe de Actividades de su Segundo Periodo de Gesti\u00f3n."},"content":{"rendered":"\n<p>TORRE\u00d3N, Coahuila. 23 de febrero de 2024. Ante el Consejo Universitario<br>funcionando por Unidad, y en atenci\u00f3n al principio de transparencia y rendici\u00f3n de<br>cuentas en la Universidad Aut\u00f3noma de Coahuila, la coordinadora de Unidad<br>Torre\u00f3n, Dra. Sandra L\u00f3pez Chavarr\u00eda, present\u00f3 este viernes su primer informe de<br>actividades correspondiente a su segundo periodo de gesti\u00f3n.<\/p>\n\n\n\n<p>A la sesi\u00f3n efectuada en la Gran Sala del Centro Cultural Universitario \u201cBraulio<br>Fern\u00e1ndez Aguirre\u201d, asisti\u00f3 el rector de la m\u00e1xima casa de estudios, Octavio<br>Pimentel Mart\u00ednez y el secretario general de la Coordinaci\u00f3n de Unidad Torre\u00f3n,<br>Israel Hern\u00e1ndez Castillo, as\u00ed como, ex coordinadores de esa Unidad,<br>representantes del gobierno municipal y estatal y del sector empresarial, docentes<br>y alumnos.<\/p>\n\n\n\n<p>En su mensaje, el Rector reconoci\u00f3 la labor que ha venido realizando la<br>coordinadora Sandra L\u00f3pez Chavarr\u00eda, pues afirm\u00f3 que ha contribuido a impulsar<br>el di\u00e1logo entre los universitarios y a hacer un gran equipo entre todos los que<br>conforman la instituci\u00f3n, por ello, exhort\u00f3 a alumnos, docentes y personal a unirse<br>a este trabajo para que en conjunto se logre que la Universidad contin\u00fae<br>creciendo.<\/p>\n\n\n\n<p>Por otro lado, se\u00f1al\u00f3 que su administraci\u00f3n trabajar\u00e1 para erradicar la violencia de<br>g\u00e9nero en todos los espacios de la Universidad, as\u00ed como, apostar por la<br>competitividad para generar certidumbre al interior y al exterior, demostrando que<br>la UAdeC es una instituci\u00f3n fuerte.<\/p>\n\n\n\n<p>Durante su intervenci\u00f3n, la Dra. Sandra L\u00f3pez Chavarr\u00eda, comparti\u00f3 que en la<br>Unidad Torre\u00f3n se ha tenido la apertura de licenciaturas y posgrados, tales como<br>la Licenciatura en Criminolog\u00eda, Licenciatura en Nutrici\u00f3n y el Doctorado en<br>Ingenier\u00eda Bioqu\u00edmica e inform\u00f3 que se cuenta con 14 nuevos est\u00e1ndares de<br>competencia, generando 220 evaluaciones de procesos y se han impartido cursos<br>de alineaci\u00f3n y capacitaci\u00f3n en las tres unidades.<\/p>\n\n\n\n<p>Se\u00f1al\u00f3 que en 2023 se tuvieron 2 mil 221 nuevos ingresos lo que conform\u00f3 un<br>total de m\u00e1s de 14 mil alumnos atendidos en 17 Escuelas y Facultades, as\u00ed como,<br>en tres bachilleratos al que se le suma ahora el Instituto \u201cManuel Mu\u00f1oz Olivares\u201d,<br>ubicado en Matamoros, Coahuila, respondiendo con ello a las necesidades de la<br>comunidad, y que junto con la creaci\u00f3n del nuevo Centro de Investigaci\u00f3n para el<br>Desarrollo Sostenible e Innovaci\u00f3n Empresarial, se demuestra que la Unidad<br>Torre\u00f3n crece y apuesta por la educaci\u00f3n de calidad y la creaci\u00f3n del<br>conocimiento.<\/p>\n\n\n\n<p>Por otro lado, coment\u00f3 que, en el \u00e1mbito de la investigaci\u00f3n y posgrado, a trav\u00e9s<br>de diversas convocatorias se busca promover y apoyar de manera efectiva el<br>desarrollo del conocimiento: \u201cPremio al Mejor Art\u00edculo Cient\u00edfico\u201d, \u201cPremio a<br>Proyecto Social\u201d en su segunda edici\u00f3n y siendo lanzado por primera vez el<br>\u201cApoyo al Desarrollo de Proyectos Cient\u00edficos\u201d, recibiendo casi 50 proyectos de<br>investigaci\u00f3n, presentados por investigadoras e investigadores de la UT.<\/p>\n\n\n\n<p>En otro tenor, explic\u00f3 que como parte de la responsabilidad de cuidar la salud<br>emocional de la comunidad estudiantil, durante el 2023 se gestion\u00f3 la creaci\u00f3n de<br>un equipo dirigido a atender mediante asesor\u00edas psicol\u00f3gicas a los alumnos y<br>docentes en riesgo, esta iniciativa de la Coordinaci\u00f3n coincidi\u00f3 en tiempo y forma<br>con el Programa Institucional de Tutor\u00edas y la preocupaci\u00f3n ante los mismos<br>temas, realizando un trabajo en conjunto por medio de tutores, alumnos de<br>servicio social y el equipo de psic\u00f3logos de la Unidad Torre\u00f3n, llam\u00e1ndolo<br>Programa de Asesor\u00eda Psicol\u00f3gica.<\/p>\n\n\n\n<p>L\u00f3pez Chavarr\u00eda, se\u00f1al\u00f3 que se llevaron a cabo 165 atenciones individuales en la<br>Coordinaci\u00f3n y 144 atenciones en Ciudad Universitaria, se han ofrecido una<br>variedad de actividades complementarias, como talleres, pl\u00e1ticas, charlas y<br>capacitaciones, entre los cuales se incluyen talleres de integraci\u00f3n a grupos de<br>primer semestre, de diversidad sexual y la campa\u00f1a universitaria \u201cPor Amor a la<br>Vida\u201d, la cual se centr\u00f3 en la prevenci\u00f3n de la ideaci\u00f3n suicida y el taller sobre<br>t\u00e9cnicas de relajaci\u00f3n entre otros, beneficiando a aproximadamente mil 210<br>personas de la comunidad universitaria.<\/p>\n\n\n\n<p>En cuanto a la vinculaci\u00f3n, coment\u00f3 que se firmaron convenios de colaboraci\u00f3n<br>con el Centro de Justicia y Empoderamiento para las Mujeres del Estado de<br>Coahuila y con el Centro de Integraci\u00f3n Juvenil Torre\u00f3n, estableciendo las bases y<br>mecanismos de prevenci\u00f3n en materia de adicciones y salud mental, mientras<br>que, en colaboraci\u00f3n con la Secretar\u00eda del Trabajo del estado y mediante la<br>Subsecretar\u00eda del Empleo y Productividad, se realiz\u00f3 la Jornada de Empleo en<br>marzo del a\u00f1o pasado en la cual se ofrecieron 500 plazas a nivel t\u00e9cnico y<br>profesional.<\/p>\n\n\n\n<p>Sandra L\u00f3pez Chavarr\u00eda, enfatiz\u00f3 en que la Coordinaci\u00f3n de Unidad Torre\u00f3n se<br>tienen tres compromisos puntuales: Mejorar la infraestructura, ya que el espacio<br>en donde se desenvuelve el aprendizaje es crucial y se debe contar con \u00e1reas<br>seguras y dignas; Fortalecer las actividades deportivas, que son parte importante<br>en el desarrollo integral y autoestima en nuestros j\u00f3venes y renovar planes y<br>programas de estudio, teniendo como gu\u00eda la experiencia del sector empresarial.<\/p>\n\n\n\n<p>Agreg\u00f3 que la Universidad tiene las bases para que las mujeres universitarias hoy<br>est\u00e9n marcando un precedente en la sociedad y en la academia, \u201cLas puertas de<br>esta instituci\u00f3n est\u00e1n abiertas para que seamos reconocidas y demostrar de lo que<br>estamos hechas, con decisi\u00f3n, capacidad, valores y responsabilidad por el bien de<br>nuestra m\u00e1xima casa de estudios\u201d.<\/p>\n","protected":false},"excerpt":{"rendered":"<p>TORRE\u00d3N, Coahuila. 23 de febrero de 2024. Ante el Consejo Universitariofuncionando por Unidad, y en atenci\u00f3n al principio de transparencia y rendici\u00f3n decuentas en la Universidad Aut\u00f3noma de Coahuila, la coordinadora de UnidadTorre\u00f3n, Dra. Sandra L\u00f3pez Chavarr\u00eda, present\u00f3 este viernes su primer informe deactividades correspondiente a su segundo periodo de gesti\u00f3n. A la sesi\u00f3n efectuada en la Gran Sala del Centro Cultural Universitario \u201cBraulioFern\u00e1ndez Aguirre\u201d, asisti\u00f3 el rector de la&#8230;<\/p>\n","protected":false},"author":1,"featured_media":19530,"comment_status":"closed","ping_status":"closed","sticky":false,"template":"","format":"standard","meta":{"footnotes":""},"categories":[7,2],"tags":[],"class_list":["post-19529","post","type-post","status-publish","format-standard","has-post-thumbnail","hentry","category-torreon","category-uadec","wpcat-7-id","wpcat-2-id"],"_links":{"self":[{"href":"https:\/\/www.aquilaguna.com\/index.php\/wp-json\/wp\/v2\/posts\/19529","targetHints":{"allow":["GET"]}}],"collection":[{"href":"https:\/\/www.aquilaguna.com\/index.php\/wp-json\/wp\/v2\/posts"}],"about":[{"href":"https:\/\/www.aquilaguna.com\/index.php\/wp-json\/wp\/v2\/types\/post"}],"author":[{"embeddable":true,"href":"https:\/\/www.aquilaguna.com\/index.php\/wp-json\/wp\/v2\/users\/1"}],"replies":[{"embeddable":true,"href":"https:\/\/www.aquilaguna.com\/index.php\/wp-json\/wp\/v2\/comments?post=19529"}],"version-history":[{"count":1,"href":"https:\/\/www.aquilaguna.com\/index.php\/wp-json\/wp\/v2\/posts\/19529\/revisions"}],"predecessor-version":[{"id":19531,"href":"https:\/\/www.aquilaguna.com\/index.php\/wp-json\/wp\/v2\/posts\/19529\/revisions\/19531"}],"wp:featuredmedia":[{"embeddable":true,"href":"https:\/\/www.aquilaguna.com\/index.php\/wp-json\/wp\/v2\/media\/19530"}],"wp:attachment":[{"href":"https:\/\/www.aquilaguna.com\/index.php\/wp-json\/wp\/v2\/media?parent=19529"}],"wp:term":[{"taxonomy":"category","embeddable":true,"href":"https:\/\/www.aquilaguna.com\/index.php\/wp-json\/wp\/v2\/categories?post=19529"},{"taxonomy":"post_tag","embeddable":true,"href":"https:\/\/www.aquilaguna.com\/index.php\/wp-json\/wp\/v2\/tags?post=19529"}],"curies":[{"name":"wp","href":"https:\/\/api.w.org\/{rel}","templated":true}]}}