{"id":19535,"date":"2024-02-23T18:42:57","date_gmt":"2024-02-24T00:42:57","guid":{"rendered":"https:\/\/www.aquilaguna.com\/?p=19535"},"modified":"2024-02-23T18:42:57","modified_gmt":"2024-02-24T00:42:57","slug":"rector-de-uadec-no-permitira-intromision-de-agentes-externos-en-la-universidad","status":"publish","type":"post","link":"https:\/\/www.aquilaguna.com\/index.php\/2024\/02\/23\/rector-de-uadec-no-permitira-intromision-de-agentes-externos-en-la-universidad\/","title":{"rendered":"Rector de UAdeC, no permitir\u00e1 intromisi\u00f3n de agentes externos en la Universidad."},"content":{"rendered":"\n<p>Torre\u00f3n, Coahuila.- Pinta su raya el Rector de la Universidad Aut\u00f3noma de Coahuila, Octavio Pimentel Mart\u00ednez; &#8220;no vamos a permitir\u00a0 la intromisi\u00f3n de agentes externos, de ninguna forma, de ning\u00fan partido, \u00a0 de ninguna \u00edndole,\u00a0 al interior de nuestra Universidad&#8221;.\u00a0\u00a0<\/p>\n\n\n\n<p>&#8220;Nosotros, los universitarios sabemos resolver&#8221;, afirm\u00f3,\u00a0 &#8220;nuestras diferencias al interior, por eso, estamos abiertos al di\u00e1logo\u00a0 y cuando nosotros tengamos la\u00a0 oportunidad\u00a0 de resolver al interior, como lo hemos hecho en la historia de la Universidad, el resolver nuestras diferencias y seguir avanzando y construyendo\u00a0 una mejor Universidad, en ese momento, nos sentamos con cualquier actor externo y con gusto dialogamos y platicamos, siempre y cuando construyamos una mejor sociedad&#8221;.<\/p>\n\n\n\n<p>&#8220;Estar solo tratando de meterse a las universidades y\u00a0 tratar de desestabilizarlas, creo que no es lo justo para los universitarios, ni para la Universidad&#8221;.\u00a0<\/p>\n\n\n\n<p>En cuanto a las condiciones que se impongan durante los proyectos electorales ya en puerta, de car\u00e1cter estatal y federal, reiter\u00f3 que, &#8220;la Universidad\u00a0 no se va a meter&#8221;.<\/p>\n\n\n\n<p>&#8220;Vamos a respetar el proceso como\u00a0 tal. Hay\u00a0 universitarios y universitarias\u00a0 que podr\u00e1n participar\u00a0 con alguno u\u00a0 otro Partido y nosotros estamos abiertos a eso&#8221;.\u00a0<\/p>\n\n\n\n<p>En cuanto si la UAdeC, pudiera ser espacio para la realizaci\u00f3n de debates de orden pol\u00edtico electoral, afirm\u00f3 rotundo que, &#8220;siempre y cuando estuvi\u00e9ramos en sinton\u00eda con el INE, si es as\u00ed, con gusto; si no, no&#8221;\u00a0<\/p>\n\n\n\n<p>Sin embargo, se\u00f1al\u00f3\u00a0que, &#8220;la Universidad no ser\u00e1 reh\u00e9n ni participar\u00e1 en ning\u00fan movimiento de este tipo&#8221;.<\/p>\n\n\n\n<p>Preguntado, inform\u00f3 que, &#8220;ahora, toda la universidad registra \u00a0 tranquilidad, porque estamos abiertos al di\u00e1logo, todos los universitarios pueden expresar, hay que escucharlos a\u00a0 todos, en el entendido de que no todos pensamos de la misma manera y no todos quisi\u00e9ramos con la misma velocidad\u00a0 para avanzar, pero si nos ponemos de acuerdo, nos escuchamos y somos tolerantes, podemos construir una mejor universidad&#8221;.\u00a0\u00a0<\/p>\n\n\n\n<p><strong>\u00a0DIALOGO PERMANENTE.<\/strong><\/p>\n\n\n\n<p>El nuevo\u00a0 titular de\u00a0 la Rector\u00eda\u00a0 de la UAdeC, reiter\u00f3\u00a0 como su\u00a0 compromiso,\u00a0&#8220;el\u00a0 estar m\u00e1s en campo y menos en oficina,\u00a0 de tal suerte que se pueda atender en tiempo y forma las situaciones\u00a0 que se presenten&#8221;,\u00a0 al indicar que estar\u00e1 recorriendo las diversas\u00a0 Unidades de manera itinerante, privilegiando el di\u00e1logo permanente \u00a0 con la comunidad universitaria,\u00a0 luego de arribar\u00a0 al Centro Cultural Universitario Braulio Fern\u00e1ndez Aguirre para\u00a0 estar presente en\u00a0 el Informe\u00a0 que rindiera esta ma\u00f1ana\u00a0 la titular de la Unidad Torre\u00f3n, Doctora Sandra L\u00f3pez Chavarria.<\/p>\n\n\n\n<p>Se\u00f1al\u00f3\u00a0 la importancia que tendr\u00e1 el establecer un di\u00e1logo permanente con todos y todas las universitarias, en su gesti\u00f3n.<\/p>\n\n\n\n<p>Consider\u00f3\u00a0 que, &#8220;les dar\u00e9\u00a0 apertura a todos. Anteriormente a muchos de los proyectos nac\u00edan de las reuniones con los Directores y funcionarios  o con algunos Docentes\u00a0 y Consejos Universitarios&#8221;.<\/p>\n\n\n\n<p>Ahora, afirm\u00f3, &#8220;los proyectos van a emanar luego de escuchar\u00a0 a todos y todas\u00a0 las universitarios de\u00a0 todos los niveles con la intenci\u00f3n de formar una Unidad m\u00e1s abierta, m\u00e1s participativa y que nos d\u00e9 otra orientaci\u00f3n y otra forma de establecer las pol\u00edticas p\u00fablicas\u00a0 de la Universidad, que sea\u00a0 reales y tambi\u00e9n transparentes\u00a0 y\u00a0 que tambi\u00e9n exija a los universitarios&#8221;.\u00a0<\/p>\n\n\n\n<p><strong>DEMANDAS DE LOS UNIVERSITARIOS.<\/strong><\/p>\n\n\n\n<p>Consider\u00f3 que, &#8220;la demanda de m\u00e1s y mejor infraestructura\u00a0 es una de las demandas m\u00e1s recurrentes por los\u00a0 j\u00f3venes estudiantes, de \u00a0 ah\u00ed que sea important\u00edsimo, el\u00a0 garantizar la seguridad en el per\u00edmetro y\u00a0 los campos de la Universidad, es fundamental&#8221;.<\/p>\n\n\n\n<p>Revel\u00f3 que,\u00a0&#8220;hemos tenido pl\u00e1ticas con el alcalde y vamos a establecer un mecanismo \u00a0 para colocar casetas de vigilancia y\u00a0 al interior, estamos trabajando en el tema&#8221;.<\/p>\n\n\n\n<p>En cuanto a la iluminaci\u00f3n y recarpeteo, el alcalde -de Torre\u00f3n-,\u00a0 &#8220;ya se comprometi\u00f3\u00a0 con nosotros en el tema del mantenimiento en los espacios universitarios, que es fundamental&#8221;.<\/p>\n\n\n\n<p>En cuanto al equipamiento, tambi\u00e9n, pues estim\u00f3 que, &#8220;la\u00a0 petici\u00f3n estudiantil , que son los que est\u00e1n\u00a0 a en el d\u00eda a d\u00eda en estos esquemas, hacia all\u00e1 vamos a\u00a0 plantear nosotros nuestro Plan de Desarrollo Institucional&#8221;.\u00a0<\/p>\n\n\n\n<p>Fij\u00f3 luego \u00a0 su postura\u00a0 diciendo que, &#8220;la atenci\u00f3n a tales demandas ser\u00e1n siempre continua, abiertos al di\u00e1logo, siempre y cuando queramos construir, una mejor universidad&#8221;.<\/p>\n\n\n\n<p><strong>CONFLICTO PVC.\u00a0\u00a0<\/strong><\/p>\n\n\n\n<p>Revel\u00f3 luego que esta misma ma\u00f1ana sostuvo una reuni\u00f3n con un grupo de pevecianos\u00a0 que se encuentran involucrados en un conflicto\u00a0 interno en la Preparatoria\u00a0 Venustiano Carranza, desde hace alg\u00fan tiempo, y que al parecer no ha encontrado a\u00fan el cauce para alcanzar soluci\u00f3n definitiva.\u00a0\u00a0<\/p>\n\n\n\n<p>El Rector Pimentel Martinez, revel\u00f3 que\u00a0 este mismo d\u00eda, y al t\u00e9rmino del evento que motiv\u00f3 su presencia en esta ciudad, continuar\u00eda con el di\u00e1logo\u00a0 ya iniciado\u00a0 con los estudiantes,\u00a0 &#8220;pues\u00a0 que\u00a0 hay que analizar el caso, que se encuentre una soluci\u00f3n justa para todos&#8221;.<\/p>\n\n\n\n<p>Reiter\u00f3 que, &#8220;la disposici\u00f3n la tenemos nosotros y es que s\u00ed, siempre y cuando\u00a0 se haga conforme a Derecho, que no haya reincidencia\u00a0y aplicando bien el Reglamento\u00a0 de Etica y Conducta\u00a0 que tenemos en la Universidad, para todos los Universitarios&#8221;.<\/p>\n","protected":false},"excerpt":{"rendered":"<p>Torre\u00f3n, Coahuila.- Pinta su raya el Rector de la Universidad Aut\u00f3noma de Coahuila, Octavio Pimentel Mart\u00ednez; &#8220;no vamos a permitir\u00a0 la intromisi\u00f3n de agentes externos, de ninguna forma, de ning\u00fan partido, \u00a0 de ninguna \u00edndole,\u00a0 al interior de nuestra Universidad&#8221;.\u00a0\u00a0 &#8220;Nosotros, los universitarios sabemos resolver&#8221;, afirm\u00f3,\u00a0 &#8220;nuestras diferencias al interior, por eso, estamos abiertos al di\u00e1logo\u00a0 y cuando nosotros tengamos la\u00a0 oportunidad\u00a0 de resolver al interior, como lo hemos hecho&#8230;<\/p>\n","protected":false},"author":2,"featured_media":0,"comment_status":"closed","ping_status":"","sticky":false,"template":"","format":"standard","meta":{"footnotes":""},"categories":[7,2],"tags":[],"class_list":["post-19535","post","type-post","status-publish","format-standard","hentry","category-torreon","category-uadec","wpcat-7-id","wpcat-2-id"],"_links":{"self":[{"href":"https:\/\/www.aquilaguna.com\/index.php\/wp-json\/wp\/v2\/posts\/19535","targetHints":{"allow":["GET"]}}],"collection":[{"href":"https:\/\/www.aquilaguna.com\/index.php\/wp-json\/wp\/v2\/posts"}],"about":[{"href":"https:\/\/www.aquilaguna.com\/index.php\/wp-json\/wp\/v2\/types\/post"}],"author":[{"embeddable":true,"href":"https:\/\/www.aquilaguna.com\/index.php\/wp-json\/wp\/v2\/users\/2"}],"replies":[{"embeddable":true,"href":"https:\/\/www.aquilaguna.com\/index.php\/wp-json\/wp\/v2\/comments?post=19535"}],"version-history":[{"count":1,"href":"https:\/\/www.aquilaguna.com\/index.php\/wp-json\/wp\/v2\/posts\/19535\/revisions"}],"predecessor-version":[{"id":19536,"href":"https:\/\/www.aquilaguna.com\/index.php\/wp-json\/wp\/v2\/posts\/19535\/revisions\/19536"}],"wp:attachment":[{"href":"https:\/\/www.aquilaguna.com\/index.php\/wp-json\/wp\/v2\/media?parent=19535"}],"wp:term":[{"taxonomy":"category","embeddable":true,"href":"https:\/\/www.aquilaguna.com\/index.php\/wp-json\/wp\/v2\/categories?post=19535"},{"taxonomy":"post_tag","embeddable":true,"href":"https:\/\/www.aquilaguna.com\/index.php\/wp-json\/wp\/v2\/tags?post=19535"}],"curies":[{"name":"wp","href":"https:\/\/api.w.org\/{rel}","templated":true}]}}