{"id":19537,"date":"2024-02-25T20:27:03","date_gmt":"2024-02-26T02:27:03","guid":{"rendered":"https:\/\/www.aquilaguna.com\/?p=19537"},"modified":"2024-02-25T20:27:03","modified_gmt":"2024-02-26T02:27:03","slug":"aqui-laguna-296","status":"publish","type":"post","link":"https:\/\/www.aquilaguna.com\/index.php\/2024\/02\/25\/aqui-laguna-296\/","title":{"rendered":"Aqu\u00ed Laguna."},"content":{"rendered":"\n<p>\u00a1Listos y en sus marcas!\u00a0 Al menos para\u00a0 los militantes y dirigentes en el Partido Revolucionario Institucional y algunos de sus aliados y a solo\u00a0una semana para\u00a0 que se inicien\u00a0 -las hostilidades- ,digo,\u00a0 el periodo electoral \u00a0 federal, que habr\u00e1 de culminar el pr\u00f3ximo primer domingo de junio, con el\u00a0 correspondiente al \u00e1mbito\u00a0 estatal, para la elecci\u00f3n de alcaldes y cabildos\u00a0 que cubrieran el periodo siguiente\u00a0 de culminar,\u00a0 y\u00a0 que en Coahuila, el pasado s\u00e1bado\u00a0 la versi\u00f3n Coahuila del partido\u00a0 mencionado dieran muestra,\u00a0 al menos para empezar, de organizaci\u00f3n e institucionalidad, al poder mostrar, unidos y con preregistro a todos\u00a0 los que saldr\u00e1n a campa\u00f1a bajo\u00a0 los colores del tricolor, as\u00ed como en el \u00e1mbito federal a quienes ser\u00e1n sus aliados,\u00a0 todos seg\u00fan gr\u00e1ficas difundidas, del acto\u00a0 celebrado en la ciudad capital y encabezado por el Gobernador Manolo Jim\u00e9nez Salinas, as\u00ed como el l\u00edder formal de los tricolores\u00a0 Carlos Robles Lostanau \u2013cuyo liderazgo estar\u00e1 a prueba seg\u00fan resulten los nomios que arroje la jornada electoral en puerta-, y que \u00a0 en los hechos, ser\u00e1 la base pol\u00edtica\u00a0real, no heredada, sobre la que\u00a0 se cimiente  la nueva administraci\u00f3n estatal,\u00a0 que est\u00e1 a punto, de alcanzar sus primeros cien d\u00edas de vigencia.<\/p>\n\n\n\n<p>En este lapso y seg\u00fan es tradicionalmente, el Gobernador Jim\u00e9nez Salinas se ha dedicado d\u00eda a d\u00eda\u00a0 a cumplir promesas y\u00a0 compromisos\u00a0 gestados \u00a0 durante su campa\u00f1a electoral que tienen que ver, con\u00a0 seguridad, educaci\u00f3n, salud,\u00a0 conservaci\u00f3n de carreteras, \u00a0 suministro de agua a la poblaci\u00f3n,\u00a0 entre otras muchas\u00a0 de importancia, pero tambi\u00e9n\u00a0 tal tiempo\u00a0 ha sido utilizado\u00a0 primero,\u00a0 para definir \u00a0 ya en el marco de su &#8220;estilo personal de gobernar&#8221;\u00a0 conformaci\u00f3n de\u00a0 su gabinete de trabajo, que incluy\u00f3 interesante ejercicio de renuevo generacional, tarea nada f\u00e1cil, pues eran muchos los que esperaban llamado y pocos no los que se han quedado, hasta hoy,\u00a0 mirando; definir  su relaci\u00f3n con el Ejecutivo Federal,\u00a0 encabezar las designaciones de candidatos\u00a0 a diputados federales,\u00a0 as\u00ed como la f\u00f3rmula senatorial, en especial cuando incluye como cabeza de tal propuesta al Ingeniero Miguel Angel Riquelme Solis, decisi\u00f3n pol\u00edtica\u00a0 in\u00e9dita,\u00a0 sostenida con\u00a0 la incursi\u00f3n de Gabriel Elizondo, se\u00f1alado como uno de los mejores perfiles\u00a0 que aporta el grupo manolista, y los\u00a0 alcaldes, unos de estreno,\u00a0 algunos repetidores, como lo es ya\u00a0 quien fuera su contrincante por la postulaci\u00f3n a la gubernatura, el Licenciado Rom\u00e1n Alberto Cepeda Gonz\u00e1lez, que\u00a0 finalmente pudo superar algunas intentonas de descarrilar\u00a0 tal pretensi\u00f3n.<\/p>\n\n\n\n<p>Por lo pronto &#8220;extintos&#8221; pol\u00edticamente, han quedado\u00a0 dos personajes que\u00a0 vaya que le hicieron la lucha para alcanzar las voluntades y\u00a0 la pujanza de fuerzas pol\u00edticas para\u00a0 ser considerados como potenciales\u00a0 candidatos a la alcald\u00eda de Torre\u00f3n, como lo fueran los casos del Contador Xavier Herrera\u00a0 Arroyo y el Regidor con licencia Enrique Sarmiento Alvarez,\u00a0 y quienes\u00a0 ya estar\u00e1n &#8220;resucitando&#8221; \u00a0 en las siguientes semanas, pues ya se sabe aquello de que, con el debido respeto &#8220;nadie est\u00e1 muerto pol\u00edticamente, hasta que se entierre&#8221;.<\/p>\n\n\n\n<p>Y sin duda &#8220;la resurrecci\u00f3n&#8221;\u00a0 pol\u00edtica de esta semana,\u00a0 con todo y que el s\u00e1bado de gloria est\u00e1 a\u00fan a semanas de que se registre, corri\u00f3 a cargo del Licenciado Ra\u00fal Sifuentes Guerrero, quien fuera\u00a0 el todopoderoso Secretario de Gobierno en la administraci\u00f3n del Licenciado\u00a0 Enrique Mart\u00ednez y Mart\u00ednez\u00a0 y desde donde aspir\u00f3 a la candidatura del PRI a su sucesi\u00f3n, posici\u00f3n que fuera finalmente ganada por\u00a0 el profesor Humberto Moreira Valdes. Al sampetrino, a quien se le reconoce \u00a0 capacidades, pero sobre todo inteligencia, result\u00f3 ser, o al menos as\u00ed se le atribuye, el gestador y dirigente del grupo conocido como &#8220;Los Burbujos&#8221;, que reuni\u00f3 en\u00a0 su entorno, al menos lo m\u00e1s representativo de\u00a0 la generaci\u00f3n \u00a0 de laguneros \u00a0 que formaron parte\u00a0 y que incluy\u00f3 al hoy ex gobernador Miguel Angel Riquelme Solis,\u00a0 al Licenciado Eduardo Olmos Castro\u00a0 a un\u00a0 Jorge Luis Mor\u00e1n, Ricardo Sostenes Mej\u00eda Berdeja,\u00a0 a la\u00a0 recientemente fallecida, Licenciada Laura Reyes\u00a0 Retana, al contador Javier\u00a0 Lechuga, Fernando L\u00f3pez,\u00a0 Lauro Villarreal y otros tantos etc\u00e9teras, grupo que\u00a0 ha demostrado, m\u00e1s que resistencia, resiliencia,\u00a0 tras la di\u00e1spora gestada por la fallida intenci\u00f3n del Licenciado Sifuentes Guerrero\u00a0de ser\u00a0 candidato a gobernador,\u00a0 del sampetrino trasmigraron algunos de los mencionados, a intentar camino bajo las siglas del PRD,\u00a0 donde ante el fracaso de la intentona, exploran otras siglas m\u00e1s, esta vez en el Movimiento Ciudadano con iguales resultados. Pero otros, tomaron otro camino\u00a0 y resistieron\u00a0 bajo las siglas del tricolor,\u00a0 sum\u00e1ndose o sumi\u00e9ndose, seg\u00fan se vea,\u00a0 para emerger, como\u00a0 tricolores laguneros,\u00a0 a ser parte,\u00a0 de la nueva fuerzas representada por los entonces entra\u00f1ables hermanos Moreira Valdes, siendo el caso m\u00e1s notable y exitoso, el vivido por el Ingeniero Miguel Angel Riquelme Solis,  y\u00a0 uno que otro, tom\u00f3 las de villadiego\u00a0 y busc\u00f3 nuevos horizontes fuera de la entidad, como fuera el caso de Mej\u00eda Berdeja.<\/p>\n\n\n\n<p>Importante pues, el papel\u00a0 jugado por Guerrero Sifuentes entre tal generaci\u00f3n de laguneros,\u00a0 el arropamiento que pudo proporcionar\u00a0 a muchos de los sujetos pol\u00edticos\u00a0 citados,\u00a0 de ah\u00ed que ahora no se vale, que\u00a0 finjan demencia, sobre todo que Guerrero Sifuentes regresa al espacio tricolor,\u00a0 se ignora a\u00fan\u00a0 \u00a0 \u00a0 para que funci\u00f3n o\u00a0 misi\u00f3n as\u00ed sea de invitado a hacerse presente en un acto p\u00fablico encabezado por el Gobernador\u00a0 Manolo Jim\u00e9nez,\u00a0 y con ello \u00a0 mostrar que regresa con la voluntad de quien por ahora manda en Coahuila.<\/p>\n\n\n\n<p>Y\u00a0 esta semana, tambi\u00e9n la\u00a0 presencia del nuevo Rector\u00a0de la Universidad Aut\u00f3noma de Coahuila, Ingeniero Octavio Pimentel Martinez, primero para estar presente en el Segundo Informe\u00a0 del segundo periodo\u00a0 de la Doctora Sandra L\u00f3pez Chavarria\u00a0 al frente de la Unidad\u00a0 Torre\u00f3n, luego de la accidentada\u00a0 elecci\u00f3n tras\u00a0 la insurgencia de\u00a0 un incipiente movimiento estudiantil, que mostr\u00f3 si no fortaleza, s\u00ed persistencia en la capital del Estado, experiencia que al parecer, si tom\u00f3\u00a0 lecci\u00f3n el nuevo funcionario universitario, pues afirma haber establecido como pol\u00edtica\u00a0 p\u00fablica\u00a0 de\u00a0 la gesti\u00f3n que inicia, sostener un di\u00e1logo permanente con los universitarios todos, amen de\u00a0 prometer, que no habr\u00e1\u00a0 grupismo\u00a0 o\u00a0 cotos\u00a0 de poder enquistados\u00a0 al interior de \u00a0 la universidad p\u00fablica estatal, as\u00ed como pronunciarse por la defensa del campus\u00a0 universitario como territorio para el ejercicio\u00a0 o injerencia de partido pol\u00edtico alguno. Adem\u00e1s, \u00a0 gener\u00f3 expectaci\u00f3n y temblorinas, su\u00a0 declaraci\u00f3n de que est\u00e1 dispuesto no a rebajar un 10%, sino un 30 % a los salarios\u00a0 m\u00e1s altos\u00a0 que se devengan entre algunos docentes y\u00a0 funcionario de primer nivel en la UAdeC,\u00a0 cuyos montos,\u00a0 ser\u00e1n destinado a financiar becas para\u00a0 los alumnos que as\u00ed lo ameriten.<\/p>\n\n\n\n<p>Y en tanto &#8220;Torre\u00f3n que todo lo puede&#8221;, no da a conocer a\u00fan,\u00a0 programa cultural alguno que ofrecer a los cientos de visitantes y turistas que se aprestan a visitar la ciudad, uno de los puntos\u00a0 que la NASA se\u00f1ala, ser\u00e1 \u00f3ptimo para\u00a0 admirar el espect\u00e1culo astron\u00f3mico \u00a0 fijado\u00a0 para el d\u00eda 8 de\u00a0 abril pr\u00f3ximo.\u00a0\u00a0\u00a0<\/p>\n","protected":false},"excerpt":{"rendered":"<p>\u00a1Listos y en sus marcas!\u00a0 Al menos para\u00a0 los militantes y dirigentes en el Partido Revolucionario Institucional y algunos de sus aliados y a solo\u00a0una semana para\u00a0 que se inicien\u00a0 -las hostilidades- ,digo,\u00a0 el periodo electoral \u00a0 federal, que habr\u00e1 de culminar el pr\u00f3ximo primer domingo de junio, con el\u00a0 correspondiente al \u00e1mbito\u00a0 estatal, para la elecci\u00f3n de alcaldes y cabildos\u00a0 que cubrieran el periodo siguiente\u00a0 de culminar,\u00a0 y\u00a0 que&#8230;<\/p>\n","protected":false},"author":2,"featured_media":0,"comment_status":"closed","ping_status":"","sticky":false,"template":"","format":"standard","meta":{"footnotes":""},"categories":[1],"tags":[],"class_list":["post-19537","post","type-post","status-publish","format-standard","hentry","category-uncategorized","wpcat-1-id"],"_links":{"self":[{"href":"https:\/\/www.aquilaguna.com\/index.php\/wp-json\/wp\/v2\/posts\/19537","targetHints":{"allow":["GET"]}}],"collection":[{"href":"https:\/\/www.aquilaguna.com\/index.php\/wp-json\/wp\/v2\/posts"}],"about":[{"href":"https:\/\/www.aquilaguna.com\/index.php\/wp-json\/wp\/v2\/types\/post"}],"author":[{"embeddable":true,"href":"https:\/\/www.aquilaguna.com\/index.php\/wp-json\/wp\/v2\/users\/2"}],"replies":[{"embeddable":true,"href":"https:\/\/www.aquilaguna.com\/index.php\/wp-json\/wp\/v2\/comments?post=19537"}],"version-history":[{"count":1,"href":"https:\/\/www.aquilaguna.com\/index.php\/wp-json\/wp\/v2\/posts\/19537\/revisions"}],"predecessor-version":[{"id":19538,"href":"https:\/\/www.aquilaguna.com\/index.php\/wp-json\/wp\/v2\/posts\/19537\/revisions\/19538"}],"wp:attachment":[{"href":"https:\/\/www.aquilaguna.com\/index.php\/wp-json\/wp\/v2\/media?parent=19537"}],"wp:term":[{"taxonomy":"category","embeddable":true,"href":"https:\/\/www.aquilaguna.com\/index.php\/wp-json\/wp\/v2\/categories?post=19537"},{"taxonomy":"post_tag","embeddable":true,"href":"https:\/\/www.aquilaguna.com\/index.php\/wp-json\/wp\/v2\/tags?post=19537"}],"curies":[{"name":"wp","href":"https:\/\/api.w.org\/{rel}","templated":true}]}}