{"id":19575,"date":"2024-02-27T19:31:44","date_gmt":"2024-02-28T01:31:44","guid":{"rendered":"https:\/\/www.aquilaguna.com\/?p=19575"},"modified":"2024-02-27T19:31:44","modified_gmt":"2024-02-28T01:31:44","slug":"operacion-de-metrobus-se-determinara-despues-de-analisis-del-gobierno-del-estado","status":"publish","type":"post","link":"https:\/\/www.aquilaguna.com\/index.php\/2024\/02\/27\/operacion-de-metrobus-se-determinara-despues-de-analisis-del-gobierno-del-estado\/","title":{"rendered":"Operaci\u00f3n de Metrob\u00fas, se determinar\u00e1 despu\u00e9s de an\u00e1lisis del Gobierno del Estado."},"content":{"rendered":"\n<p>Torre\u00f3n, Coahuila.- \u00a0 La operaci\u00f3n del Metrob\u00fas o Bus Laguna, \u00a0 habr\u00e1 determinarse luego de an\u00e1lisis por parte del Gobierno, no solo de la problem\u00e1tica\u00a0 que plantea \u00a0 este tema en Torre\u00f3n, sino\u00a0 que incluya los que presentan a  otras\u00a0 poblaciones que en Coahuila, enfrentan \u00a0 retos\u00a0 diversos\u00a0 para prestar el servicio \u00a0 de transporte, colectivo \u00a0 y en el que se encuentra tambi\u00e9n \u00a0 el que corresponde a Saltillo capital.<\/p>\n\n\n\n<p>As\u00ed se desprende de lo declarado por el Gobernador Manolo Jim\u00e9nez Salinas, al ser preguntado \u00a0 sobre el tema, en su \u00faltima\u00a0 visita a\u00a0 Torre\u00f3n, declar\u00f3 que, &#8220;!le encargu\u00e9 al Guty que ya nada m\u00e1s se terminaran los\u00a0 Cien D\u00edas, ahora si, me presentara la ruta a seguir, cuales son las posibles soluciones para ir dando viabilidad a ese proyecto&#8221;.<\/p>\n\n\n\n<p>&#8220;En una dos semanas, le dije, me pusiera al tanto, cuales son las rutas para ir echando a andar, y si\u00a0 que le vamos a entrar fuerte para que se haga un buen proyecto de transporte aqu\u00ed en Torre\u00f3n&#8221;.<\/p>\n\n\n\n<p>&#8220;El Metrob\u00fas iba muy avanzado, hay inversi\u00f3n, puede que por ah\u00ed queden algunas inversiones pendientes\u00a0 y que las podamos proyectar y de esa manera mejorar\u00a0 el transporte&#8221;.<\/p>\n\n\n\n<p>Lo mismo, afirm\u00f3, &#8220;queremos hacer con el municipio de Saltillo, Acu\u00f1a y otros que traen tambi\u00e9n el tema del transporte&#8221;.<\/p>\n\n\n\n<p>Todos los temas de transporte,\u00a0 enfatiz\u00f3, &#8220;son del orden municipal \u00a0 y el Estado puede coadyuvar\u00a0 y sumarnos&#8221;.\u00a0\u00a0<\/p>\n\n\n\n<p>Indic\u00f3 al ser preguntado que\u00a0 todas las preguntas en torno al Metrob\u00fas, &#8220;ser\u00e1 posible dar respuesta una vez que me presenten\u00a0 al cien por ciento, como quedo el asunto, cu\u00e1les son las rutas, que hay que hacer, qu\u00e9 se puede o no se puede&#8221;.<\/p>\n\n\n\n<p>Indic\u00f3 que, &#8220;lo que s\u00e9 hoy,\u00a0 es muy general y yo ped\u00ed profundizar en el tema, y como andamos ahorita con \u00a0 los Cien D\u00edas, decidimos\u00a0 concentrarnos en su Plan Ejecutivo de\u00a0 los Cien D\u00edas, para poder avanzar, luego no hacemos ni una ni otra cosa&#8221;.<\/p>\n\n\n\n<p>&#8220;Lo que se plane\u00f3, desde junio hasta noviembre&#8221;, dijo luego muy general,\u00a0 &#8220;es lo que estamos ejecutando&#8221;.<\/p>\n\n\n\n<p>&#8220;En estos d\u00edas y una vez que se concluyan, el 8 de marzo, en el cual la cereza del pastel, el\u00a0 proyecto de las Mujeres, ah\u00ed ya\u00a0 nos vamos arrastrar el l\u00e1piz un poquito,\u00a0 es decir trabajo de\u00a0 oficina, de escritorio&#8221;.\u00a0<\/p>\n","protected":false},"excerpt":{"rendered":"<p>Torre\u00f3n, Coahuila.- \u00a0 La operaci\u00f3n del Metrob\u00fas o Bus Laguna, \u00a0 habr\u00e1 determinarse luego de an\u00e1lisis por parte del Gobierno, no solo de la problem\u00e1tica\u00a0 que plantea \u00a0 este tema en Torre\u00f3n, sino\u00a0 que incluya los que presentan a otras\u00a0 poblaciones que en Coahuila, enfrentan \u00a0 retos\u00a0 diversos\u00a0 para prestar el servicio \u00a0 de transporte, colectivo \u00a0 y en el que se encuentra tambi\u00e9n \u00a0 el que corresponde a Saltillo&#8230;<\/p>\n","protected":false},"author":2,"featured_media":0,"comment_status":"closed","ping_status":"","sticky":false,"template":"","format":"standard","meta":{"footnotes":""},"categories":[5,15,28,7,68],"tags":[],"class_list":["post-19575","post","type-post","status-publish","format-standard","hentry","category-coahuila","category-gobierno-de-coahuila","category-la-laguna","category-torreon","category-transporte","wpcat-5-id","wpcat-15-id","wpcat-28-id","wpcat-7-id","wpcat-68-id"],"_links":{"self":[{"href":"https:\/\/www.aquilaguna.com\/index.php\/wp-json\/wp\/v2\/posts\/19575","targetHints":{"allow":["GET"]}}],"collection":[{"href":"https:\/\/www.aquilaguna.com\/index.php\/wp-json\/wp\/v2\/posts"}],"about":[{"href":"https:\/\/www.aquilaguna.com\/index.php\/wp-json\/wp\/v2\/types\/post"}],"author":[{"embeddable":true,"href":"https:\/\/www.aquilaguna.com\/index.php\/wp-json\/wp\/v2\/users\/2"}],"replies":[{"embeddable":true,"href":"https:\/\/www.aquilaguna.com\/index.php\/wp-json\/wp\/v2\/comments?post=19575"}],"version-history":[{"count":1,"href":"https:\/\/www.aquilaguna.com\/index.php\/wp-json\/wp\/v2\/posts\/19575\/revisions"}],"predecessor-version":[{"id":19576,"href":"https:\/\/www.aquilaguna.com\/index.php\/wp-json\/wp\/v2\/posts\/19575\/revisions\/19576"}],"wp:attachment":[{"href":"https:\/\/www.aquilaguna.com\/index.php\/wp-json\/wp\/v2\/media?parent=19575"}],"wp:term":[{"taxonomy":"category","embeddable":true,"href":"https:\/\/www.aquilaguna.com\/index.php\/wp-json\/wp\/v2\/categories?post=19575"},{"taxonomy":"post_tag","embeddable":true,"href":"https:\/\/www.aquilaguna.com\/index.php\/wp-json\/wp\/v2\/tags?post=19575"}],"curies":[{"name":"wp","href":"https:\/\/api.w.org\/{rel}","templated":true}]}}