{"id":19590,"date":"2024-02-28T18:40:02","date_gmt":"2024-02-29T00:40:02","guid":{"rendered":"https:\/\/www.aquilaguna.com\/?p=19590"},"modified":"2024-02-28T18:40:03","modified_gmt":"2024-02-29T00:40:03","slug":"roman-alberto-cepeda-gonzalez-celebra-en-torreon-el-dia-del-empacador-voluntario","status":"publish","type":"post","link":"https:\/\/www.aquilaguna.com\/index.php\/2024\/02\/28\/roman-alberto-cepeda-gonzalez-celebra-en-torreon-el-dia-del-empacador-voluntario\/","title":{"rendered":"Rom\u00e1n Alberto Cepeda Gonz\u00e1lez celebra en Torre\u00f3n el D\u00eda del Empacador Voluntario."},"content":{"rendered":"\n<p>Torre\u00f3n, Coahuila. A 28 de febrero de 2024.<\/p>\n\n\n\n<p>\u00a0El alcalde Rom\u00e1n Alberto Cepeda Gonz\u00e1lez presidi\u00f3 la ceremonia con motivo del<br>D\u00eda del Empacador Voluntario, celebraci\u00f3n instaurada para cada 28 de febrero por<br>el actual Cabildo y el Sistema para el Desarrollo Integral de la Familia (DIF)<br>Torre\u00f3n, como reconocimiento a quienes desempe\u00f1an esa actividad en los<br>centros comerciales de la ciudad.<br>\u00a0<br>El Presidente Municipal expres\u00f3 su reconocimiento a los adultos mayores y<br>j\u00f3venes menores de edad, pertenecientes al programa de empacadores<br>voluntarios del DIF Torre\u00f3n.<br>\u00a0<br>\u201cMi reconocimiento permanente para quienes ya han construido con su trayecto la<br>historia de esta gran ciudad de Torre\u00f3n, y que siguen trabajando duro, dando un<br>mensaje de dedicaci\u00f3n a nuestra ciudad\u201d, coment\u00f3.<br>\u00a0<br>Agradeci\u00f3 al Cabildo de Torre\u00f3n y al DIF porque en conjunto con la Administraci\u00f3n<br>Municipal, lograron la instauraci\u00f3n de este d\u00eda como un reconocimiento a quienes<br>se desempe\u00f1an como empacadores voluntarios en los centros comerciales de la<br>ciudad.<br>\u00a0<br>\u201cQuiero en lo personal decir gracias a cada uno de ustedes, por el trabajo que le<br>han dedicado a esta tierra, por el esfuerzo que han puesto y por el mensaje que le<br>dan a la juventud de que trabajando se llega al \u00e9xito\u201d, expres\u00f3 el edil.<br>\u00a0<br>El Alcalde invit\u00f3 a los presentes a continuar trabajando juntos por el crecimiento<br>de Torre\u00f3n, por un municipio con familias fuertes y con una sociedad<br>comprometida.<br>\u00a0<br>La se\u00f1ora Selina Bremer de Cepeda, presidenta honoraria del Sistema para el<br>Desarrollo Integral de la Familia (DIF) Torre\u00f3n, ofreci\u00f3 los detalles sobre el<br>programa que opera el organismo.<br>\u00a0<br>Indic\u00f3 que se reunieron en el evento 890 adultos mayores y 148 j\u00f3venes menores<br>empacadores, acompa\u00f1ados de sus padres, siendo un total de mil 038 integrantes<br>del programa.<br>\u00a0<br>Dijo que el programa permite a los adultos mayores sentirse activos, tener una<br>terapia ocupacional, ayudar econ\u00f3micamente en su hogar, favoreciendo a su<br>salud f\u00edsica y mental.<\/p>\n\n\n\n<p>&nbsp;<br>\u201cUstedes son inspiraci\u00f3n para las nuevas generaciones, con su entusiasmo,<br>experiencia y amor por la vida, nos contagian y motivan a ser mejores personas\u201d,<br>coment\u00f3.<br>&nbsp;<br>Dijo que el DIF Torre\u00f3n es pionero con el programa de empacadores voluntarios y<br>que en esta semana el organismo renov\u00f3 convenios de colaboraci\u00f3n con las 8<br>cadenas comerciales en las que participan los beneficiarios.<br>&nbsp;<br>Agreg\u00f3 que con el apoyo del alcalde Rom\u00e1n Alberto Cepeda Gonz\u00e1lez y el<br>Cabildo de Torre\u00f3n, a partir de este d\u00eda se celebra el D\u00eda del Empacador<br>Voluntario en este municipio.<br>&nbsp;<br>Miguel Gerardo Rivera, empacador voluntario, agradeci\u00f3 a nombre de sus<br>compa\u00f1eros por el reconocimiento realizado en este d\u00eda por su aportaci\u00f3n a la<br>sociedad.<br>&nbsp;<br>\u201cEstamos aqu\u00ed para refrendar nuestra gratitud, por este evento y otras acciones<br>como los apoyos de entregas de lentes, servicios de salud, asesor\u00edas legales,<br>consultas psicol\u00f3gicas, entre otras\u201d, expres\u00f3.<br>&nbsp;<br>De igual forma agradeci\u00f3 a los centros comerciales que les permiten realizar su<br>labor voluntaria, pues dijo que esta lactividad previene que caigan en<br>problem\u00e1ticas como la depresi\u00f3n.<br>&nbsp;<br>En el evento el alcalde Rom\u00e1n Alberto Cepeda Gonz\u00e1lez y la se\u00f1ora Selina<br>Bremer de Cepeda, hicieron entrega de mandiles, apoyos alimentarios y est\u00edmulos<br>econ\u00f3micos a los beneficiarios del programa.<br>&nbsp;<br>Acudieron al evento David Flores Lavenant, en representaci\u00f3n de Eduardo Olmos<br>Castro, secretario de Desarrollo Regional de La Laguna; Natalia Fern\u00e1ndez<br>Mart\u00ednez, secretaria del Ayuntamiento de Torre\u00f3n; Elba Leticia de Alba Galarza,<br>regidora presidenta de la Comisi\u00f3n del DIF en el Ayuntamiento de Torre\u00f3n;<br>Marlene Mart\u00ednez Vald\u00e9s, directora general del DIF Torre\u00f3n; Jes\u00fas Meza Sald\u00edvar,<br>gerencia regional zona norte de grupo Soriana; Yesika Liliana Ru\u00edz Jaso,<br>coordinaci\u00f3n regional zona Laguna de Al S\u00faper.<\/p>\n","protected":false},"excerpt":{"rendered":"<p>Torre\u00f3n, Coahuila. A 28 de febrero de 2024. \u00a0El alcalde Rom\u00e1n Alberto Cepeda Gonz\u00e1lez presidi\u00f3 la ceremonia con motivo delD\u00eda del Empacador Voluntario, celebraci\u00f3n instaurada para cada 28 de febrero porel actual Cabildo y el Sistema para el Desarrollo Integral de la Familia (DIF)Torre\u00f3n, como reconocimiento a quienes desempe\u00f1an esa actividad en loscentros comerciales de la ciudad.\u00a0El Presidente Municipal expres\u00f3 su reconocimiento a los adultos mayores yj\u00f3venes menores de edad,&#8230;<\/p>\n","protected":false},"author":1,"featured_media":19591,"comment_status":"closed","ping_status":"closed","sticky":false,"template":"","format":"standard","meta":{"footnotes":""},"categories":[5,28,7],"tags":[],"class_list":["post-19590","post","type-post","status-publish","format-standard","has-post-thumbnail","hentry","category-coahuila","category-la-laguna","category-torreon","wpcat-5-id","wpcat-28-id","wpcat-7-id"],"_links":{"self":[{"href":"https:\/\/www.aquilaguna.com\/index.php\/wp-json\/wp\/v2\/posts\/19590","targetHints":{"allow":["GET"]}}],"collection":[{"href":"https:\/\/www.aquilaguna.com\/index.php\/wp-json\/wp\/v2\/posts"}],"about":[{"href":"https:\/\/www.aquilaguna.com\/index.php\/wp-json\/wp\/v2\/types\/post"}],"author":[{"embeddable":true,"href":"https:\/\/www.aquilaguna.com\/index.php\/wp-json\/wp\/v2\/users\/1"}],"replies":[{"embeddable":true,"href":"https:\/\/www.aquilaguna.com\/index.php\/wp-json\/wp\/v2\/comments?post=19590"}],"version-history":[{"count":1,"href":"https:\/\/www.aquilaguna.com\/index.php\/wp-json\/wp\/v2\/posts\/19590\/revisions"}],"predecessor-version":[{"id":19592,"href":"https:\/\/www.aquilaguna.com\/index.php\/wp-json\/wp\/v2\/posts\/19590\/revisions\/19592"}],"wp:featuredmedia":[{"embeddable":true,"href":"https:\/\/www.aquilaguna.com\/index.php\/wp-json\/wp\/v2\/media\/19591"}],"wp:attachment":[{"href":"https:\/\/www.aquilaguna.com\/index.php\/wp-json\/wp\/v2\/media?parent=19590"}],"wp:term":[{"taxonomy":"category","embeddable":true,"href":"https:\/\/www.aquilaguna.com\/index.php\/wp-json\/wp\/v2\/categories?post=19590"},{"taxonomy":"post_tag","embeddable":true,"href":"https:\/\/www.aquilaguna.com\/index.php\/wp-json\/wp\/v2\/tags?post=19590"}],"curies":[{"name":"wp","href":"https:\/\/api.w.org\/{rel}","templated":true}]}}