{"id":19611,"date":"2024-03-01T19:43:31","date_gmt":"2024-03-02T01:43:31","guid":{"rendered":"https:\/\/www.aquilaguna.com\/?p=19611"},"modified":"2024-03-01T19:43:31","modified_gmt":"2024-03-02T01:43:31","slug":"arranca-por-el-pri-con-todo-como-el-mejor-candidato-hugo-si-regresa","status":"publish","type":"post","link":"https:\/\/www.aquilaguna.com\/index.php\/2024\/03\/01\/arranca-por-el-pri-con-todo-como-el-mejor-candidato-hugo-si-regresa\/","title":{"rendered":"\u00a1Arranca por el PRI con todo!, como el mejor candidato, \u00a1Hugo S\u00cd Regresa!"},"content":{"rendered":"\n<ul class=\"wp-block-list\">\n<li>Inicia Hugo D\u00e1vila su campa\u00f1a como Diputado Federal.<\/li>\n<\/ul>\n\n\n\n<p>Torre\u00f3n, Coahuila; 01 de marzo de 2024.- Con el pie derecho, Hugo<br>D\u00e1vila Prado arranco al primer minuto de este viernes su camino hacia<br>la C\u00e1mara de Diputados.<\/p>\n\n\n\n<p>Acompa\u00f1ado por su suplente H\u00e9ctor Estrada Baca y su coordinador<br>operativo de campa\u00f1a, Javier Armend\u00e1riz Reyes Retana; y respaldado<br>por la Presidenta del Comit\u00e9 Municipal, Ver\u00f3nica Mart\u00ednez Garc\u00eda y del<br>Diputado Federal Jos\u00e9 Antonio Guti\u00e9rrez Jard\u00f3n; de toda la fuerza<br>pri\u00edsta; as\u00ed como de familiares y amigos, el hoy Candidato de la<br>Coalici\u00f3n Fuerza y Coraz\u00f3n por M\u00e9xico por el Distrito 6 con cabecera<br>en Torre\u00f3n, devel\u00f3 en la Colonia Latinoamericano una barda con el<br>slogan de su campa\u00f1a \u201cHugo S\u00ed Regresa\u201d.<\/p>\n\n\n\n<p>\u201cComo Diputado Federal trabajar\u00e9 por el futuro de nuestros j\u00f3venes y<br>la tranquilidad de nuestros adultos mayores\u201d se\u00f1al\u00f3 ante liderazgos<br>sociales, ciudadanos y de los partidos que conforman la gran alianza<br>por M\u00e9xico, y llam\u00f3 a los torreonenses a seguir fortaleciendo Coahuila.<br>Adem\u00e1s se realizaron pegas de calcas y pintas de taxis, evento que se<br>llevo a cabo de manera simultanea en todo el estado por todos los<br>candidatos al Senado y Diputaciones Federales del PRI.<\/p>\n\n\n\n<p>Ver\u00f3nica Mart\u00ednez, Presidenta del Comit\u00e9 Municipal, asegur\u00f3 que<br>\u201cesta es la f\u00f3rmula ganadora\u201d y exhorto a toda la militancia priista a<br>salir a trabajar en unidad.<\/p>\n\n\n\n<p>Con el apoyo de la gente, Hugo D\u00e1vila asegur\u00f3 que desde el<br>Congreso gestionar\u00e1 los recursos que necesita Coahuila para realizar<br>las obras que permitan a nuestra gente seguir avanzando, y ser\u00e1 su<br>compromiso buscar m\u00e1s y mejores programas sociales.<\/p>\n\n\n\n<p>Programas que permitan a los j\u00f3venes estar mejor preparados, y que<br>nuestros adultos mayores puedan aprovechar sus pensiones para<br>gozar del gran esfuerzo que han cosechado, no para comprar<br>medicamentos que el sector salud les deber\u00eda garantizar.<\/p>\n\n\n\n<p>Hugo D\u00e1vila aseguro que ha regresado con su gente, a seguir<br>escuch\u00e1ndolos y trabajar por los problemas de cada familia; \u201cporque el<br>trabajo diario, a pie y en todo el territorio es la mayor evidencia de que<br>\u00a1Hugo S\u00cd Regresa!\u201d.<\/p>\n","protected":false},"excerpt":{"rendered":"<p>Torre\u00f3n, Coahuila; 01 de marzo de 2024.- Con el pie derecho, HugoD\u00e1vila Prado arranco al primer minuto de este viernes su camino haciala C\u00e1mara de Diputados. Acompa\u00f1ado por su suplente H\u00e9ctor Estrada Baca y su coordinadoroperativo de campa\u00f1a, Javier Armend\u00e1riz Reyes Retana; y respaldadopor la Presidenta del Comit\u00e9 Municipal, Ver\u00f3nica Mart\u00ednez Garc\u00eda y delDiputado Federal Jos\u00e9 Antonio Guti\u00e9rrez Jard\u00f3n; de toda la fuerzapri\u00edsta; as\u00ed como de familiares y amigos, el&#8230;<\/p>\n","protected":false},"author":1,"featured_media":19612,"comment_status":"closed","ping_status":"closed","sticky":false,"template":"","format":"standard","meta":{"footnotes":""},"categories":[20,5,42,28,7],"tags":[],"class_list":["post-19611","post","type-post","status-publish","format-standard","has-post-thumbnail","hentry","category-campanas","category-coahuila","category-elecciones","category-la-laguna","category-torreon","wpcat-20-id","wpcat-5-id","wpcat-42-id","wpcat-28-id","wpcat-7-id"],"_links":{"self":[{"href":"https:\/\/www.aquilaguna.com\/index.php\/wp-json\/wp\/v2\/posts\/19611","targetHints":{"allow":["GET"]}}],"collection":[{"href":"https:\/\/www.aquilaguna.com\/index.php\/wp-json\/wp\/v2\/posts"}],"about":[{"href":"https:\/\/www.aquilaguna.com\/index.php\/wp-json\/wp\/v2\/types\/post"}],"author":[{"embeddable":true,"href":"https:\/\/www.aquilaguna.com\/index.php\/wp-json\/wp\/v2\/users\/1"}],"replies":[{"embeddable":true,"href":"https:\/\/www.aquilaguna.com\/index.php\/wp-json\/wp\/v2\/comments?post=19611"}],"version-history":[{"count":1,"href":"https:\/\/www.aquilaguna.com\/index.php\/wp-json\/wp\/v2\/posts\/19611\/revisions"}],"predecessor-version":[{"id":19613,"href":"https:\/\/www.aquilaguna.com\/index.php\/wp-json\/wp\/v2\/posts\/19611\/revisions\/19613"}],"wp:featuredmedia":[{"embeddable":true,"href":"https:\/\/www.aquilaguna.com\/index.php\/wp-json\/wp\/v2\/media\/19612"}],"wp:attachment":[{"href":"https:\/\/www.aquilaguna.com\/index.php\/wp-json\/wp\/v2\/media?parent=19611"}],"wp:term":[{"taxonomy":"category","embeddable":true,"href":"https:\/\/www.aquilaguna.com\/index.php\/wp-json\/wp\/v2\/categories?post=19611"},{"taxonomy":"post_tag","embeddable":true,"href":"https:\/\/www.aquilaguna.com\/index.php\/wp-json\/wp\/v2\/tags?post=19611"}],"curies":[{"name":"wp","href":"https:\/\/api.w.org\/{rel}","templated":true}]}}