{"id":19634,"date":"2024-03-04T00:34:30","date_gmt":"2024-03-04T06:34:30","guid":{"rendered":"https:\/\/www.aquilaguna.com\/?p=19634"},"modified":"2024-03-04T00:34:30","modified_gmt":"2024-03-04T06:34:30","slug":"aqui-laguna-298","status":"publish","type":"post","link":"https:\/\/www.aquilaguna.com\/index.php\/2024\/03\/04\/aqui-laguna-298\/","title":{"rendered":"Aqu\u00ed Laguna."},"content":{"rendered":"\n<p>\u00a1Nuevo R\u00e9cord! El impuesto a las primeras horas de esta dominguera ma\u00f1ana \u00a0 en la meta del\u00a0 Marat\u00f3n LALA, en su edici\u00f3n\u00a0 XXXV, a cargo del atleta\u00a0 Orlando Cedillo, \u00a0 fijado en\u00a0 dos horas, 19 minutos\u00a0 y 20 segundos, tras recorrer, el cl\u00e1sico\u00a0 tramo de\u00a0 42 kil\u00f3metros\u00a0 195 metros  y que rememora\u00a0 otra\u00a0 inmortal carrera, epopeya que se canta\u00a0 en Grecia y en el mundo, y aqu\u00ed en Torre\u00f3n\u00a0 evento deportivo que vino de \u00a0 menos a m\u00e1s, ubicando a la capital de la Laguna\u00a0 en el plano nacional e internacional, por \u00a0 el alto n\u00famero de perseverantes aficionados y \u00a0 atletas -hombres y mujeres-, la participaci\u00f3n y alto rendimiento que \u00a0 demuestran\u00a0 en cada edici\u00f3n \u00a0 luego que su\u00a0 convocante y\u00a0 primer organizador, el ya desaparecido Ram\u00f3n Iriarte Maisterrena\u00a0 convocara y\u00a0 lograr\u00e1 realizar\u00a0 la primer carrera de este orden, en la que participaron poco m\u00e1s de 400\u00a0 deportistas mayormente \u00a0 aficionados a la caminata y \u00a0 con escasos \u00a0 aficionados y algunos\u00a0 deportistas profesionales -si es que los hubo-, \u00a0 el 16 de abril de \u00a0 1989.<\/p>\n\n\n\n<p>Diremos que el ganador, que lo hace por segunda vez consecutiva, ser\u00e1 participante principal en una bolsa de premios y est\u00edmulos\u00a0 que dicen alcanzar\u00e1n m\u00e1s de 600 mil pesos, mas un autom\u00f3vil para \u00a0 este ganador, pero m\u00e1s que el premio en met\u00e1lico,\u00a0 queda sin duda, para los ganadores, hombres y mujeres, el ejemplo que como deportistas dejan, no solo por\u00a0 la capacidad f\u00edsica demostrada, sino por el ejemplo que\u00a0 dejan tambi\u00e9n para los j\u00f3venes y los no tanto que\u00a0 muestra la val\u00eda que tiene la disciplina, la tenacidad y perseverancia\u00a0 en todos los \u00f3rdenes de la vida, am\u00e9n de las emociones que los laguneros generaron\u00a0 \u00a0 hacia los participantes en en este marat\u00f3n, a lo largo del recorrido de la ruta trazada y que cruza las tres ciudades que constituyen la zona metropolitana de la Laguna.<\/p>\n\n\n\n<p>Por cierto en la meta, escasas se vieron de autoridades, las que generalmente se agolparan en muchas ocasiones,\u00a0 no solo por que hayan participado en tal contienda, sino por las regal\u00edas que\u00a0 pretend\u00edan percibir con su asistencia. En esta ocasi\u00f3n, se dej\u00f3 ver y eso que no se contaba con la presencia de AMLO,\u00a0 al empresario Eduardo Tricio Haro,\u00a0 Presidente del Consejo de Administraci\u00f3n de LALA, S. A. de\u00a0 C.V. algo esmirriado f\u00edsicamente, ser\u00e1 porque lo vemos poco\u00a0 y eso nos parece.<\/p>\n\n\n\n<p>Y\u00a0 ya en periodo &#8220;oficial&#8221; de contienda electoral federal,\u00a0 que es un decir, pues este periplo\u00a0 estar\u00e1\u00a0 sobre la cabeza\u00a0 de los mexicanos\u00a0 \u00a0 a quien\u00a0 le interese o no la pol\u00edtica \u00a0 y ya\u00a0 no digamos de su clase pol\u00edtica,\u00a0 que ya est\u00e1 en eso desde hace ya m\u00e1s de un a\u00f1o y eso, que apenas empezar\u00e1 el tsunami\u00a0 de ruido y furia\u00a0 que nos\u00a0 estar\u00e1n generando\u00a0 la\u00a0 difusi\u00f3n de millones de enga\u00f1osos\u00a0 mensajes que en su\u00a0 mayor\u00eda contiene solo\u00a0 basura,\u00a0 mentirosa propaganda pol\u00edtica en marcha, pues es fecha. Vea\u00a0 usted, que en el\u00a0 colectivo de la opini\u00f3n p\u00fablica no haya permeado a\u00fan,\u00a0 ya no digamos identidad ideol\u00f3gica alguna,\u00a0 borrada como est\u00e1 ya\u00a0 la difusa\u00a0 frontera\u00a0 que en este tema,\u00a0 existe,\u00a0 sino siquiera el tema, de las muchas asignaturas pendientes\u00a0 que tiene nuestros gobiernos, seguridad, salud, educaci\u00f3n, desarrollo, certeza\u00a0 jur\u00eddica,\u00a0 cuidado del medio ambiente, atenci\u00f3n a\u00a0 la crisis h\u00eddrica ya en puerta,\u00a0 justicia, etc., etc.,  cual han seleccionado cada \u00a0 agrupaci\u00f3n partidista o \u00a0 candidato \u00a0 que domine siquiera\u00a0 dominar\u00a0 el discurso con el que pretenden alcanzar\u00a0 la voluntad ciudadana a su favor.<\/p>\n\n\n\n<p>Asi Claudia Sheinbaum, X\u00f3chitl G\u00e1lvez\u00a0 arrancaron, con mitin\u00a0 multitudinario en el Z\u00f3calo y la G\u00e1lvez, quien dej\u00f3 de vender gelatinas para otro dia,\u00a0 lo hizo en Fresnillo, ciudad m\u00e1rtir, firmando hasta con su sangre,\u00a0 su\u00a0 compromiso en materia de seguridad, en tanto que el candidato fosfo Jorge \u00c1lvarez M\u00e1ynez, por ah\u00ed anda, dando l\u00e1stimas&#8230;<\/p>\n\n\n\n<p>En Torre\u00f3n diremos que en el primer minuto\u00a0 de este primero de marzo, que solo a trav\u00e9s de un\u00a0 escueto bolet\u00edn, el PRI\u00a0 municipal inform\u00f3 en\u00a0 su madrugada,\u00a0del arranque de campa\u00f1a de su candidato, Hugo D\u00e1vila Prado en pos de la diputaci\u00f3n federal que la suerte -que nunca hay que desestimarla-, y el traspi\u00e9 verbal de Marko\u00a0 Cort\u00e9z, hizo posible. En\u00a0 el acto , estuvo presente la lideresa\u00a0 del Comit\u00e9 Municipal del Tricolor, as\u00ed\u00a0como\u00a0 el alcalde Rom\u00e1n Alberto Cepeda, que extra\u00f1amente\u00a0 no asistieron -no se conoce la raz\u00f3n-, a la ciudad capital Saltillo, donde el resto de los candidatos a las seis\u00a0 diputaciones federales  -inclu\u00eddo Guillermo Anaya- , si estuvieron presentes, as\u00ed\u00a0 como los alcaldes como meros invitados si bien,\u00a0 el caso es que\u00a0 Rom\u00e1n Alberto Cepeda\u00a0 figura ya como\u00a0 un\u00a0 candidato a\u00a0 reelecci\u00f3n\u00a0 y Ver\u00f3nica Mart\u00ednez, se encuentra en\u00a0 el listado de diputados federales \u00a0 pluris, lo que quiz\u00e1s le permita sobrevivir\u00a0 en n\u00f3mina y en\u00a0 escena pol\u00edtica en los pr\u00f3ximos  tres a\u00f1os, Dios mediante\u2026<\/p>\n\n\n\n<p>Y en Torre\u00f3n,\u00a0 sigue el boom de la especulaci\u00f3n\u00a0 inmobiliaria en su \u00e1rea de terrenos con destino al hospedaje industrial,\u00a0 sacando al mercado,\u00a0 extensos terrenos otrora de\u00a0 r\u00e9gimen ejidal y que fueron adquiridos tras la\u00a0 contrareforma agraria a cargo de Carlos Salinas de Gortari, cuando los se\u00f1ores nuevos \u00a0 propietarios\u00a0 de los\u00a0 mismos\u00a0 huelen negocio\u00a0 al registrar\u00a0 expectativa de inversiones en esta la regi\u00f3n, \u00a0 que podr\u00edan\u00a0 el\u00a0 lento proceso del cambio de vocaci\u00f3n econ\u00f3mica que aletarg\u00f3 a la regi\u00f3n en los a\u00f1os subsecuentes, tras la extinci\u00f3n del ejido, all\u00e1 en lo que hoy parece lejana d\u00e9cada de los a\u00f1os 90. As\u00ed vemos que apellidos como Mansur, Villalobos, Francisco\u00a0 Antonio Ramos\u00a0 Moreno, Adri\u00e1n Ofelio Leal D\u00e1vila, Julio C\u00e9sar Puentes\u00a0 Rodr\u00edguez, am\u00e9n de Claudio Mel\u00e9ndez\u00a0 que hacen ya competencia\u00a0 a los &#8220;parqueros&#8221; que dominaron \u00a0 tal nicho\u00a0 desde hace algunos ayeres, como son miembros de la familia Ram\u00f3n, diremos que quiz\u00e1s \u00e9sta renovada vocaci\u00f3n empresarial\u00a0 tenga que ver con el hecho de los\u00a0 terrenos destinados a la construcci\u00f3n de vivienda de bajo o alto rango mas que est\u00e1n agotados, y hay que buscarle destino a lo que resta, apost\u00e1ndole a que haya consumaci\u00f3n\u00a0 del Nearshoring.<\/p>\n\n\n\n<p>Apoco m\u00e1s de un mes, el nicho de oportunidad para hacer negocio a costa del sol, s\u00ed se\u00f1or, del sol y\u00a0 sus poco menos de cinco minutos que\u00a0 ser\u00e1 opacado de manera total por la luna y la tierra el d\u00eda 8 de abril\u00a0 pr\u00f3ximo,\u00a0 no solo gobierno, sino en especial, esa &#8220;sociedad civil&#8221;\u00a0 anda m\u00e1s que motivada para\u00a0 lograr generar ingreso con  el tiempo que la mec\u00e1nica\u00a0 celeste\u00a0coloc\u00f3 a Torre\u00f3n y a una serie de poblados\u00a0 \u00a0 allende el Nazas, para \u00a0 observar este fen\u00f3meno celeste \u00a0 por el\u00a0 escaso tiempo citado, y\u00a0 para el cual, no\u00a0 solo cient\u00edficos, estudiosos del tema y aficionados han agotado ya\u00a0 reserva alguna de los m\u00e1s de 3,000 cuartos de hoteles\u00a0 con los que Torre\u00f3n cuenta, incluso \u00a0 los restauranteros, desde CANIRAC,\u00a0 planean\u00a0 ofertar\u00a0 para tal fecha,\u00a0 men\u00fas especiales y otros atractivos que hagan inolvidable la estancia en esta ciudad a sus visitantes.<\/p>\n\n\n\n<p>En tanto no se conoce a\u00fan como ser\u00e1n\u00a0 distribuidos gratuitamente\u00a0 a la poblaci\u00f3n\u00a0 local los dispositivos para poder ver con seguridad el fen\u00f3meno -mucho\u00a0 menos en municipios\u00a0 aleda\u00f1os-, si bien a\u00fan no se fijan las reglas para poder\u00a0 ser beneficiados con estos accesorios, pues\u00a0 ya muy anticipado que el efecto del eclipse no podr\u00e1 ser visto sin ellos so pena de registrar da\u00f1os en la visi\u00f3n. Por lo pronto &#8220;alguien ya hizo\u00a0 negocio&#8221; al\u00a0 vender, o al menos cobrar a trav\u00e9s de una obvia empresa fantasma tales accesorios, sin que se sepa,\u00a0 aunque corran versiones  sobre la presunta identidad la\u00a0 pareja beneficiada, que le genera ya al alcalde reeleccionista Rom\u00e1n Alberto Cepeda\u00a0 certeros se\u00f1alamientos en su contra, y que sin duda, aparecer\u00e1n, m\u00ednimo como &#8220;observaciones&#8221; en\u00a0 el informe que al respecto del uso de los recursos p\u00fablicos que corresponden al presente a\u00f1o, le\u00a0 habr\u00e1 de\u00a0 fijar,\u00a0 la Auditor\u00eda Superior de Hacienda en el Estado, por cierto, hay ya particulares que tambi\u00e9n quieren negocio, y buscan, sin encontrar\u00a0 autorizaci\u00f3n oficial alguna para vender\u00a0 lentes para el eclipse y hasta el momento ninguna autoridad \u00a0 sale a la palestra para indicar cuales son las especificaciones que deben cubrir tales accesorios.<\/p>\n","protected":false},"excerpt":{"rendered":"<p>\u00a1Nuevo R\u00e9cord! El impuesto a las primeras horas de esta dominguera ma\u00f1ana \u00a0 en la meta del\u00a0 Marat\u00f3n LALA, en su edici\u00f3n\u00a0 XXXV, a cargo del atleta\u00a0 Orlando Cedillo, \u00a0 fijado en\u00a0 dos horas, 19 minutos\u00a0 y 20 segundos, tras recorrer, el cl\u00e1sico\u00a0 tramo de\u00a0 42 kil\u00f3metros\u00a0 195 metros y que rememora\u00a0 otra\u00a0 inmortal carrera, epopeya que se canta\u00a0 en Grecia y en el mundo, y aqu\u00ed en Torre\u00f3n\u00a0 evento&#8230;<\/p>\n","protected":false},"author":2,"featured_media":0,"comment_status":"closed","ping_status":"","sticky":false,"template":"","format":"standard","meta":{"footnotes":""},"categories":[8],"tags":[],"class_list":["post-19634","post","type-post","status-publish","format-standard","hentry","category-aqui-laguna","wpcat-8-id"],"_links":{"self":[{"href":"https:\/\/www.aquilaguna.com\/index.php\/wp-json\/wp\/v2\/posts\/19634","targetHints":{"allow":["GET"]}}],"collection":[{"href":"https:\/\/www.aquilaguna.com\/index.php\/wp-json\/wp\/v2\/posts"}],"about":[{"href":"https:\/\/www.aquilaguna.com\/index.php\/wp-json\/wp\/v2\/types\/post"}],"author":[{"embeddable":true,"href":"https:\/\/www.aquilaguna.com\/index.php\/wp-json\/wp\/v2\/users\/2"}],"replies":[{"embeddable":true,"href":"https:\/\/www.aquilaguna.com\/index.php\/wp-json\/wp\/v2\/comments?post=19634"}],"version-history":[{"count":1,"href":"https:\/\/www.aquilaguna.com\/index.php\/wp-json\/wp\/v2\/posts\/19634\/revisions"}],"predecessor-version":[{"id":19635,"href":"https:\/\/www.aquilaguna.com\/index.php\/wp-json\/wp\/v2\/posts\/19634\/revisions\/19635"}],"wp:attachment":[{"href":"https:\/\/www.aquilaguna.com\/index.php\/wp-json\/wp\/v2\/media?parent=19634"}],"wp:term":[{"taxonomy":"category","embeddable":true,"href":"https:\/\/www.aquilaguna.com\/index.php\/wp-json\/wp\/v2\/categories?post=19634"},{"taxonomy":"post_tag","embeddable":true,"href":"https:\/\/www.aquilaguna.com\/index.php\/wp-json\/wp\/v2\/tags?post=19634"}],"curies":[{"name":"wp","href":"https:\/\/api.w.org\/{rel}","templated":true}]}}