{"id":19651,"date":"2024-03-05T18:19:36","date_gmt":"2024-03-06T00:19:36","guid":{"rendered":"https:\/\/www.aquilaguna.com\/?p=19651"},"modified":"2024-03-05T18:19:37","modified_gmt":"2024-03-06T00:19:37","slug":"preparan-actividad-el-archivo-municipal-y-el-instituto-de-la-mujer-por-el-8m","status":"publish","type":"post","link":"https:\/\/www.aquilaguna.com\/index.php\/2024\/03\/05\/preparan-actividad-el-archivo-municipal-y-el-instituto-de-la-mujer-por-el-8m\/","title":{"rendered":"Preparan actividad el Archivo Municipal y el Instituto de la Mujer por el 8M."},"content":{"rendered":"\n<p>Torre\u00f3n, Coahuila. A 05 de marzo de 2024.<\/p>\n\n\n\n<p>El Archivo Municipal de Torre\u00f3n, en coordinaci\u00f3n con el Instituto Municipal\u00a0de\u00a0la<br>Mujer,\u00a0invita a la presentaci\u00f3n del libro: S\u00ed, somos periodistas, voces\u00a0de\u00a031<br>comunicadoras laguneras, el pr\u00f3ximo jueves 07 de marzo a las 19:00 horas, con<br>entrada libre.<\/p>\n\n\n\n<p>Cinthia Gaspar Montero, directora de la dependencia, puntualiz\u00f3 que esta<br>actividad se inserta en el marco del D\u00eda Internacional\u00a0de\u00a0la Mujer, el 08 de marzo.<\/p>\n\n\n\n<p>E inform\u00f3 que los comentarios estar\u00e1n a cargo de Adriana Vargas Flores, Jessica<br>Ayala Barbosa, Mar\u00eda del Socorro Mu\u00f1oz Verdeja y Juan No\u00e9 Fern\u00e1ndez Andrade.<\/p>\n\n\n\n<p>Adem\u00e1s, Andrea Hern\u00e1ndez Gonz\u00e1lez, directora del Instituto Municipal\u00a0de\u00a0la<br>Mujer, dar\u00e1 un mensaje especial con la relaci\u00f3n a la importancia sociocultural de la<br>conmemoraci\u00f3n del 8 de marzo (8M).<\/p>\n\n\n\n<p>Por su parte, Balbina Flores Mart\u00ednez, quien prolog\u00f3 este proyecto editorial, dice<br>que este libro es un espejo del periodismo en La Laguna de Coahuila y Durango,<br>que da voz a una muestra significativa de mujeres periodistas de diversas edades,<br>medios y experiencias en esta regi\u00f3n y, como dice su autor, \u201ces un homenaje a<br>ellas\u201d, a aquellas mujeres que han desempe\u00f1ado su labor como periodistas desde<br>una visi\u00f3n de servicio a la sociedad y que han dado voz a quienes no la tienen<br>desde los distintos medios donde laboran.<\/p>\n\n\n\n<p>\u201cEs un gran acierto que esta propuesta recopile las voces de las mujeres<br>periodistas de la regi\u00f3n en la que hablan de sus experiencias en su encuentro con<br>el periodismo en la Comarca Lagunera, c\u00f3mo y por qu\u00e9 se enamoraron de esta<br>profesi\u00f3n y cu\u00e1les han sido sus vivencias en esta tarea nada f\u00e1cil para ellas que<br>tuvieron que tejer su propio camino en un gremio dominado principalmente por<br>hombres. No sin los obst\u00e1culos, temores y miedos que muchas enfrentaron en sus<br>coberturas informativas al iniciar el ejercicio de su labor period\u00edstica\u201d, expres\u00f3.<\/p>\n\n\n\n<p>Acerca de los ponentes, Adriana Vargas Flores es periodista cultural con 20 a\u00f1os<br>de trayectoria y tambi\u00e9n se desempe\u00f1a en el \u00e1rea de relaciones p\u00fablicas, difusi\u00f3n<br>cultural y comunicaci\u00f3n social. Es licenciada en Ciencias de la Comunicaci\u00f3n por<br>la Universidad La Salle y Maestra en Estudios Human\u00edsticos por el Tecnol\u00f3gico de<br>Monterrey.<\/p>\n\n\n\n<p>Acreedora a la Presea Roberto Orozco Melo M\u00e9rito al Periodismo Cultural, dentro<br>del Premio Estatal de Periodismo Coahuila 2022. Actualmente es redactora y<br>productora editorial en NMAS Coahuila (Televisa Univisi\u00f3n) y catedr\u00e1tica en la<br>Universidad Iberoamericana de Torre\u00f3n.<\/p>\n\n\n\n<p>Jessica Ayala Barbosa es periodista independiente. Fundadora y directora del<br>portal Plaza P\u00fablica e integrante del Border Hub. Escribe la columna Lagunauta en<\/p>\n\n\n\n<p>el suplemento mensual M Laguna de Milenio y forma parte del consejo editorial del<br>portal Heridas Abiertas.<\/p>\n\n\n\n<p>Mar\u00eda del Socorro Mu\u00f1oz Verdeja, cuenta con 32 a\u00f1os de experiencia en los<br>medios de comunicaci\u00f3n, 18 de los cuales han sido dentro de la radio.<\/p>\n\n\n\n<p>A lo largo de su trayectoria se desempe\u00f1\u00f3 como reportera, productora, guionista y<br>conductora. Actualmente est\u00e1 a cargo del programa de asistencia social \u201cV\u00e1monos<br>ubicando\u201d, un proyecto radiof\u00f3nico se transmite de lunes a viernes a trav\u00e9s de<br>Radio F\u00f3rmula.<\/p>\n\n\n\n<p>Y Juan No\u00e9 Fern\u00e1ndez Andrade, egres\u00f3 de la escuela de Periodismo \u201cCarlos<br>Septi\u00e9n Garc\u00eda\u201d. Fundador de \u201cEl Financiero\u201d, y corresponsal de este en La<br>Laguna.<\/p>\n\n\n\n<p>Registra estudios de periodismo en la Universidad Complutense, en Madrid y<br>como enviado especial a Nicaragua. Fundador del colectivo de periodistas \u201cVoces<br>Irritilas\u201d, A. C., y promotor de la libertad de expresi\u00f3n y defensa de los derechos<br>humanos de las y los periodistas. Acad\u00e9mico en diversas universidades de la<br>Comarca Lagunera de Coahuila y Durango.<\/p>\n\n\n\n<p>La presentaci\u00f3n del libro se llevar\u00e1 a cabo en el Archivo Municipal, ubicado en<br>calle Acu\u00f1a 140 sur, colonia Centro.<\/p>\n","protected":false},"excerpt":{"rendered":"<p>Torre\u00f3n, Coahuila. A 05 de marzo de 2024. El Archivo Municipal de Torre\u00f3n, en coordinaci\u00f3n con el Instituto Municipal\u00a0de\u00a0laMujer,\u00a0invita a la presentaci\u00f3n del libro: S\u00ed, somos periodistas, voces\u00a0de\u00a031comunicadoras laguneras, el pr\u00f3ximo jueves 07 de marzo a las 19:00 horas, conentrada libre. Cinthia Gaspar Montero, directora de la dependencia, puntualiz\u00f3 que estaactividad se inserta en el marco del D\u00eda Internacional\u00a0de\u00a0la Mujer, el 08 de marzo. E inform\u00f3 que los comentarios estar\u00e1n&#8230;<\/p>\n","protected":false},"author":1,"featured_media":19652,"comment_status":"closed","ping_status":"closed","sticky":false,"template":"","format":"standard","meta":{"footnotes":""},"categories":[5,12,48,28,7],"tags":[],"class_list":["post-19651","post","type-post","status-publish","format-standard","has-post-thumbnail","hentry","category-coahuila","category-cultura","category-genero","category-la-laguna","category-torreon","wpcat-5-id","wpcat-12-id","wpcat-48-id","wpcat-28-id","wpcat-7-id"],"_links":{"self":[{"href":"https:\/\/www.aquilaguna.com\/index.php\/wp-json\/wp\/v2\/posts\/19651","targetHints":{"allow":["GET"]}}],"collection":[{"href":"https:\/\/www.aquilaguna.com\/index.php\/wp-json\/wp\/v2\/posts"}],"about":[{"href":"https:\/\/www.aquilaguna.com\/index.php\/wp-json\/wp\/v2\/types\/post"}],"author":[{"embeddable":true,"href":"https:\/\/www.aquilaguna.com\/index.php\/wp-json\/wp\/v2\/users\/1"}],"replies":[{"embeddable":true,"href":"https:\/\/www.aquilaguna.com\/index.php\/wp-json\/wp\/v2\/comments?post=19651"}],"version-history":[{"count":1,"href":"https:\/\/www.aquilaguna.com\/index.php\/wp-json\/wp\/v2\/posts\/19651\/revisions"}],"predecessor-version":[{"id":19653,"href":"https:\/\/www.aquilaguna.com\/index.php\/wp-json\/wp\/v2\/posts\/19651\/revisions\/19653"}],"wp:featuredmedia":[{"embeddable":true,"href":"https:\/\/www.aquilaguna.com\/index.php\/wp-json\/wp\/v2\/media\/19652"}],"wp:attachment":[{"href":"https:\/\/www.aquilaguna.com\/index.php\/wp-json\/wp\/v2\/media?parent=19651"}],"wp:term":[{"taxonomy":"category","embeddable":true,"href":"https:\/\/www.aquilaguna.com\/index.php\/wp-json\/wp\/v2\/categories?post=19651"},{"taxonomy":"post_tag","embeddable":true,"href":"https:\/\/www.aquilaguna.com\/index.php\/wp-json\/wp\/v2\/tags?post=19651"}],"curies":[{"name":"wp","href":"https:\/\/api.w.org\/{rel}","templated":true}]}}