{"id":19663,"date":"2024-03-05T18:32:35","date_gmt":"2024-03-06T00:32:35","guid":{"rendered":"https:\/\/www.aquilaguna.com\/?p=19663"},"modified":"2024-03-05T18:32:35","modified_gmt":"2024-03-06T00:32:35","slug":"se-registran-candidatos-para-la-direccion-de-asuntos-academicos-planeacion-y-la-tesoreria-general-en-la-uadec-2","status":"publish","type":"post","link":"https:\/\/www.aquilaguna.com\/index.php\/2024\/03\/05\/se-registran-candidatos-para-la-direccion-de-asuntos-academicos-planeacion-y-la-tesoreria-general-en-la-uadec-2\/","title":{"rendered":"Se Registran Candidatos para la Direcci\u00f3n de Asuntos Acad\u00e9micos, Planeaci\u00f3n y la Tesorer\u00eda General en la UAdeC."},"content":{"rendered":"\n<p>SALTILLO, Coahuila. 5 de marzo de 2024. En cumplimiento a los art\u00edculos 29 y<br>90 del Estatuto Universitario y la Ley Org\u00e1nica de la Universidad Aut\u00f3noma de<br>Coahuila, los interesados en ocupar los cargos de Director de Asuntos<br>Acad\u00e9micos, Director de Planeaci\u00f3n y Tesorero General para el per\u00edodo 2024-<br>2027, presentaron este martes, su solicitud y plan de trabajo en el Despacho de la<br>Rector\u00eda.<\/p>\n\n\n\n<p>En presencia del rector de la m\u00e1xima casa de estudios, como presidente ex oficio<br>del Consejo Universitario, Octavio Pimentel Mart\u00ednez y el secretario general, V\u00edctor<br>S\u00e1nchez Vald\u00e9s, los candidatos que atendieron la convocatoria de registro,<br>emitida desde el pasado 4 de marzo y vigente al 8 del mismo, entregaron cuatro<br>requisitos entre ellos el curr\u00edculum, el plan de trabajo, la declaratoria 3 de 3 contra<br>la violencia de g\u00e9nero y la carta de intenci\u00f3n.<\/p>\n\n\n\n<p>Al candidato para la direcci\u00f3n de Planeaci\u00f3n, Jes\u00fas Alberto Montalvo, a la<br>candidata para la direcci\u00f3n de Asuntos Acad\u00e9micos Martha Adriana Centeno<br>Aranda y al candidato a Tesorero General, Evaristo Alf\u00e9rez Rodr\u00edguez, se les hizo<br>entrega de la constancia de registro para que inicien su campa\u00f1a entre los<br>integrantes del Honorable Consejo Universitario, y sean sometidas ante el pleno el<br>pr\u00f3ximo 20 de marzo.<\/p>\n\n\n\n<p>La convocatoria establece que las y los postulantes deber\u00e1n registrarse y<br>presentar la solicitud por escrito del 4 al 8 de marzo en las oficinas de la Rector\u00eda,<br>ubicadas en Blvd. V. Carranza s\/n, esquina con Salvador Gonz\u00e1lez Lobo en la<br>colonia Rep\u00fablica Oriente, C.P. 25280 (Saltillo, Coahuila), en horario de 9:00 a<br>15:00 horas.<\/p>\n\n\n\n<p>Asimismo, deber\u00e1n incluir de manera impresa y en formato electr\u00f3nico, su<br>propuesta de plan de trabajo, su curr\u00edculum vitae, la carta intenci\u00f3n y la<br>declaratoria firmada de 3 de 3 contra la violencia de g\u00e9nero, lo cual ser\u00e1\u0301 entregado<br>para revisi\u00f3n a las y los consejeros universitarios; el o la aspirante deber\u00e1<br>comprometerse a asistir a la sesi\u00f3n del H. Consejo Universitario convocada con el<br>prop\u00f3sito de elegir: director (a) de Planeaci\u00f3n, director (a) de Asuntos Acad\u00e9micos<br>y Tesorero (a) de la Universidad Aut\u00f3noma de Coahuila.<\/p>\n\n\n\n<p>Esto con el fin de exponer al pleno, una breve rese\u00f1a de la propuesta del plan de<br>trabajo y para el caso que deba interrog\u00e1rsele; ser\u00e1n electos las y los aspirantes<br>que obtengan la mayor\u00eda de los votos de los consejeros presentes, ya que en el<br>mismo acto se tomar\u00e1 la protesta correspondiente para el ejercicio 2024-2027, a<br>quien resulte favorecido con la decisi\u00f3n del H. Consejo.<\/p>\n\n\n\n<p>Martha Adriana Centeno Aranda, es doctora en Derecho Penal, y se ha<br>desempe\u00f1ado como directora de la Facultad de Derecho en la Unidad Torre\u00f3n<br>(2020-2024); Jes\u00fas Alberto Montalvo Morales es Doctor en Administraci\u00f3n y Alta<br>Direcci\u00f3n; fue director de planeaci\u00f3n de 2021 a 2024, y director de la Facultad de<br>Ciencias de la Administraci\u00f3n Unidad Saltillo (2014-2018).<\/p>\n\n\n\n<p>Por su parte, Evaristo Alf\u00e9rez Rodr\u00edguez es doctor en Ciencias de la Educaci\u00f3n,<br>de 2022- 2024 fue director de la Facultad de Sistemas US (2022-2024), y ha<br>trabajado en la direcci\u00f3n de Asuntos Acad\u00e9micos y en la Coordinaci\u00f3n de<br>Vinculaci\u00f3n e Innovaci\u00f3n Productiva.<\/p>\n\n\n\n<p>El rector Octavio Pimentel Mart\u00ednez, reafirm\u00f3 que la convocatoria permanecer\u00e1<br>abierta hasta el pr\u00f3ximo viernes 8 de marzo; exhort\u00f3 a la y los candidatos a que<br>en apego a la legalidad y al Estatuto Universitario desarrollen su campa\u00f1a en<br>orden y con respeto a la Universidad Aut\u00f3noma de Coahuila, para que promuevan<br>entre las y los integrantes del Consejo Universitario su plan de trabajo.<\/p>\n","protected":false},"excerpt":{"rendered":"<p>SALTILLO, Coahuila. 5 de marzo de 2024. En cumplimiento a los art\u00edculos 29 y90 del Estatuto Universitario y la Ley Org\u00e1nica de la Universidad Aut\u00f3noma deCoahuila, los interesados en ocupar los cargos de Director de AsuntosAcad\u00e9micos, Director de Planeaci\u00f3n y Tesorero General para el per\u00edodo 2024-2027, presentaron este martes, su solicitud y plan de trabajo en el Despacho de laRector\u00eda. En presencia del rector de la m\u00e1xima casa de estudios,&#8230;<\/p>\n","protected":false},"author":1,"featured_media":19664,"comment_status":"closed","ping_status":"closed","sticky":false,"template":"","format":"standard","meta":{"footnotes":""},"categories":[2],"tags":[],"class_list":["post-19663","post","type-post","status-publish","format-standard","has-post-thumbnail","hentry","category-uadec","wpcat-2-id"],"_links":{"self":[{"href":"https:\/\/www.aquilaguna.com\/index.php\/wp-json\/wp\/v2\/posts\/19663","targetHints":{"allow":["GET"]}}],"collection":[{"href":"https:\/\/www.aquilaguna.com\/index.php\/wp-json\/wp\/v2\/posts"}],"about":[{"href":"https:\/\/www.aquilaguna.com\/index.php\/wp-json\/wp\/v2\/types\/post"}],"author":[{"embeddable":true,"href":"https:\/\/www.aquilaguna.com\/index.php\/wp-json\/wp\/v2\/users\/1"}],"replies":[{"embeddable":true,"href":"https:\/\/www.aquilaguna.com\/index.php\/wp-json\/wp\/v2\/comments?post=19663"}],"version-history":[{"count":1,"href":"https:\/\/www.aquilaguna.com\/index.php\/wp-json\/wp\/v2\/posts\/19663\/revisions"}],"predecessor-version":[{"id":19665,"href":"https:\/\/www.aquilaguna.com\/index.php\/wp-json\/wp\/v2\/posts\/19663\/revisions\/19665"}],"wp:featuredmedia":[{"embeddable":true,"href":"https:\/\/www.aquilaguna.com\/index.php\/wp-json\/wp\/v2\/media\/19664"}],"wp:attachment":[{"href":"https:\/\/www.aquilaguna.com\/index.php\/wp-json\/wp\/v2\/media?parent=19663"}],"wp:term":[{"taxonomy":"category","embeddable":true,"href":"https:\/\/www.aquilaguna.com\/index.php\/wp-json\/wp\/v2\/categories?post=19663"},{"taxonomy":"post_tag","embeddable":true,"href":"https:\/\/www.aquilaguna.com\/index.php\/wp-json\/wp\/v2\/tags?post=19663"}],"curies":[{"name":"wp","href":"https:\/\/api.w.org\/{rel}","templated":true}]}}