{"id":19763,"date":"2024-03-13T17:49:57","date_gmt":"2024-03-13T23:49:57","guid":{"rendered":"https:\/\/www.aquilaguna.com\/?p=19763"},"modified":"2024-03-13T17:49:57","modified_gmt":"2024-03-13T23:49:57","slug":"en-la-escuela-de-bachilleres-dr-mariano-narvaez-gonzalez-continua-como-directora-claudia-elena-garcia-vega","status":"publish","type":"post","link":"https:\/\/www.aquilaguna.com\/index.php\/2024\/03\/13\/en-la-escuela-de-bachilleres-dr-mariano-narvaez-gonzalez-continua-como-directora-claudia-elena-garcia-vega\/","title":{"rendered":"En la Escuela de Bachilleres \u201cDr. Mariano Narv\u00e1ez Gonz\u00e1lez\u201d Contin\u00faa como Directora Claudia Elena Garc\u00eda Vega."},"content":{"rendered":"\n<p>SALTILLO, Coahuila. 13 de marzo de 2024. Ante la comunidad estudiantil y<br>docente de la Escuela de Bachilleres \u201cDr. Mariano Narv\u00e1ez Gonz\u00e1lez\u201d, el rector de<br>la Universidad Aut\u00f3noma de Coahuila, Octavio Pimentel Mart\u00ednez, tom\u00f3 protesta la<br>Lic. Claudia Elena Garc\u00eda Vega como directora del plantel para un segundo<br>periodo 2024-2027.<\/p>\n\n\n\n<p>Durante el evento realizado en el patio central del plantel, estuvieron presentes el<br>secretario general de la UAdeC, V\u00edctor S\u00e1nchez Vald\u00e9s, funcionariado de la<br>Administraci\u00f3n central, integrantes del Consejo Directivo del plantel y ex<br>directores, as\u00ed como estudiantes y docentes.<\/p>\n\n\n\n<p>En su mensaje, el Rector reconoci\u00f3 y agradeci\u00f3 la labor y dedicaci\u00f3n de la<br>directora, Claudia Elena Garc\u00eda, destacando el compromiso y trabajo en equipo<br>demostrado por la comunidad universitaria de la Preparatoria.<\/p>\n\n\n\n<p>Enfatiz\u00f3 el hecho hist\u00f3rico de tener tres mujeres tomando protesta en diferentes<br>posiciones universitarias, subrayando el papel crucial en la instituci\u00f3n, lo que<br>refleja una realidad tangible de igualdad de g\u00e9nero en la Universidad, donde las<br>mujeres no solo ocupan un porcentaje significativo de cargos administrativos, sino<br>que tambi\u00e9n son mayor\u00eda en las aspiraciones acad\u00e9micas y laborales dentro de la<br>m\u00e1xima casa de estudios.<\/p>\n\n\n\n<p>Por su parte, la directora Claudia Elena Garc\u00eda Vega agradeci\u00f3 la confianza de las<br>y los universitarios de la Prepa Narv\u00e1ez por permitirle continuar al frente de la<br>direcci\u00f3n, lo que le hace refrendar el compromiso y responsabilidad ante esta<br>nueva etapa.<\/p>\n\n\n\n<p>Reconoci\u00f3 y felicit\u00f3 a las estudiantes y docentes por la activa participaci\u00f3n de<br>di\u00e1logo y respeto durante el proceso electoral, lo que representa la importancia de<br>los valores c\u00edvicos en el fortalecimiento en la formaci\u00f3n integral de la comunidad<br>estudiantil.<\/p>\n\n\n\n<p>Garc\u00eda Vega, se comprometi\u00f3 a mantener la excelencia educativa, para con<br>trabajo en equipo para el desarrollo personal y profesional de los estudiantes, con<br>una direcci\u00f3n de puertas abiertas, priorizando la seguridad y bienestar de toda la<br>comunidad de la Prepa Narv\u00e1ez con proyectos inclusivos y pertinentes y de<br>fortalecimiento en la salud mental.<\/p>\n","protected":false},"excerpt":{"rendered":"<p>SALTILLO, Coahuila. 13 de marzo de 2024. Ante la comunidad estudiantil ydocente de la Escuela de Bachilleres \u201cDr. Mariano Narv\u00e1ez Gonz\u00e1lez\u201d, el rector dela Universidad Aut\u00f3noma de Coahuila, Octavio Pimentel Mart\u00ednez, tom\u00f3 protesta laLic. Claudia Elena Garc\u00eda Vega como directora del plantel para un segundoperiodo 2024-2027. Durante el evento realizado en el patio central del plantel, estuvieron presentes elsecretario general de la UAdeC, V\u00edctor S\u00e1nchez Vald\u00e9s, funcionariado de laAdministraci\u00f3n central,&#8230;<\/p>\n","protected":false},"author":1,"featured_media":19764,"comment_status":"closed","ping_status":"closed","sticky":false,"template":"","format":"standard","meta":{"footnotes":""},"categories":[2],"tags":[],"class_list":["post-19763","post","type-post","status-publish","format-standard","has-post-thumbnail","hentry","category-uadec","wpcat-2-id"],"_links":{"self":[{"href":"https:\/\/www.aquilaguna.com\/index.php\/wp-json\/wp\/v2\/posts\/19763","targetHints":{"allow":["GET"]}}],"collection":[{"href":"https:\/\/www.aquilaguna.com\/index.php\/wp-json\/wp\/v2\/posts"}],"about":[{"href":"https:\/\/www.aquilaguna.com\/index.php\/wp-json\/wp\/v2\/types\/post"}],"author":[{"embeddable":true,"href":"https:\/\/www.aquilaguna.com\/index.php\/wp-json\/wp\/v2\/users\/1"}],"replies":[{"embeddable":true,"href":"https:\/\/www.aquilaguna.com\/index.php\/wp-json\/wp\/v2\/comments?post=19763"}],"version-history":[{"count":1,"href":"https:\/\/www.aquilaguna.com\/index.php\/wp-json\/wp\/v2\/posts\/19763\/revisions"}],"predecessor-version":[{"id":19765,"href":"https:\/\/www.aquilaguna.com\/index.php\/wp-json\/wp\/v2\/posts\/19763\/revisions\/19765"}],"wp:featuredmedia":[{"embeddable":true,"href":"https:\/\/www.aquilaguna.com\/index.php\/wp-json\/wp\/v2\/media\/19764"}],"wp:attachment":[{"href":"https:\/\/www.aquilaguna.com\/index.php\/wp-json\/wp\/v2\/media?parent=19763"}],"wp:term":[{"taxonomy":"category","embeddable":true,"href":"https:\/\/www.aquilaguna.com\/index.php\/wp-json\/wp\/v2\/categories?post=19763"},{"taxonomy":"post_tag","embeddable":true,"href":"https:\/\/www.aquilaguna.com\/index.php\/wp-json\/wp\/v2\/tags?post=19763"}],"curies":[{"name":"wp","href":"https:\/\/api.w.org\/{rel}","templated":true}]}}