{"id":19778,"date":"2024-03-13T20:31:04","date_gmt":"2024-03-14T02:31:04","guid":{"rendered":"https:\/\/www.aquilaguna.com\/?p=19778"},"modified":"2024-03-13T20:31:04","modified_gmt":"2024-03-14T02:31:04","slug":"califica-alcalde-de-torreon-como-pendejo-a-lider-nacional-del-pan","status":"publish","type":"post","link":"https:\/\/www.aquilaguna.com\/index.php\/2024\/03\/13\/califica-alcalde-de-torreon-como-pendejo-a-lider-nacional-del-pan\/","title":{"rendered":"Califica Alcalde de Torre\u00f3n como &#8220;pendejo&#8221; a l\u00edder nacional del PAN."},"content":{"rendered":"\n<p>Torre\u00f3n, Coahuila.- &#8220;Pendejo&#8221;, es el m\u00ednimo, pero sonoro\u00a0 calificativo que le mereci\u00f3\u00a0 al alcalde Rom\u00e1n Alberto Cepeda Gonz\u00e1lez, los dichos que en su contra, emitiera esta misma ma\u00f1ana, el dirigente\u00a0 \u00a0 nacional del PAN Marko Cort\u00e9z\u00a0 durante la visita\u00a0 que realizara\u00a0 \u00e9ste \u00faltimo a Torre\u00f3n.<\/p>\n\n\n\n<p>El l\u00edder Nacional del PAN, hab\u00eda expresado apenas\u00a0 unas horas antes, t\u00f3picos en contra del edil acusando que \u00e9ste no tiene todas las simpat\u00edas y apoyo de los militantes de su partido para buscar una reelecci\u00f3n, y otros t\u00f3picos de\u00a0 su administraci\u00f3n.<\/p>\n\n\n\n<p>El alcalde\u00a0 Cepeda Gonz\u00e1lez \u00a0 acus\u00f3 recibo de tales dichos y dio respuesta, &#8220;tiene\u00a0 otras intenciones\u00a0 quiz\u00e1s, las de calentar algo que\u00a0 ya no se calienta por eso&#8221;, afirm\u00f3 que, &#8220;no conoce Coahuila, no conoce Torre\u00f3n&#8221;.\u00a0<\/p>\n\n\n\n<p>&#8220;Aqu\u00ed hace\u00a0 falta mucho m\u00e1s que decir para poder tener alg\u00fan efecto. Aqu\u00ed hay gente de trabajo, de todas las ideolog\u00edas. Aqu\u00ed no\u00a0 nos han regalado nada, lo hemos construido con esfuerzo. No puede venir cualquier gente a decir nada&#8221;, preguntando luego: &#8220;\u00bfQui\u00e9nes vienen a decir pendejadas?  \u00a1Pues los pendejos!&#8221;\u00a0<\/p>\n\n\n\n<p>Recomend\u00f3 el alcalde Cepeda Gonz\u00e1lez, al dirigente nacional\u00a0 panista Marko Cort\u00e9s,\u00a0 luego de enterarse las cr\u00edticas\u00a0 que tal dirigente partidista emiti\u00f3 esta ma\u00f1ana en contra del alcalde\u00a0 de Torre\u00f3n y su\u00a0 gesti\u00f3n como edil,\u00a0 con un\u00a0 &#8220;deber\u00eda\u00a0 primero mirar al interior de su Partido, que \u00e9l preside, los errores que tiene y la administraci\u00f3n que nos dejaron&#8221;.<\/p>\n\n\n\n<p>&#8220;Y\u00a0 ya\u00a0 le mand\u00e9 los recados que\u00a0 le tengo que mandar&#8221;, dijo\u00a0 al ser preguntado sobre las cr\u00edticas mencionadas, agregando que, &#8220;su desconocimiento, su lejan\u00eda,\u00a0 lo hacen\u00a0 un decir muchas pendejadas, como las que viene a decir&#8221;.<\/p>\n\n\n\n<p>Agregaba que, &#8220;primero que conozca Torre\u00f3n, que primero conozca Coahuila y que incluso con un profundo\u00a0 y de veras respeto\u00a0 al Panismo de Torre\u00f3n y de Coahuila, que entiendo que es m\u00e1s lastimado por las declaraciones y decisiones que por ocupar un lugar\u00a0 en M\u00e9xico, tiene que hacer, y los obligan a hacer&#8221;.\u00a0\u00a0<\/p>\n\n\n\n<p>Y para que no quedara\u00a0 duda, el\u00a0 Licenciado Cepeda Gonz\u00e1lez, recalc\u00f3, &#8220;a \u00e9l es al que le digo lo que le estoy diciendo. Pues a \u00e9l no lo ocupamos, no en Torre\u00f3n\u00a0 ni en Coahuila&#8221;.<\/p>\n\n\n\n<p>Esta, afirm\u00f3, &#8220;es una tierra de trabajo y de decisiones. S\u00ed, aqu\u00ed, no hay gente de esa&#8221;.<\/p>\n\n\n\n<p><strong>PLANILLA.<\/strong><\/p>\n\n\n\n<p>En otro tema, el edil Cepeda Gonz\u00e1lez, expres\u00f3 no tener a\u00fan completamente integrada\u00a0la composici\u00f3n\u00a0 del Cabildo,\u00a0 s\u00edndico y regidores, que estar\u00e1n acompa\u00f1ando\u00a0 su registro para\u00a0 buscar la reelecci\u00f3n como alcalde de Torre\u00f3n, acci\u00f3n que conforme a\u00a0 la ley, deber\u00e1 realizar entre los\u00a0d\u00edas 21 y el 27 del presente,\u00a0 ante el \u00f3rgano electoral que corresponda.<\/p>\n\n\n\n<p>Hay que ver, dijo al ser preguntado por tal composici\u00f3n, aceptando que en ella, &#8220;habr\u00e1 algunos repetidores y algunos lo merecen y otros que no van a repetir, pero por otros temas, porque tienen un proyecto diferente dentro del mismo proyecto nuestro&#8221;.<\/p>\n\n\n\n<p>Sus aspiraciones, prosigui\u00f3, &#8220;cambian, pero todos tienen cabida, porque claro que trabajan, que tienen un espacio que se lo han ganado&#8221;.<\/p>\n\n\n\n<p>Preguntado si contempla en la pr\u00f3xima planilla\u00a0 de cabildo a encabezar, incluir al contador\u00a0 Xavier Alain Herrera Arroyo, o bien, al regidor con licencia Enrique Sarmiento, conocidas las intenciones de ambos por contender por la alcald\u00eda de Torre\u00f3n,\u00a0 el Licenciado Cepeda Gonz\u00e1lez,\u00a0 manifest\u00f3:<\/p>\n\n\n\n<p>&#8220;Yo siempre he sido un priista abierto, atemporal, en donde reconocer el priismo hist\u00f3rico,\u00a0 pero\u00a0 es una parte que\u00a0 me toca a mi, otra al partido y otra a los que toman decisiones, y en ese sentido, yo siempre estar\u00e9 abierto&#8221;.<\/p>\n\n\n\n<p>En cuanto al regidor con licencia que ya formaba parte del actual cabildo de Torre\u00f3n, pero que aspiraba a figurar tambi\u00e9n como candidato a la alcald\u00eda\u00a0 con la que finalmente se alza el entrevistado, expres\u00f3,\u00a0&#8220;no, pues la verdad no se, Gobernar Torre\u00f3n ocupa tiempo, responsabilidad, compromiso y mucha\u00a0 voluntad, y en verdad hay cosas que hay cosas\u00a0 que no es por demeritarlas, pero\u00a0 muchos estamos ocupados m\u00e1s de 20 horas diarias tratando de constru\u00edr, si bien habr\u00e1 una nueva oportunidad de la que estoy seguro se va \u00a0 a poder seguir trabajando, y se cierra el \u00faltimo a\u00f1o de la administraci\u00f3n, queremos\u00a0 cerrar como empezamos, con trabajo, compromisos, responsabilidad y dejando un Torre\u00f3n diferente\u00a0 lo\u00a0 que encontramos, lamentablemente hecho pedazos&#8221;.\u00a0<\/p>\n\n\n\n<p>En cuanto a\u00a0 m\u00e1s\u00a0 &#8220;enroques&#8221; en su actual gabinete de trabajo, el alcalde, indic\u00f3 que; &#8220;es un tema que si bien me faltan algunos\u00a0 por ratificar. En esta semana se ratifican, como es el caso del Sistema Municipal de Agua y Saneamiento,\u00a0 en la Direcci\u00f3n del Medio Ambiente, entre otros. S\u00ed podemos estar sujetos algunos enroques&#8221;, admiti\u00f3. &#8220;Hay gente que est\u00e1 ah\u00ed y que merece una oportunidad&#8221;.<\/p>\n\n\n\n<p><strong>ESTRATEGIA.<\/strong><\/p>\n\n\n\n<p>En\u00a0 cuanto a la realizaci\u00f3n casi permanente de\u00a0 brigadas como estrategia de acercamiento a la poblaci\u00f3n que habita zonas deprimidas o vulnerables en t\u00e9rminos sociales y econ\u00f3micas, el alcalde\u00a0 manifest\u00f3:<\/p>\n\n\n\n<p>A Torre\u00f3n, expres\u00f3, &#8220;lo hemos ido construyendo personas de muchas ideolog\u00edas\u00a0 que han ido entendiendo que primero est\u00e1 el bienestar de Torre\u00f3n, que primero es Coahuila antes de\u00a0 cualquier tema ideol\u00f3gico \u00a0 y luego, que nadie\u00a0 puede venir a confundirnos, que nuestra fuerza y unidad\u00a0 va m\u00e1s all\u00e1 de una gente \u00a0 que lo \u00fanico que quiere es ocupar un espacio, para seguir ladrando&#8221;.\u00a0<\/p>\n\n\n\n<p>&#8220;Yo\u00a0no conozco a Marko Cort\u00e9s, ni me interesa\u00a0 conocerlo, y el d\u00eda que quiera, pues ya sabe donde encontrarme&#8221;.<\/p>\n\n\n\n<p>&#8220;Y si habla de corrupci\u00f3n -agregaba-, pues que primero mire a sus amigos, a los que quer\u00eda apoyar\u00a0 porque en Torre\u00f3n -revel\u00f3-, hay cinco\u00a0 procesos\u00a0 y algunos ya en la c\u00e1rcel\u00a0 de la administraci\u00f3n de su partido, m\u00e1s los que se habr\u00e1n de sumar&#8221;.<\/p>\n\n\n\n<p>En cuanto al resto de los \u00a0 panistas, el edil expres\u00f3 su respeto,\u00a0 reconocimiento y agradecimiento, &#8220;por el trabajo que hemos ido construyendo con muchos de ellos, juntos hasta el d\u00eda de hoy al margen de cualquier otro tema han puesto siempre el inter\u00e9s mayor, que es Torre\u00f3n,\u00a0 que es Coahuila&#8221;.<\/p>\n","protected":false},"excerpt":{"rendered":"<p>Torre\u00f3n, Coahuila.- &#8220;Pendejo&#8221;, es el m\u00ednimo, pero sonoro\u00a0 calificativo que le mereci\u00f3\u00a0 al alcalde Rom\u00e1n Alberto Cepeda Gonz\u00e1lez, los dichos que en su contra, emitiera esta misma ma\u00f1ana, el dirigente\u00a0 \u00a0 nacional del PAN Marko Cort\u00e9z\u00a0 durante la visita\u00a0 que realizara\u00a0 \u00e9ste \u00faltimo a Torre\u00f3n. El l\u00edder Nacional del PAN, hab\u00eda expresado apenas\u00a0 unas horas antes, t\u00f3picos en contra del edil acusando que \u00e9ste no tiene todas las simpat\u00edas y&#8230;<\/p>\n","protected":false},"author":2,"featured_media":0,"comment_status":"closed","ping_status":"","sticky":false,"template":"","format":"standard","meta":{"footnotes":""},"categories":[5,28,17,16,7],"tags":[],"class_list":["post-19778","post","type-post","status-publish","format-standard","hentry","category-coahuila","category-la-laguna","category-pan","category-pri","category-torreon","wpcat-5-id","wpcat-28-id","wpcat-17-id","wpcat-16-id","wpcat-7-id"],"_links":{"self":[{"href":"https:\/\/www.aquilaguna.com\/index.php\/wp-json\/wp\/v2\/posts\/19778","targetHints":{"allow":["GET"]}}],"collection":[{"href":"https:\/\/www.aquilaguna.com\/index.php\/wp-json\/wp\/v2\/posts"}],"about":[{"href":"https:\/\/www.aquilaguna.com\/index.php\/wp-json\/wp\/v2\/types\/post"}],"author":[{"embeddable":true,"href":"https:\/\/www.aquilaguna.com\/index.php\/wp-json\/wp\/v2\/users\/2"}],"replies":[{"embeddable":true,"href":"https:\/\/www.aquilaguna.com\/index.php\/wp-json\/wp\/v2\/comments?post=19778"}],"version-history":[{"count":1,"href":"https:\/\/www.aquilaguna.com\/index.php\/wp-json\/wp\/v2\/posts\/19778\/revisions"}],"predecessor-version":[{"id":19779,"href":"https:\/\/www.aquilaguna.com\/index.php\/wp-json\/wp\/v2\/posts\/19778\/revisions\/19779"}],"wp:attachment":[{"href":"https:\/\/www.aquilaguna.com\/index.php\/wp-json\/wp\/v2\/media?parent=19778"}],"wp:term":[{"taxonomy":"category","embeddable":true,"href":"https:\/\/www.aquilaguna.com\/index.php\/wp-json\/wp\/v2\/categories?post=19778"},{"taxonomy":"post_tag","embeddable":true,"href":"https:\/\/www.aquilaguna.com\/index.php\/wp-json\/wp\/v2\/tags?post=19778"}],"curies":[{"name":"wp","href":"https:\/\/api.w.org\/{rel}","templated":true}]}}