{"id":19806,"date":"2024-03-15T17:44:19","date_gmt":"2024-03-15T23:44:19","guid":{"rendered":"https:\/\/www.aquilaguna.com\/?p=19806"},"modified":"2024-03-15T17:44:19","modified_gmt":"2024-03-15T23:44:19","slug":"inauguran-centro-universitario-de-atencion-primaria-a-la-salud-en-la-unidad-torreon","status":"publish","type":"post","link":"https:\/\/www.aquilaguna.com\/index.php\/2024\/03\/15\/inauguran-centro-universitario-de-atencion-primaria-a-la-salud-en-la-unidad-torreon\/","title":{"rendered":"Inauguran Centro Universitario de Atenci\u00f3n Primaria a la Salud en la Unidad Torre\u00f3n."},"content":{"rendered":"\n<p>TORRE\u00d3N, Coahuila. 15 de marzo de 2024. La Universidad Aut\u00f3noma de<br>Coahuila a trav\u00e9s de la Facultad de Enfermer\u00eda Unidad Torre\u00f3n, inaugur\u00f3 el<br>Centro Universitario de Atenci\u00f3n Primaria a la Salud (CUAPS), con el objetivo de<br>brindar a la poblaci\u00f3n en general servicios de salud preventiva.<\/p>\n\n\n\n<p>En el evento la inauguraci\u00f3n estuvo a cargo del rector Octavio Pimentel Mart\u00ednez,<br>acompa\u00f1ado por la coordinadora de la Unidad Torre\u00f3n, Sandra L\u00f3pez Chavarr\u00eda,<br>la coordinadora general de Administraci\u00f3n Patrimonial y de Servicios, Paulette<br>Sece\u00f1as V\u00e1zquez, el director de la Facultad de Enfermer\u00eda UT, Francisco Javier<br>L\u00f3pez Rinc\u00f3n, comunidad docente y estudiantil.<\/p>\n\n\n\n<p>La Coordinaci\u00f3n General de Administraci\u00f3n Patrimonial y de Servicios, asign\u00f3 el<br>inmueble para el CUAPS que anteriormente fung\u00eda como parte de las antiguas<br>instalaciones de la Facultad de Ingenier\u00eda Civil, espacio en el que se llev\u00f3 a cabo<br>la remodelaci\u00f3n y adaptaci\u00f3n, as\u00ed como, el equipamiento de los consultorios,<br>adem\u00e1s, se adquirieron escritorios y sillas, a trav\u00e9s de recursos propios de la<br>Facultad de Enfermer\u00eda.<\/p>\n\n\n\n<p>En su mensaje, el Rector felicit\u00f3 al director de la Facultad por este logro y se\u00f1al\u00f3<br>que la UAdeC necesita directoras y directores como \u00e9l, que trabajen por las<br>necesidades y requerimientos de cada una de las Escuelas y Facultades con el<br>claro objetivo de que como instituci\u00f3n se deben a los estudiantes y al servicio de la<br>comunidad.<\/p>\n\n\n\n<p>Coment\u00f3 que en la Universidad debe prevalecer el sentido de responsabilidad y la<br>empat\u00eda con lo que sucede en el entorno, y el claro ejemplo de ello, es que a<br>trav\u00e9s de estos servicios de salud se pueda rescatar el sentido de pertenencia y<br>liderazgo, trabajando en unidad y en equipo a favor de la poblaci\u00f3n.<\/p>\n\n\n\n<p>Por su parte, la coordinadora general de Administraci\u00f3n Patrimonial y de Servicios,<br>Paulette Sece\u00f1as V\u00e1zquez, reconoci\u00f3 el trabajo realizado por el director de la<br>Facultad de Enfermer\u00eda y enfatiz\u00f3 en que fue gracias a su insistencia en este<br>proyecto que se logr\u00f3 la inauguraci\u00f3n de las instalaciones, en las se realizaron<br>tambi\u00e9n las adecuaciones en la parte exterior, incluyendo la pavimentaci\u00f3n.<\/p>\n\n\n\n<p>Por su parte, el director de la Facultad de Enfermer\u00eda, Francisco Javier L\u00f3pez<br>Rinc\u00f3n, se\u00f1al\u00f3 que se busca que este Centro sea un espacio donde los Cuerpos<\/p>\n\n\n\n<p>Acad\u00e9micos del plantel puedan tener presencia en las colonias de los alrededores<br>y ofrecer los servicios de salud preventiva.<\/p>\n\n\n\n<p>Comparti\u00f3 que, actualmente la Facultad de Enfermer\u00eda cuenta con cuatro Cuerpos<br>Acad\u00e9micos: Salud Sexual Responsable, Investigaci\u00f3n en Salud, Sociedad y<br>Envejecimiento, Educaci\u00f3n para la Salud y Formaci\u00f3n Universitaria, los cuales<br>est\u00e1n en formaci\u00f3n; mientras que, Enfermer\u00eda Gerontogeri\u00e1trica ya est\u00e1<br>consolidado y Salud mental y Cronicidad, con registro interno.<\/p>\n\n\n\n<p>El CUAPS se encuentra ubicado en las antiguas instalaciones de la facultad de<br>Ingenier\u00eda Civil, ubicada en la calle Valladolid #80 Colonia Ampliaci\u00f3n La Rosita en<br>Torre\u00f3n, Coahuila.<\/p>\n","protected":false},"excerpt":{"rendered":"<p>TORRE\u00d3N, Coahuila. 15 de marzo de 2024. La Universidad Aut\u00f3noma deCoahuila a trav\u00e9s de la Facultad de Enfermer\u00eda Unidad Torre\u00f3n, inaugur\u00f3 elCentro Universitario de Atenci\u00f3n Primaria a la Salud (CUAPS), con el objetivo debrindar a la poblaci\u00f3n en general servicios de salud preventiva. En el evento la inauguraci\u00f3n estuvo a cargo del rector Octavio Pimentel Mart\u00ednez,acompa\u00f1ado por la coordinadora de la Unidad Torre\u00f3n, Sandra L\u00f3pez Chavarr\u00eda,la coordinadora general de Administraci\u00f3n&#8230;<\/p>\n","protected":false},"author":1,"featured_media":19807,"comment_status":"closed","ping_status":"closed","sticky":false,"template":"","format":"standard","meta":{"footnotes":""},"categories":[1],"tags":[],"class_list":["post-19806","post","type-post","status-publish","format-standard","has-post-thumbnail","hentry","category-uncategorized","wpcat-1-id"],"_links":{"self":[{"href":"https:\/\/www.aquilaguna.com\/index.php\/wp-json\/wp\/v2\/posts\/19806","targetHints":{"allow":["GET"]}}],"collection":[{"href":"https:\/\/www.aquilaguna.com\/index.php\/wp-json\/wp\/v2\/posts"}],"about":[{"href":"https:\/\/www.aquilaguna.com\/index.php\/wp-json\/wp\/v2\/types\/post"}],"author":[{"embeddable":true,"href":"https:\/\/www.aquilaguna.com\/index.php\/wp-json\/wp\/v2\/users\/1"}],"replies":[{"embeddable":true,"href":"https:\/\/www.aquilaguna.com\/index.php\/wp-json\/wp\/v2\/comments?post=19806"}],"version-history":[{"count":1,"href":"https:\/\/www.aquilaguna.com\/index.php\/wp-json\/wp\/v2\/posts\/19806\/revisions"}],"predecessor-version":[{"id":19808,"href":"https:\/\/www.aquilaguna.com\/index.php\/wp-json\/wp\/v2\/posts\/19806\/revisions\/19808"}],"wp:featuredmedia":[{"embeddable":true,"href":"https:\/\/www.aquilaguna.com\/index.php\/wp-json\/wp\/v2\/media\/19807"}],"wp:attachment":[{"href":"https:\/\/www.aquilaguna.com\/index.php\/wp-json\/wp\/v2\/media?parent=19806"}],"wp:term":[{"taxonomy":"category","embeddable":true,"href":"https:\/\/www.aquilaguna.com\/index.php\/wp-json\/wp\/v2\/categories?post=19806"},{"taxonomy":"post_tag","embeddable":true,"href":"https:\/\/www.aquilaguna.com\/index.php\/wp-json\/wp\/v2\/tags?post=19806"}],"curies":[{"name":"wp","href":"https:\/\/api.w.org\/{rel}","templated":true}]}}