{"id":19829,"date":"2024-03-18T18:46:44","date_gmt":"2024-03-19T00:46:44","guid":{"rendered":"https:\/\/www.aquilaguna.com\/?p=19829"},"modified":"2024-03-18T18:46:44","modified_gmt":"2024-03-19T00:46:44","slug":"estudiantes-laguneros-sufren-accidente-al-regresar-de-concurso-nacional-de-rondallas","status":"publish","type":"post","link":"https:\/\/www.aquilaguna.com\/index.php\/2024\/03\/18\/estudiantes-laguneros-sufren-accidente-al-regresar-de-concurso-nacional-de-rondallas\/","title":{"rendered":"Estudiantes laguneros sufren accidente al regresar de concurso nacional de rondallas."},"content":{"rendered":"\n<p>Torre\u00f3n, Coahuila.-\u00a0 Veinte j\u00f3venes estudiantes de la Universidad Aut\u00f3noma de la Laguna, miembros de la Rondalla Menor de esa instituci\u00f3n, resultaron\u00a0 lesionados -dos de ellos de gravedad-,\u00a0 tras la volcadura del cami\u00f3n en que viajaban de regreso a esta ciudad, a la altura del poblado &#8220;El Cerrito&#8221; de San Luis Potos\u00ed.\u00a0\u00a0\u00a0<\/p>\n\n\n\n<p>Los j\u00f3venes \u00a0 que resultaron \u00a0 lesionados en este desafortunado accidente y cuya identidad no ha sido proporcionada,\u00a0 se encuentran recibiendo atenci\u00f3n m\u00e9dica en hospitales \u00a0 ubicados en la Ciudad de San Luis Potos\u00ed. Los universitarios \u00a0 retornaban de la Ciudad de Xalapa, Veracruz\u00a0 tras haber participado en un Concurso\u00a0 Nacional de \u00a0 Rondallas\u00a0 celebrado en la poblaci\u00f3n antes\u00a0 citada.\u00a0\u00a0<\/p>\n\n\n\n<p>Lo anterior\u00a0 se hizo de conocimiento a trav\u00e9s de un Comunicado emitido por la Universidad Aut\u00f3noma de la Laguna, que a la letra dice:<\/p>\n\n\n\n<p>&#8220;Ante\u00a0 los\u00a0 lamentables hechos\u00a0 ocurridos\u00a0 a este lunes 18 de marzo, cerca del Poblado El Cerrito,\u00a0 donde\u00a0 el autob\u00fas\u00a0 en el que se transportaban\u00a0 a los integrantes de la Rondalla Menor de la\u00a0 Universidad Aut\u00f3noma de la Laguna\u00a0 que participaron en el Encuentro Nacional de Rondallas, en Xalapa, Veracruz.<\/p>\n\n\n\n<p>&#8220;La UAL\u00a0 informa que se aceleraron de\u00a0 inmediato los servicios \u00a0 de emergencia, traslad\u00e1ndose\u00a0 los lesionados\u00a0 al Hospital Los Angeles, de la Ciudad de San Luis Potos\u00ed, para su\u00a0 atenci\u00f3n&#8221;.\u00a0\u00a0\u00a0<\/p>\n\n\n\n<p>&#8220;El Doctor Omar Lozano Cant\u00fa ,Rector de esta Universidad, acompa\u00f1ado de directivos\u00a0 de la propia instituci\u00f3n\u00a0 viajaron\u00a0 a la Ciudad de San Luis Potos\u00ed,\u00a0 para atender de manera personal\u00a0 al incidente&#8221;.\u00a0<\/p>\n\n\n\n<p>&#8220;La UAL\u00a0 seguir\u00e1 atenta\u00a0 y solidaria \u00a0 a la evoluci\u00f3n de las personas afectadas\u00a0 en el hecho antes mencionado&#8221;.<\/p>\n","protected":false},"excerpt":{"rendered":"<p>Torre\u00f3n, Coahuila.-\u00a0 Veinte j\u00f3venes estudiantes de la Universidad Aut\u00f3noma de la Laguna, miembros de la Rondalla Menor de esa instituci\u00f3n, resultaron\u00a0 lesionados -dos de ellos de gravedad-,\u00a0 tras la volcadura del cami\u00f3n en que viajaban de regreso a esta ciudad, a la altura del poblado &#8220;El Cerrito&#8221; de San Luis Potos\u00ed.\u00a0\u00a0\u00a0 Los j\u00f3venes \u00a0 que resultaron \u00a0 lesionados en este desafortunado accidente y cuya identidad no ha sido proporcionada,\u00a0 se&#8230;<\/p>\n","protected":false},"author":2,"featured_media":0,"comment_status":"closed","ping_status":"","sticky":false,"template":"","format":"standard","meta":{"footnotes":""},"categories":[5,28,7],"tags":[],"class_list":["post-19829","post","type-post","status-publish","format-standard","hentry","category-coahuila","category-la-laguna","category-torreon","wpcat-5-id","wpcat-28-id","wpcat-7-id"],"_links":{"self":[{"href":"https:\/\/www.aquilaguna.com\/index.php\/wp-json\/wp\/v2\/posts\/19829","targetHints":{"allow":["GET"]}}],"collection":[{"href":"https:\/\/www.aquilaguna.com\/index.php\/wp-json\/wp\/v2\/posts"}],"about":[{"href":"https:\/\/www.aquilaguna.com\/index.php\/wp-json\/wp\/v2\/types\/post"}],"author":[{"embeddable":true,"href":"https:\/\/www.aquilaguna.com\/index.php\/wp-json\/wp\/v2\/users\/2"}],"replies":[{"embeddable":true,"href":"https:\/\/www.aquilaguna.com\/index.php\/wp-json\/wp\/v2\/comments?post=19829"}],"version-history":[{"count":1,"href":"https:\/\/www.aquilaguna.com\/index.php\/wp-json\/wp\/v2\/posts\/19829\/revisions"}],"predecessor-version":[{"id":19830,"href":"https:\/\/www.aquilaguna.com\/index.php\/wp-json\/wp\/v2\/posts\/19829\/revisions\/19830"}],"wp:attachment":[{"href":"https:\/\/www.aquilaguna.com\/index.php\/wp-json\/wp\/v2\/media?parent=19829"}],"wp:term":[{"taxonomy":"category","embeddable":true,"href":"https:\/\/www.aquilaguna.com\/index.php\/wp-json\/wp\/v2\/categories?post=19829"},{"taxonomy":"post_tag","embeddable":true,"href":"https:\/\/www.aquilaguna.com\/index.php\/wp-json\/wp\/v2\/tags?post=19829"}],"curies":[{"name":"wp","href":"https:\/\/api.w.org\/{rel}","templated":true}]}}