{"id":19838,"date":"2024-03-19T19:20:14","date_gmt":"2024-03-20T01:20:14","guid":{"rendered":"https:\/\/www.aquilaguna.com\/?p=19838"},"modified":"2024-03-19T19:20:15","modified_gmt":"2024-03-20T01:20:15","slug":"la-primavera-llega-hoy-al-hemisferio-norte-proteccion-civil","status":"publish","type":"post","link":"https:\/\/www.aquilaguna.com\/index.php\/2024\/03\/19\/la-primavera-llega-hoy-al-hemisferio-norte-proteccion-civil\/","title":{"rendered":"LA PRIMAVERA LLEGA HOY AL HEMISFERIO NORTE: PROTECCI\u00d3N CIVIL."},"content":{"rendered":"\n<p>Saltillo, Coahuila de Zaragoza; a 19 de marzo de 2024. \u2013 El equinoccio de primavera se har\u00e1 presente en M\u00e9xico el d\u00eda de hoy, inform\u00f3 Francisco Mart\u00ednez \u00c1valos, Subsecretario de Protecci\u00f3n Civil del Estado, quien mencion\u00f3 que la estaci\u00f3n trae consigo diversos fen\u00f3menos meteorol\u00f3gicos.<\/p>\n\n\n\n<p>El Subsecretario destac\u00f3 que a las 21:06 horas, el sol atravesar\u00e1 el ecuador celeste, marcando as\u00ed el inicio de la primavera en el hemisferio norte.<\/p>\n\n\n\n<p>Explic\u00f3 que el equinoccio de primavera es el momento en que el d\u00eda y la noche tienen una duraci\u00f3n similar.<\/p>\n\n\n\n<p>\u201cDurante esta estaci\u00f3n se espera un aumento en las temperaturas diurnas, por lo que es recomendable mantenerse hidratado y buscar la sombra\u201d, indic\u00f3 Mart\u00ednez \u00c1valos.<\/p>\n\n\n\n<p>La primavera se distingue por la variabilidad de temperaturas y precipitaciones, presentando un incremento gradual de la temperatura debido al alargamiento de los d\u00edas.<\/p>\n\n\n\n<p>\u201cEs com\u00fan que al inicio de la estaci\u00f3n experimentemos algunos d\u00edas m\u00e1s fr\u00edos y, hacia el final, las temperaturas ya sean m\u00e1s propias del verano. Por lo general, oscilan alrededor de los 20\u00b0C\u201d, a\u00f1adi\u00f3 el funcionario.<\/p>\n\n\n\n<p>Hizo un llamado a la poblaci\u00f3n para que preste atenci\u00f3n a los comunicados del Servicio Meteorol\u00f3gico Nacional y siga las indicaciones de las autoridades de Protecci\u00f3n Civil.<\/p>\n","protected":false},"excerpt":{"rendered":"<p>Saltillo, Coahuila de Zaragoza; a 19 de marzo de 2024. \u2013 El equinoccio de primavera se har\u00e1 presente en M\u00e9xico el d\u00eda de hoy, inform\u00f3 Francisco Mart\u00ednez \u00c1valos, Subsecretario de Protecci\u00f3n Civil del Estado, quien mencion\u00f3 que la estaci\u00f3n trae consigo diversos fen\u00f3menos meteorol\u00f3gicos. El Subsecretario destac\u00f3 que a las 21:06 horas, el sol atravesar\u00e1 el ecuador celeste, marcando as\u00ed el inicio de la primavera en el hemisferio norte. Explic\u00f3&#8230;<\/p>\n","protected":false},"author":1,"featured_media":19839,"comment_status":"closed","ping_status":"closed","sticky":false,"template":"","format":"standard","meta":{"footnotes":""},"categories":[15,54],"tags":[],"class_list":["post-19838","post","type-post","status-publish","format-standard","has-post-thumbnail","hentry","category-gobierno-de-coahuila","category-proteccion-civil","wpcat-15-id","wpcat-54-id"],"_links":{"self":[{"href":"https:\/\/www.aquilaguna.com\/index.php\/wp-json\/wp\/v2\/posts\/19838","targetHints":{"allow":["GET"]}}],"collection":[{"href":"https:\/\/www.aquilaguna.com\/index.php\/wp-json\/wp\/v2\/posts"}],"about":[{"href":"https:\/\/www.aquilaguna.com\/index.php\/wp-json\/wp\/v2\/types\/post"}],"author":[{"embeddable":true,"href":"https:\/\/www.aquilaguna.com\/index.php\/wp-json\/wp\/v2\/users\/1"}],"replies":[{"embeddable":true,"href":"https:\/\/www.aquilaguna.com\/index.php\/wp-json\/wp\/v2\/comments?post=19838"}],"version-history":[{"count":1,"href":"https:\/\/www.aquilaguna.com\/index.php\/wp-json\/wp\/v2\/posts\/19838\/revisions"}],"predecessor-version":[{"id":19840,"href":"https:\/\/www.aquilaguna.com\/index.php\/wp-json\/wp\/v2\/posts\/19838\/revisions\/19840"}],"wp:featuredmedia":[{"embeddable":true,"href":"https:\/\/www.aquilaguna.com\/index.php\/wp-json\/wp\/v2\/media\/19839"}],"wp:attachment":[{"href":"https:\/\/www.aquilaguna.com\/index.php\/wp-json\/wp\/v2\/media?parent=19838"}],"wp:term":[{"taxonomy":"category","embeddable":true,"href":"https:\/\/www.aquilaguna.com\/index.php\/wp-json\/wp\/v2\/categories?post=19838"},{"taxonomy":"post_tag","embeddable":true,"href":"https:\/\/www.aquilaguna.com\/index.php\/wp-json\/wp\/v2\/tags?post=19838"}],"curies":[{"name":"wp","href":"https:\/\/api.w.org\/{rel}","templated":true}]}}