{"id":19849,"date":"2024-03-20T19:15:33","date_gmt":"2024-03-21T01:15:33","guid":{"rendered":"https:\/\/www.aquilaguna.com\/?p=19849"},"modified":"2024-03-20T19:15:34","modified_gmt":"2024-03-21T01:15:34","slug":"dif-torreon-continua-con-acompanamiento-a-personas-con-trastornos-mentales-y-a-sus-familias","status":"publish","type":"post","link":"https:\/\/www.aquilaguna.com\/index.php\/2024\/03\/20\/dif-torreon-continua-con-acompanamiento-a-personas-con-trastornos-mentales-y-a-sus-familias\/","title":{"rendered":"DIF Torre\u00f3n continua con acompa\u00f1amiento a personas con trastornos mentales y a sus familias."},"content":{"rendered":"\n<p>Torre\u00f3n, Coahuila. A 20 de marzo de 2024.<\/p>\n\n\n\n<p>El Sistema para el Desarrollo Integral de la Familia (DIF) Torre\u00f3n, en colaboraci\u00f3n<br>con la Asociaci\u00f3n Lagunera de Salud Mental A.C. (ALSAME), llevar\u00e1 a cabo la<br>tercera sesi\u00f3n del curso \u201cTierra a la vista\u201d, como parte del acompa\u00f1amiento a las<br>personas que viven con alg\u00fan trastorno mental.<\/p>\n\n\n\n<p>Marlene Mart\u00ednez Vald\u00e9s, directora general del DIF Torre\u00f3n, dijo que el taller<br>consta de 13 sesiones y se lleva a cabo de forma gratuita en la sala de prensa<br>ubicada dentro de las instalaciones de Ciudad DIF, la siguiente reuni\u00f3n es ma\u00f1ana<br>en horario de 16:00 a 19:00 horas.<\/p>\n\n\n\n<p>Indic\u00f3 que en esta ocasi\u00f3n el taller abordar\u00e1 el origen y c\u00f3mo se producen las<br>emociones, como seguimiento a una serie de temas que ayudan al participante a<br>comprender la enfermedad.<\/p>\n\n\n\n<p>Dentro de las sesiones los pacientes podr\u00e1n aprender sobre los aspectos<br>biol\u00f3gicos, ps\u00edquicos y sociales asociados a los padecimientos mentales,<br>incluyendo s\u00edntomas, causas, administraci\u00f3n de medicamentos, rehabilitaci\u00f3n,<br>biolog\u00eda del cerebro, prevenci\u00f3n de reca\u00eddas, as\u00ed como herramientas para<br>desarrollar la comunicaci\u00f3n y la empat\u00eda.<\/p>\n\n\n\n<p>Adem\u00e1s la funcionaria mencion\u00f3 que el pr\u00f3ximo 23 de marzo en la sala de usos<br>m\u00faltiples de Ciudad DIF, se llevar\u00e1 a cabo la tercera clase del curso de \u201cFamilia a<br>familia\u201d, dirigido a familiares de personas con alg\u00fan padecimiento mental, para<br>conocer aspectos biol\u00f3gicos y psicosociales del paciente y su interrelaci\u00f3n.<\/p>\n\n\n\n<p>Mart\u00ednez Vald\u00e9s indic\u00f3 que la importancia de estos talleres radica en brindar<br>apoyo y orientaci\u00f3n a las personas, promoviendo el cuidado de la salud mental y<br>la construcci\u00f3n de un entorno m\u00e1s comprensivo y solidario.<\/p>\n\n\n\n<p>Por otra parte dio a conocer que el organismo contin\u00faa con el seguimiento a<br>pacientes que fueron operados de cataratas, y que en esta semana se realiz\u00f3 la<br>tercera valoraci\u00f3n a 42 participantes, proceso necesario para garantizar una<br>recuperaci\u00f3n exitosa, y prevenir posibles complicaciones.<\/p>\n\n\n\n<p>Ciudad DIF se encuentra ubicada en calzada de Los Continentes, n\u00famero 500,<br>fraccionamiento Las Etnias, Tel\u00e9fono 871 229 33 00.<\/p>\n","protected":false},"excerpt":{"rendered":"<p>Torre\u00f3n, Coahuila. A 20 de marzo de 2024. El Sistema para el Desarrollo Integral de la Familia (DIF) Torre\u00f3n, en colaboraci\u00f3ncon la Asociaci\u00f3n Lagunera de Salud Mental A.C. (ALSAME), llevar\u00e1 a cabo latercera sesi\u00f3n del curso \u201cTierra a la vista\u201d, como parte del acompa\u00f1amiento a laspersonas que viven con alg\u00fan trastorno mental. Marlene Mart\u00ednez Vald\u00e9s, directora general del DIF Torre\u00f3n, dijo que el tallerconsta de 13 sesiones y se lleva&#8230;<\/p>\n","protected":false},"author":1,"featured_media":19850,"comment_status":"closed","ping_status":"closed","sticky":false,"template":"","format":"standard","meta":{"footnotes":""},"categories":[5,28,7],"tags":[],"class_list":["post-19849","post","type-post","status-publish","format-standard","has-post-thumbnail","hentry","category-coahuila","category-la-laguna","category-torreon","wpcat-5-id","wpcat-28-id","wpcat-7-id"],"_links":{"self":[{"href":"https:\/\/www.aquilaguna.com\/index.php\/wp-json\/wp\/v2\/posts\/19849","targetHints":{"allow":["GET"]}}],"collection":[{"href":"https:\/\/www.aquilaguna.com\/index.php\/wp-json\/wp\/v2\/posts"}],"about":[{"href":"https:\/\/www.aquilaguna.com\/index.php\/wp-json\/wp\/v2\/types\/post"}],"author":[{"embeddable":true,"href":"https:\/\/www.aquilaguna.com\/index.php\/wp-json\/wp\/v2\/users\/1"}],"replies":[{"embeddable":true,"href":"https:\/\/www.aquilaguna.com\/index.php\/wp-json\/wp\/v2\/comments?post=19849"}],"version-history":[{"count":1,"href":"https:\/\/www.aquilaguna.com\/index.php\/wp-json\/wp\/v2\/posts\/19849\/revisions"}],"predecessor-version":[{"id":19851,"href":"https:\/\/www.aquilaguna.com\/index.php\/wp-json\/wp\/v2\/posts\/19849\/revisions\/19851"}],"wp:featuredmedia":[{"embeddable":true,"href":"https:\/\/www.aquilaguna.com\/index.php\/wp-json\/wp\/v2\/media\/19850"}],"wp:attachment":[{"href":"https:\/\/www.aquilaguna.com\/index.php\/wp-json\/wp\/v2\/media?parent=19849"}],"wp:term":[{"taxonomy":"category","embeddable":true,"href":"https:\/\/www.aquilaguna.com\/index.php\/wp-json\/wp\/v2\/categories?post=19849"},{"taxonomy":"post_tag","embeddable":true,"href":"https:\/\/www.aquilaguna.com\/index.php\/wp-json\/wp\/v2\/tags?post=19849"}],"curies":[{"name":"wp","href":"https:\/\/api.w.org\/{rel}","templated":true}]}}