{"id":19852,"date":"2024-03-20T19:16:39","date_gmt":"2024-03-21T01:16:39","guid":{"rendered":"https:\/\/www.aquilaguna.com\/?p=19852"},"modified":"2024-03-20T19:16:39","modified_gmt":"2024-03-21T01:16:39","slug":"llaman-a-revisar-condiciones-de-seguridad-en-hogares-ante-periodo-vacacional","status":"publish","type":"post","link":"https:\/\/www.aquilaguna.com\/index.php\/2024\/03\/20\/llaman-a-revisar-condiciones-de-seguridad-en-hogares-ante-periodo-vacacional\/","title":{"rendered":"Llaman a revisar condiciones de seguridad en hogares ante periodo vacacional."},"content":{"rendered":"\n<p>Torre\u00f3n, Coahuila. A 20 de marzo de 2024.<\/p>\n\n\n\n<p>Debido a que en los pr\u00f3ximos d\u00edas iniciar\u00e1 el periodo vacacional por Semana<br>Santa en las escuelas, la Direcci\u00f3n de Protecci\u00f3n Civil y Bomberos de Torre\u00f3n<br>emiti\u00f3 diferentes recomendaciones a la poblaci\u00f3n, encaminadas a reforzar las<br>medidas de seguridad en el hogar para evitar accidentes con los ni\u00f1os.<\/p>\n\n\n\n<p>Jorge Luis Ju\u00e1rez Llanas, director de la dependencia, indic\u00f3 que es en este receso<br>escolar cuando los ni\u00f1os pasan m\u00e1s tiempo en casa, a diferencia de las<br>vacaciones de verano cuando regularmente asisten a cursos o en algunos casos<br>salen de la ciudad, por lo tanto, dijo que los adultos deben verificar que no haya<br>elementos de riesgo en el hogar.<\/p>\n\n\n\n<p>\u201cEs un periodo vacacional donde es com\u00fan que los ni\u00f1os se queden con otro<br>menor o un adulto mayor, por lo que es necesario eliminar cualquier situaci\u00f3n de<br>peligro con acciones como resguardar los medicamentos y dejar fuera de alcance<br>todos los productos qu\u00edmicos que se usan para limpieza\u201d, mencion\u00f3 el director.<\/p>\n\n\n\n<p>Adem\u00e1s, el funcionario recomend\u00f3 revisar la parte el\u00e9ctrica de la casa, que no<br>haya alg\u00fan cable expuesto y ense\u00f1ar a los ni\u00f1os a no jugar con los conectores.<br>Dejar cerrados los tanques de gas cuando no se est\u00e9 usando y mantener alejados<br>a los ni\u00f1os cuando se est\u00e9 cocinando.<\/p>\n\n\n\n<p>Otra de las medidas que tambi\u00e9n se informan a trav\u00e9s de las pl\u00e1ticas de cultura de<br>protecci\u00f3n civil en escuelas y colonias de la ciudad, as\u00ed como en el Paseo Col\u00f3n,<br>por parte de la dependencia, es explicarles a los ni\u00f1os acerca de los riesgos que<br>corren al brincar en la cama, jugar en las escaleras o correr dentro de la casa.<\/p>\n\n\n\n<p>Adem\u00e1s de las medidas preventivas para evitar accidentes en el hogar, Ju\u00e1rez<br>Llanas agreg\u00f3 que es importante que los ni\u00f1os conozcan del n\u00famero de<br>emergencias 911, que les sea inculcado su uso responsable, es decir, no hacer<br>bromas que pueden desviar la atenci\u00f3n de una emergencia real, y grabarles el<br>contacto de un familiar o vecino que pueda auxiliarlos de forma inmediata.<\/p>\n\n\n\n<p>Las capacitaciones de protecci\u00f3n civil en las escuelas ser\u00e1n retomadas al regreso<br>de vacaciones, mientras tanto continuar\u00e1n en las ediciones del Paseo Col\u00f3n de<br>cada domingo.<\/p>\n\n\n\n<p>El n\u00famero de emergencias de la Direcci\u00f3n de Protecci\u00f3n Civil y Bomberos de<br>Torre\u00f3n es el 871 712 00 66.<\/p>\n","protected":false},"excerpt":{"rendered":"<p>Torre\u00f3n, Coahuila. A 20 de marzo de 2024. Debido a que en los pr\u00f3ximos d\u00edas iniciar\u00e1 el periodo vacacional por SemanaSanta en las escuelas, la Direcci\u00f3n de Protecci\u00f3n Civil y Bomberos de Torre\u00f3nemiti\u00f3 diferentes recomendaciones a la poblaci\u00f3n, encaminadas a reforzar lasmedidas de seguridad en el hogar para evitar accidentes con los ni\u00f1os. Jorge Luis Ju\u00e1rez Llanas, director de la dependencia, indic\u00f3 que es en este recesoescolar cuando los ni\u00f1os&#8230;<\/p>\n","protected":false},"author":1,"featured_media":0,"comment_status":"closed","ping_status":"closed","sticky":false,"template":"","format":"standard","meta":{"footnotes":""},"categories":[5,28,7],"tags":[],"class_list":["post-19852","post","type-post","status-publish","format-standard","hentry","category-coahuila","category-la-laguna","category-torreon","wpcat-5-id","wpcat-28-id","wpcat-7-id"],"_links":{"self":[{"href":"https:\/\/www.aquilaguna.com\/index.php\/wp-json\/wp\/v2\/posts\/19852","targetHints":{"allow":["GET"]}}],"collection":[{"href":"https:\/\/www.aquilaguna.com\/index.php\/wp-json\/wp\/v2\/posts"}],"about":[{"href":"https:\/\/www.aquilaguna.com\/index.php\/wp-json\/wp\/v2\/types\/post"}],"author":[{"embeddable":true,"href":"https:\/\/www.aquilaguna.com\/index.php\/wp-json\/wp\/v2\/users\/1"}],"replies":[{"embeddable":true,"href":"https:\/\/www.aquilaguna.com\/index.php\/wp-json\/wp\/v2\/comments?post=19852"}],"version-history":[{"count":1,"href":"https:\/\/www.aquilaguna.com\/index.php\/wp-json\/wp\/v2\/posts\/19852\/revisions"}],"predecessor-version":[{"id":19853,"href":"https:\/\/www.aquilaguna.com\/index.php\/wp-json\/wp\/v2\/posts\/19852\/revisions\/19853"}],"wp:attachment":[{"href":"https:\/\/www.aquilaguna.com\/index.php\/wp-json\/wp\/v2\/media?parent=19852"}],"wp:term":[{"taxonomy":"category","embeddable":true,"href":"https:\/\/www.aquilaguna.com\/index.php\/wp-json\/wp\/v2\/categories?post=19852"},{"taxonomy":"post_tag","embeddable":true,"href":"https:\/\/www.aquilaguna.com\/index.php\/wp-json\/wp\/v2\/tags?post=19852"}],"curies":[{"name":"wp","href":"https:\/\/api.w.org\/{rel}","templated":true}]}}