{"id":19884,"date":"2024-03-21T21:26:57","date_gmt":"2024-03-22T03:26:57","guid":{"rendered":"https:\/\/www.aquilaguna.com\/?p=19884"},"modified":"2024-03-21T21:26:57","modified_gmt":"2024-03-22T03:26:57","slug":"rector-de-uadec-no-se-quedara-de-brazos-cruzados-en-tema-de-presupuesto-federal","status":"publish","type":"post","link":"https:\/\/www.aquilaguna.com\/index.php\/2024\/03\/21\/rector-de-uadec-no-se-quedara-de-brazos-cruzados-en-tema-de-presupuesto-federal\/","title":{"rendered":"Rector de UAdeC no se quedar\u00e1 de brazos cruzados en tema de presupuesto federal."},"content":{"rendered":"\n<p>Torre\u00f3n, Coahuila.- Sin descartar\u00a0 la\u00a0 atenci\u00f3n que requieren en materia de espacios e infraestructura \u00a0 funcional y adecuada para\u00a0 el desarrollo de\u00a0 sus \u00a0 fines sustantivos en\u00a0 la operaci\u00f3n del Instituto de Ense\u00f1anza\u00a0 Abierta -IDEA-, as\u00ed\u00a0 como\u00a0 la Escuela de Idiomas, en \u00e9sta ciudad \u00a0 pese a las condiciones\u00a0 limitantes que registra el presupuesto asignado\u00a0 a la Universidad Aut\u00f3noma de Coahuila, sostiene\u00a0 su Rector Octavio Pimentel Mart\u00ednez.<\/p>\n\n\n\n<p>Lo anterior se desprende de lo declarado este mediod\u00eda por el funcionario universitario\u00a0 al t\u00e9rmino de una nueva gira de trabajo en los que \u00a0 estuvo presente en \u00a0 la puesta en marcha de\u00a0 los estudios correspondiente\u00a0 al nivel de Doctorado en las Facultad\u00a0 de\u00a0 Ciencias Biol\u00f3gicas\u00a0 y dos tomas de posesi\u00f3n de nuevas titulares de las decisiones\u00a0 de\u00a0 dos\u00a0 facultades que forman parte de la Unidad Torre\u00f3n de la M\u00e1xima Casa de Estudios de\u00a0 Coahuila.<\/p>\n\n\n\n<p>Expres\u00f3\u00a0 que las condiciones que registra\u00a0 las \u00a0instituciones antes mencionadas\u00a0 tiene como fondo, &#8220;el tema presupuestario pero no por ello no vamos a quedarnos con los brazos cruzados y esperando\u00a0 que no solo por el tema citado\u00a0 no podamos hacer nada&#8221;.<\/p>\n\n\n\n<p>&#8220;Hay\u00a0 que apoyar\u00a0 al IDEA. Hay , que trabajar con ellos. El IDEA\u00a0 es uno de los iconos, sobre todo aqu\u00ed, en Torre\u00f3n, hay que rescatar ese sentido del IDEA&#8221;.<\/p>\n\n\n\n<p>&#8220;S\u00ed est\u00e1 en los planes\u00a0 el buscar nuevas fuentes de financiamiento. No me quiero comprometer\u00a0 \u00a0 por ahora en lo absoluto, toda vez que hay que ver como se va a ir estructurando\u00a0 el presupuesto del a\u00f1o \u00a0 que entra en materia federal&#8221;.\u00a0<\/p>\n\n\n\n<p>Pero a\u00f1adi\u00f3, &#8220;en la medida de lo posible, nosotros estaremos apoyando al IDEA\u00a0 en la medida de lo posible&#8221;.\u00a0\u00a0<\/p>\n\n\n\n<p>En cuanto a disponibilidad de espacios para nuevas\u00a0 instalaciones es, &#8220;por ejemplo, para albergar la Escuela de Idiomas\u00a0 de\u00a0 Torre\u00f3n,\u00a0 calificada hoy por hoy como la mejor en su tipo,\u00a0 calificada como la mejor en \u00e9sta \u00e1rea\u00a0 en Coahuila&#8221;, manifest\u00f3 que, &#8220;hay que hacer una revisi\u00f3n, hay que hacer algunas permutas con el Secretario de Educaci\u00f3n\u00a0 P\u00fablica, para poder trabajar en equipo. Necesitamos\u00a0 buscar\u00a0 espacios dignos, espacios que hay que rescatar&#8221;.<\/p>\n\n\n\n<p>En relaci\u00f3n a la importancia que para la vida acad\u00e9mica universitaria registra que una de sus facultades pueda a partir de esta fecha impartir el Grado de Doctorado a quienes se inscriban para ello, previo haber alcanzado los grados de licenciaturas y maestr\u00eda,\u00a0 &#8220;es un asunto de la mayor importancia\u00a0 pues\u00a0 con ello se alcanza\u00a0 uno\u00a0 de los objetivos\u00a0 sustanciales de toda Universidad&#8221;.\u00a0<\/p>\n\n\n\n<p>Record\u00f3 que,\u00a0&#8220;junto con el Doctor Nagamani me toc\u00f3\u00a0 construir desde su Maestr\u00eda y hoy venimos para\u00a0 su Doctorado&#8221;.<\/p>\n\n\n\n<p>&#8220;A eso nos dedicamos y venimos a dar a conocer lo nuestro, que es el tema acad\u00e9mico y darlo a conocer a los diferentes sectores&#8221;.<\/p>\n\n\n\n<p>Tambi\u00e9n a\u00f1ad\u00eda, &#8220;tomamos protesta a la Directora del IDEA,\u00a0 a la Directora de la FAFF, siendo en el primer caso, la primera ocasi\u00f3n de que una mujer toma\u00a0 la direcci\u00f3n en tanto que la segunda, ya suma tres directoras al frente del plantel&#8221;.<\/p>\n\n\n\n<p>&#8220;Creo que es\u00a0 una mayor presencia de\u00a0 mujeres en los cargos directivos, se esta potenecializando&#8221;.\u00a0\u00a0<\/p>\n\n\n\n<p>Agregaba que, &#8220;ayer, se tom\u00f3 la protesta a\u00a0 Adriana Centeno, de la Laguna\u00a0 de\u00a0 como nueva titular de Asuntos Acad\u00e9micos. Creo que es tiempo de las mujeres&#8221;.<\/p>\n\n\n\n<p>En el tema de m\u00e1s \u00a0mujeres en el aparato directivo de la UAdeC, acept\u00f3 que,\u00a0 &#8220;su\u00a0 inclusi\u00f3n\u00a0 fue un tema complicado, cuando nosotros hicimos nuestro equipo de trabajo, fuera de los puestos\u00a0 que son por elecci\u00f3n, como son los casos de Asuntos Acad\u00e9micos, Tesorer\u00eda y Planeaci\u00f3n, fue arduo&#8221;.<\/p>\n\n\n\n<p>&#8220;Fue importante\u00a0 pues no solo tenemos\u00a0 que cumplir cuota de g\u00e9nero, pues eso es por Estatuto y est\u00e1 bien, pero hay que privilegiar  cosas mas importantes como lo son,\u00a0 competencias, o habilitaci\u00f3n para\u00a0 desempe\u00f1ar el cargo y en segundo lugar; que sean egresados de la UAdeC&#8221;.\u00a0\u00a0<\/p>\n\n\n\n<p>El \u00faltimo punto citado,\u00a0 argument\u00f3, &#8220;tiene como objetivo \u00a0 el de rescatar el sentido de pertenencia de Los Lobos, pues \u00bfc\u00f3mo es posible creer en nosotros, sin nosotros no creemos en nosotros mismos?&#8221;.<\/p>\n\n\n\n<p>Dijo luego que, &#8220;el 95% de los funcionarios\u00a0 son egresados de la UAdeC, que no era el caso \u00a0 muchos a\u00f1os antes&#8221;.<\/p>\n\n\n\n<p>&#8220;Aqu\u00ed\u00a0 hacemos bien las cosas, as\u00ed vamos a empezar a creer en nosotros mismos. Creo que eso lo podemos corroborar \u00a0 con las acciones que estamos haciendo&#8221;.<\/p>\n\n\n\n<p>Asegur\u00f3 luego que \u00e9l ser\u00e1, &#8220;un rector de campo,\u00a0 de estar visit\u00e1ndolos , vine \u00a0 la semana pasada,\u00a0 \u00a0 hoy vine otra vez y en Semana Santa estaremos\u00a0 haciendo trabajo de planeaci\u00f3n \u00a0 y\u00a0 un vez regresando de\u00a0 esas fechas estaremos\u00a0\u00a0 en Acu\u00f1a,\u00a0 por todo el norte&#8221;.<\/p>\n\n\n\n<p>&#8220;Estaremos visitando las escuelas. Hay muchas cosas que tenemos que hacer&#8221;.<\/p>\n","protected":false},"excerpt":{"rendered":"<p>Torre\u00f3n, Coahuila.- Sin descartar\u00a0 la\u00a0 atenci\u00f3n que requieren en materia de espacios e infraestructura \u00a0 funcional y adecuada para\u00a0 el desarrollo de\u00a0 sus \u00a0 fines sustantivos en\u00a0 la operaci\u00f3n del Instituto de Ense\u00f1anza\u00a0 Abierta -IDEA-, as\u00ed\u00a0 como\u00a0 la Escuela de Idiomas, en \u00e9sta ciudad \u00a0 pese a las condiciones\u00a0 limitantes que registra el presupuesto asignado\u00a0 a la Universidad Aut\u00f3noma de Coahuila, sostiene\u00a0 su Rector Octavio Pimentel Mart\u00ednez. Lo anterior se&#8230;<\/p>\n","protected":false},"author":2,"featured_media":0,"comment_status":"closed","ping_status":"","sticky":false,"template":"","format":"standard","meta":{"footnotes":""},"categories":[5,2],"tags":[],"class_list":["post-19884","post","type-post","status-publish","format-standard","hentry","category-coahuila","category-uadec","wpcat-5-id","wpcat-2-id"],"_links":{"self":[{"href":"https:\/\/www.aquilaguna.com\/index.php\/wp-json\/wp\/v2\/posts\/19884","targetHints":{"allow":["GET"]}}],"collection":[{"href":"https:\/\/www.aquilaguna.com\/index.php\/wp-json\/wp\/v2\/posts"}],"about":[{"href":"https:\/\/www.aquilaguna.com\/index.php\/wp-json\/wp\/v2\/types\/post"}],"author":[{"embeddable":true,"href":"https:\/\/www.aquilaguna.com\/index.php\/wp-json\/wp\/v2\/users\/2"}],"replies":[{"embeddable":true,"href":"https:\/\/www.aquilaguna.com\/index.php\/wp-json\/wp\/v2\/comments?post=19884"}],"version-history":[{"count":1,"href":"https:\/\/www.aquilaguna.com\/index.php\/wp-json\/wp\/v2\/posts\/19884\/revisions"}],"predecessor-version":[{"id":19885,"href":"https:\/\/www.aquilaguna.com\/index.php\/wp-json\/wp\/v2\/posts\/19884\/revisions\/19885"}],"wp:attachment":[{"href":"https:\/\/www.aquilaguna.com\/index.php\/wp-json\/wp\/v2\/media?parent=19884"}],"wp:term":[{"taxonomy":"category","embeddable":true,"href":"https:\/\/www.aquilaguna.com\/index.php\/wp-json\/wp\/v2\/categories?post=19884"},{"taxonomy":"post_tag","embeddable":true,"href":"https:\/\/www.aquilaguna.com\/index.php\/wp-json\/wp\/v2\/tags?post=19884"}],"curies":[{"name":"wp","href":"https:\/\/api.w.org\/{rel}","templated":true}]}}