{"id":19912,"date":"2024-03-24T20:22:23","date_gmt":"2024-03-25T02:22:23","guid":{"rendered":"https:\/\/www.aquilaguna.com\/?p=19912"},"modified":"2024-03-24T20:22:24","modified_gmt":"2024-03-25T02:22:24","slug":"en-semana-santa-mantienen-secretaria-de-salud-e-inspira-coahuila-atencion-a-la-salud-mental","status":"publish","type":"post","link":"https:\/\/www.aquilaguna.com\/index.php\/2024\/03\/24\/en-semana-santa-mantienen-secretaria-de-salud-e-inspira-coahuila-atencion-a-la-salud-mental\/","title":{"rendered":"EN SEMANA SANTA MANTIENEN SECRETAR\u00cdA DE SALUD E\u00a0\u00a0INSPIRA COAHUILA ATENCI\u00d3N A LA SALUD MENTAL."},"content":{"rendered":"\n<p>Saltillo, Coahuila de Zaragoza; a 24 de marzo de 2024.- Como parte de la estrategia en materia de salud mental para el cuidado y atenci\u00f3n emocional de los coahuilenses, la Oficina Inspira Coahuila y la Secretar\u00eda de Salud informaron que, durante el periodo vacacional por Semana Santa, la L\u00ednea de Vida con n\u00famero 01 800 822 3737 permanecer\u00e1 activa de manera ininterrumpida las 24 horas del d\u00eda, los siete d\u00edas de la semana.\u00a0<\/p>\n\n\n\n<p>\u201cLa salud mental es un derecho universal que podemos abordar trabajando en equipo, sociedad y gobierno. Como autoridades, hemos tomado este tema como una prioridad que nos corresponde a todos, al ser un \u00e1rea de oportunidad en la formaci\u00f3n de estrategias y pol\u00edticas p\u00fablicas\u201d, indic\u00f3 Paola Rodr\u00edguez L\u00f3pez, presidenta honoraria de Inspira, quien se\u00f1al\u00f3 que adem\u00e1s se han llevado a cabo brigadas de atenci\u00f3n en los municipios del estado para llevar especialistas en la materia a trav\u00e9s de la estrategia Salud Mental Comunitaria.<\/p>\n\n\n\n<p>Destac\u00f3 que la L\u00ednea de Vida est\u00e1 conformada por un grupo de especialistas en atenci\u00f3n a la salud, capacitados para escuchar y ofrecer orientaci\u00f3n en problemas de salud mental para el p\u00fablico en general, tales como: crisis de ansiedad, depresi\u00f3n, ataques de p\u00e1nico; uso o consumo perjudicial de sustancias.&nbsp;<\/p>\n\n\n\n<p>De igual manera, Paola Rodr\u00edguez se\u00f1al\u00f3 que a trav\u00e9s de la L\u00ednea de Vida las personas con familiares o conocidos con alg\u00fan problema relacionado a la salud mental, o que se encuentre en riesgo, pueden comunicarse a este centro telef\u00f3nico para ser instruidos sobre el apoyo que pueden ofrecer al familiar o amigo en una situaci\u00f3n de crisis de cualquier tipo.<\/p>\n\n\n\n<p>\u201cSi se encuentra atravesando por una situaci\u00f3n emocional de crisis como ansiedad, depresi\u00f3n, pueden comunicarse con los especialistas para recibir apoyo inmediato. En caso de identificar a alg\u00fan familiar o amigo con s\u00edntomas de depresi\u00f3n o se\u00f1ales de abuso de sustancias, tambi\u00e9n pueden acercarse a recibir orientaci\u00f3n sobre el tipo de apoyo que necesita y c\u00f3mo ofrecerlo\u201d, se\u00f1al\u00f3.&nbsp;<\/p>\n\n\n\n<p>Por otro lado, la Secretar\u00eda de Salud e Inspira Coahuila contin\u00faan implementando campa\u00f1as de sensibilizaci\u00f3n para fomentar el auto cuidado, la resiliencia y el conocimiento sobre salud mental.&nbsp;<\/p>\n\n\n\n<p>Adem\u00e1s de promover programas de prevenci\u00f3n de adicciones, apoyar a los centros de rehabilitaci\u00f3n, al igual que la instalaci\u00f3n de brigadas m\u00f3viles de Salud Mental por las distintas regiones del estado, para apoyar de manera gratuita en la identificaci\u00f3n y atenci\u00f3n oportuna de padecimientos como la depresi\u00f3n.&nbsp;<\/p>\n\n\n\n<p>La instalaci\u00f3n del Consejo Estatal de Salud Mental y Adicciones, as\u00ed como los Subcomit\u00e9s de Salud Mental y Adicciones instalados en las cinco regiones de la entidad, en coordinaci\u00f3n con distintas dependencias e instituciones del orden p\u00fablico y privado, atienden estos padecimientos.<\/p>\n","protected":false},"excerpt":{"rendered":"<p>Saltillo, Coahuila de Zaragoza; a 24 de marzo de 2024.- Como parte de la estrategia en materia de salud mental para el cuidado y atenci\u00f3n emocional de los coahuilenses, la Oficina Inspira Coahuila y la Secretar\u00eda de Salud informaron que, durante el periodo vacacional por Semana Santa, la L\u00ednea de Vida con n\u00famero 01 800 822 3737 permanecer\u00e1 activa de manera ininterrumpida las 24 horas del d\u00eda, los siete d\u00edas&#8230;<\/p>\n","protected":false},"author":1,"featured_media":19913,"comment_status":"closed","ping_status":"closed","sticky":false,"template":"","format":"standard","meta":{"footnotes":""},"categories":[5,15,14],"tags":[],"class_list":["post-19912","post","type-post","status-publish","format-standard","has-post-thumbnail","hentry","category-coahuila","category-gobierno-de-coahuila","category-salud","wpcat-5-id","wpcat-15-id","wpcat-14-id"],"_links":{"self":[{"href":"https:\/\/www.aquilaguna.com\/index.php\/wp-json\/wp\/v2\/posts\/19912","targetHints":{"allow":["GET"]}}],"collection":[{"href":"https:\/\/www.aquilaguna.com\/index.php\/wp-json\/wp\/v2\/posts"}],"about":[{"href":"https:\/\/www.aquilaguna.com\/index.php\/wp-json\/wp\/v2\/types\/post"}],"author":[{"embeddable":true,"href":"https:\/\/www.aquilaguna.com\/index.php\/wp-json\/wp\/v2\/users\/1"}],"replies":[{"embeddable":true,"href":"https:\/\/www.aquilaguna.com\/index.php\/wp-json\/wp\/v2\/comments?post=19912"}],"version-history":[{"count":1,"href":"https:\/\/www.aquilaguna.com\/index.php\/wp-json\/wp\/v2\/posts\/19912\/revisions"}],"predecessor-version":[{"id":19914,"href":"https:\/\/www.aquilaguna.com\/index.php\/wp-json\/wp\/v2\/posts\/19912\/revisions\/19914"}],"wp:featuredmedia":[{"embeddable":true,"href":"https:\/\/www.aquilaguna.com\/index.php\/wp-json\/wp\/v2\/media\/19913"}],"wp:attachment":[{"href":"https:\/\/www.aquilaguna.com\/index.php\/wp-json\/wp\/v2\/media?parent=19912"}],"wp:term":[{"taxonomy":"category","embeddable":true,"href":"https:\/\/www.aquilaguna.com\/index.php\/wp-json\/wp\/v2\/categories?post=19912"},{"taxonomy":"post_tag","embeddable":true,"href":"https:\/\/www.aquilaguna.com\/index.php\/wp-json\/wp\/v2\/tags?post=19912"}],"curies":[{"name":"wp","href":"https:\/\/api.w.org\/{rel}","templated":true}]}}