{"id":19920,"date":"2024-03-25T20:08:01","date_gmt":"2024-03-26T02:08:01","guid":{"rendered":"https:\/\/www.aquilaguna.com\/?p=19920"},"modified":"2024-03-25T20:08:02","modified_gmt":"2024-03-26T02:08:02","slug":"atiende-personal-de-proteccion-civil-reportes-por-presencia-de-viento","status":"publish","type":"post","link":"https:\/\/www.aquilaguna.com\/index.php\/2024\/03\/25\/atiende-personal-de-proteccion-civil-reportes-por-presencia-de-viento\/","title":{"rendered":"Atiende personal de Protecci\u00f3n Civil reportes por presencia de viento."},"content":{"rendered":"\n<p>Torre\u00f3n, Coahuila. A 25 de marzo de 2024.<\/p>\n\n\n\n<p>Personal de la Direcci\u00f3n de Protecci\u00f3n Civil y Bomberos de Torre\u00f3n, permanece<br>en alerta para atender los reportes de la ciudadan\u00eda, debido a la presencia de<br>viento en la ciudad, el cual se mantiene desde el d\u00eda de ayer.<\/p>\n\n\n\n<p>Jorge Luis Ju\u00e1rez Llanas, director de la dependencia, inform\u00f3 que el domingo se<br>present\u00f3 intensidad de moderada a fuerte, misma que ha continuado el d\u00eda de hoy<br>con el pron\u00f3stico de r\u00e1fagas de viento para las pr\u00f3ximas horas.<\/p>\n\n\n\n<p>Resultado del evento clim\u00e1tico, elementos de la dependencia han atendido hasta<br>el momento reportes de cuatro \u00e1rboles y dos lonas ca\u00eddas.<\/p>\n\n\n\n<p>Dijo que entre las recomendaciones para la ciudadan\u00eda est\u00e1 la de no encender<br>fogatas, adem\u00e1s la de evitar los trabajos en alturas.<\/p>\n\n\n\n<p>Ju\u00e1rez Llanas dijo que es importante conducir con precauci\u00f3n, no estacionar<br>veh\u00edculos cerca de \u00e1rboles o lonas, evitar salir de la casa en la medida de lo<br>posible, no poner macetas u objetos en las ventanas que den a la calle, y evitar<br>realizar actividades deportivas al aire libre.<\/p>\n\n\n\n<p>Adem\u00e1s, evitar sacar la basura fuera de los horarios en que pasan los camiones<br>recolectores, para que no se disperse y se genere un foco de suciedad en las<br>calles.<\/p>\n\n\n\n<p>Cabe destacar que el personal de Protecci\u00f3n Civil y Bomberos, inici\u00f3 la revisi\u00f3n de<br>puentes y espectaculares desde inicios de a\u00f1o, a fin de prever cualquier anomal\u00eda<br>que pudiera provocar un da\u00f1o al peat\u00f3n o conductor.<\/p>\n\n\n\n<p>En este mes es com\u00fan la presencia de vientos moderados a fuertes o de r\u00e1fagas<br>que superan los 50 k\/h, por lo que es importante que la poblaci\u00f3n atienda las<br>indicaciones para proteger su integridad.<\/p>\n\n\n\n<p>Para hacer alg\u00fan reporte a la Direcci\u00f3n de Protecci\u00f3n Civil y Bomberos, la<br>ciudadan\u00eda puede contactarse al n\u00famero 871 712 00 66.<\/p>\n","protected":false},"excerpt":{"rendered":"<p>Torre\u00f3n, Coahuila. A 25 de marzo de 2024. Personal de la Direcci\u00f3n de Protecci\u00f3n Civil y Bomberos de Torre\u00f3n, permaneceen alerta para atender los reportes de la ciudadan\u00eda, debido a la presencia deviento en la ciudad, el cual se mantiene desde el d\u00eda de ayer. Jorge Luis Ju\u00e1rez Llanas, director de la dependencia, inform\u00f3 que el domingo sepresent\u00f3 intensidad de moderada a fuerte, misma que ha continuado el d\u00eda de&#8230;<\/p>\n","protected":false},"author":1,"featured_media":19921,"comment_status":"closed","ping_status":"closed","sticky":false,"template":"","format":"standard","meta":{"footnotes":""},"categories":[5,28,7],"tags":[],"class_list":["post-19920","post","type-post","status-publish","format-standard","has-post-thumbnail","hentry","category-coahuila","category-la-laguna","category-torreon","wpcat-5-id","wpcat-28-id","wpcat-7-id"],"_links":{"self":[{"href":"https:\/\/www.aquilaguna.com\/index.php\/wp-json\/wp\/v2\/posts\/19920","targetHints":{"allow":["GET"]}}],"collection":[{"href":"https:\/\/www.aquilaguna.com\/index.php\/wp-json\/wp\/v2\/posts"}],"about":[{"href":"https:\/\/www.aquilaguna.com\/index.php\/wp-json\/wp\/v2\/types\/post"}],"author":[{"embeddable":true,"href":"https:\/\/www.aquilaguna.com\/index.php\/wp-json\/wp\/v2\/users\/1"}],"replies":[{"embeddable":true,"href":"https:\/\/www.aquilaguna.com\/index.php\/wp-json\/wp\/v2\/comments?post=19920"}],"version-history":[{"count":1,"href":"https:\/\/www.aquilaguna.com\/index.php\/wp-json\/wp\/v2\/posts\/19920\/revisions"}],"predecessor-version":[{"id":19922,"href":"https:\/\/www.aquilaguna.com\/index.php\/wp-json\/wp\/v2\/posts\/19920\/revisions\/19922"}],"wp:featuredmedia":[{"embeddable":true,"href":"https:\/\/www.aquilaguna.com\/index.php\/wp-json\/wp\/v2\/media\/19921"}],"wp:attachment":[{"href":"https:\/\/www.aquilaguna.com\/index.php\/wp-json\/wp\/v2\/media?parent=19920"}],"wp:term":[{"taxonomy":"category","embeddable":true,"href":"https:\/\/www.aquilaguna.com\/index.php\/wp-json\/wp\/v2\/categories?post=19920"},{"taxonomy":"post_tag","embeddable":true,"href":"https:\/\/www.aquilaguna.com\/index.php\/wp-json\/wp\/v2\/tags?post=19920"}],"curies":[{"name":"wp","href":"https:\/\/api.w.org\/{rel}","templated":true}]}}