{"id":19969,"date":"2024-04-02T20:00:26","date_gmt":"2024-04-03T02:00:26","guid":{"rendered":"https:\/\/www.aquilaguna.com\/?p=19969"},"modified":"2024-04-02T20:00:27","modified_gmt":"2024-04-03T02:00:27","slug":"hablaran-sobre-datos-historicos-de-los-eclipses-solares-totales","status":"publish","type":"post","link":"https:\/\/www.aquilaguna.com\/index.php\/2024\/04\/02\/hablaran-sobre-datos-historicos-de-los-eclipses-solares-totales\/","title":{"rendered":"Hablar\u00e1n sobre datos hist\u00f3ricos de los eclipses solares totales."},"content":{"rendered":"\n<p>Torre\u00f3n, Coahuila. A 02 de abril de 2024.<\/p>\n\n\n\n<p>El Archivo Municipal de Torre\u00f3n tiene para su pr\u00f3xima actividad, un recuento<br>hist\u00f3rico de eclipses solares totales vistos desde la Comarca Lagunera, en una<br>conferencia que impartir\u00e1 Silvia Leticia Zueck Gonz\u00e1lez, doctora en pedagog\u00eda, en<br>las instalaciones de la dependencia.<\/p>\n\n\n\n<p>El evento est\u00e1 preparado en el marco del eclipse del 8 de abril, que convertir\u00e1 a<br>Torre\u00f3n en una de las cuatro ciudades del pa\u00eds con las mejores condiciones<br>climatol\u00f3gicas para observarlo.<\/p>\n\n\n\n<p>Se llevar\u00e1 a cabo el viernes 5 de abril en punto de las 19:00 horas, con entrada<br>libre al p\u00fablico interesado.<\/p>\n\n\n\n<p>Cinthia Gaspar Montero, directora de la dependencia, dijo que es importante<br>conocer los antecedentes en La Laguna acerca de estos fen\u00f3menos<br>astron\u00f3micos.<\/p>\n\n\n\n<p>\u201cEl 10 de septiembre de 1923 ocurri\u00f3 uno de los primeros eclipses solares totales<br>del siglo XX, el cual fue visible en el suroeste de California y el norte de M\u00e9xico.<\/p>\n\n\n\n<p>Sin embargo, debido a su ubicaci\u00f3n, nuestro pa\u00eds tuvo una mayor oportunidad de<br>promover expediciones cient\u00edficas para llevar a cabo estudios y pruebas<br>astron\u00f3micas con su impulsor, Joaqu\u00edn Gallo, director del Observatorio<br>Astron\u00f3mico Nacional\u201d, mencion\u00f3 la titular.<\/p>\n\n\n\n<p>Acerca de la ponente, Silvia Zueck es doctora en Pedagog\u00eda por la Facultad de<br>Filosof\u00eda y Letras de la Universidad Nacional Aut\u00f3noma de M\u00e9xico (UNAM), con<br>\u00e9nfasis en la historia del Observatorio Astron\u00f3mico Nacional.<\/p>\n\n\n\n<p>Public\u00f3 art\u00edculos en revistas acad\u00e9micas sobre la comunidad de astr\u00f3nomos que<br>integraron el observatorio.<\/p>\n\n\n\n<p>Recientemente public\u00f3 un art\u00edculo sobre la comunidad jesuita italiana que fund\u00f3<br>observatorios meteorol\u00f3gicos y astron\u00f3micos en los colegios de San Juan<br>Nepomuceno en Saltillo y en el Sagrado Coraz\u00f3n de Puebla.<\/p>\n\n\n\n<p>Es integrante de la Asociaci\u00f3n de Investigadores Italianos en M\u00e9xico (ARIM), de la<br>Sociedad Mexicana de Geograf\u00eda y Estad\u00edstica (SMGE), de la Casa Coahuila de la<br>Ciudad de M\u00e9xico, entre otras.<\/p>\n\n\n\n<p>El Archivo Municipal est\u00e1 ubicado en calle Acu\u00f1a 140 sur, colonia Centro.<\/p>\n","protected":false},"excerpt":{"rendered":"<p>Torre\u00f3n, Coahuila. A 02 de abril de 2024. El Archivo Municipal de Torre\u00f3n tiene para su pr\u00f3xima actividad, un recuentohist\u00f3rico de eclipses solares totales vistos desde la Comarca Lagunera, en unaconferencia que impartir\u00e1 Silvia Leticia Zueck Gonz\u00e1lez, doctora en pedagog\u00eda, enlas instalaciones de la dependencia. El evento est\u00e1 preparado en el marco del eclipse del 8 de abril, que convertir\u00e1 aTorre\u00f3n en una de las cuatro ciudades del pa\u00eds con&#8230;<\/p>\n","protected":false},"author":1,"featured_media":19970,"comment_status":"closed","ping_status":"closed","sticky":false,"template":"","format":"standard","meta":{"footnotes":""},"categories":[5,28,7],"tags":[],"class_list":["post-19969","post","type-post","status-publish","format-standard","has-post-thumbnail","hentry","category-coahuila","category-la-laguna","category-torreon","wpcat-5-id","wpcat-28-id","wpcat-7-id"],"_links":{"self":[{"href":"https:\/\/www.aquilaguna.com\/index.php\/wp-json\/wp\/v2\/posts\/19969","targetHints":{"allow":["GET"]}}],"collection":[{"href":"https:\/\/www.aquilaguna.com\/index.php\/wp-json\/wp\/v2\/posts"}],"about":[{"href":"https:\/\/www.aquilaguna.com\/index.php\/wp-json\/wp\/v2\/types\/post"}],"author":[{"embeddable":true,"href":"https:\/\/www.aquilaguna.com\/index.php\/wp-json\/wp\/v2\/users\/1"}],"replies":[{"embeddable":true,"href":"https:\/\/www.aquilaguna.com\/index.php\/wp-json\/wp\/v2\/comments?post=19969"}],"version-history":[{"count":1,"href":"https:\/\/www.aquilaguna.com\/index.php\/wp-json\/wp\/v2\/posts\/19969\/revisions"}],"predecessor-version":[{"id":19971,"href":"https:\/\/www.aquilaguna.com\/index.php\/wp-json\/wp\/v2\/posts\/19969\/revisions\/19971"}],"wp:featuredmedia":[{"embeddable":true,"href":"https:\/\/www.aquilaguna.com\/index.php\/wp-json\/wp\/v2\/media\/19970"}],"wp:attachment":[{"href":"https:\/\/www.aquilaguna.com\/index.php\/wp-json\/wp\/v2\/media?parent=19969"}],"wp:term":[{"taxonomy":"category","embeddable":true,"href":"https:\/\/www.aquilaguna.com\/index.php\/wp-json\/wp\/v2\/categories?post=19969"},{"taxonomy":"post_tag","embeddable":true,"href":"https:\/\/www.aquilaguna.com\/index.php\/wp-json\/wp\/v2\/tags?post=19969"}],"curies":[{"name":"wp","href":"https:\/\/api.w.org\/{rel}","templated":true}]}}