{"id":19972,"date":"2024-04-02T20:02:13","date_gmt":"2024-04-03T02:02:13","guid":{"rendered":"https:\/\/www.aquilaguna.com\/?p=19972"},"modified":"2024-04-02T20:02:13","modified_gmt":"2024-04-03T02:02:13","slug":"dif-torreon-impulsa-la-capacitacion-y-el-autoempleo","status":"publish","type":"post","link":"https:\/\/www.aquilaguna.com\/index.php\/2024\/04\/02\/dif-torreon-impulsa-la-capacitacion-y-el-autoempleo\/","title":{"rendered":"DIF Torre\u00f3n impulsa la capacitaci\u00f3n y el autoempleo."},"content":{"rendered":"\n<p>Torre\u00f3n, Coahuila. A 02 de abril de 2024.<\/p>\n\n\n\n<p>El Sistema para el Desarrollo Integral de la Familia (DIF) Torre\u00f3n, a trav\u00e9s de los<br>Talleres Tonantzin, inici\u00f3 este mes con una serie de cursos para la formaci\u00f3n y el<br>fortalecimiento de capacidades para el empleo y autoempleo de los ciudadanos.<\/p>\n\n\n\n<p>Marlene Mart\u00ednez Vald\u00e9s, directora general del DIF Torre\u00f3n, dio a conocer que<br>con estas acciones se busca que los participantes adquieran conocimientos y<br>desarrollen sus habilidades en la mejora de sus condiciones laborales o en el<br>emprendimiento de sus propios negocios.<\/p>\n\n\n\n<p>Inform\u00f3 que el d\u00eda de ayer iniciaron los cursos de manicure y pedicure, as\u00ed como el<br>de dise\u00f1o de invitaciones, de 09:00 a 13:00 horas.<\/p>\n\n\n\n<p>Adem\u00e1s de los talleres: Declaraci\u00f3n anual de persona f\u00edsica, inducci\u00f3n al Power<br>Point y aprende a manejar tu m\u00e1quina de coser y colocaci\u00f3n de cierres, de 10:00 a<br>13:00 horas.<\/p>\n\n\n\n<p>Por otro lado, mencion\u00f3 que este martes dos de abril, se llev\u00f3 a cabo la Master<br>Class &#8220;Corte de Cabello Masculino y Femenino&#8221;, de 9:00 a 13:00 horas, en la que<br>se ofreci\u00f3 a los participantes la oportunidad de perfeccionar sus habilidades en<br>esta materia.<\/p>\n\n\n\n<p>La funcionaria dijo que estos cursos representan una oportunidad invaluable para<br>aquellos que buscan un crecimiento econ\u00f3mico, con una variedad de opciones<br>que abarcan una amplia gama de conocimientos \u00fatiles para los diversos campos<br>profesionales.<\/p>\n\n\n\n<p>Mencion\u00f3 que es a trav\u00e9s de horarios diversos en que los participantes tienen la<br>flexibilidad de elegir cursos que se ajusten a sus tiempos y necesidades<br>espec\u00edficas.<\/p>\n\n\n\n<p>Por \u00faltimo, Mart\u00ednez Vald\u00e9s dijo que los interesados en obtener m\u00e1s informaci\u00f3n<br>sobre los cursos y las inscripciones, se pueden comunicar al tel\u00e9fono de oficina<br>871 893 1128 o al 871 347 6787 mediante WhatsApp.<\/p>\n","protected":false},"excerpt":{"rendered":"<p>Torre\u00f3n, Coahuila. A 02 de abril de 2024. El Sistema para el Desarrollo Integral de la Familia (DIF) Torre\u00f3n, a trav\u00e9s de losTalleres Tonantzin, inici\u00f3 este mes con una serie de cursos para la formaci\u00f3n y elfortalecimiento de capacidades para el empleo y autoempleo de los ciudadanos. Marlene Mart\u00ednez Vald\u00e9s, directora general del DIF Torre\u00f3n, dio a conocer quecon estas acciones se busca que los participantes adquieran conocimientos ydesarrollen sus&#8230;<\/p>\n","protected":false},"author":1,"featured_media":19973,"comment_status":"closed","ping_status":"closed","sticky":false,"template":"","format":"standard","meta":{"footnotes":""},"categories":[5,28,7],"tags":[],"class_list":["post-19972","post","type-post","status-publish","format-standard","has-post-thumbnail","hentry","category-coahuila","category-la-laguna","category-torreon","wpcat-5-id","wpcat-28-id","wpcat-7-id"],"_links":{"self":[{"href":"https:\/\/www.aquilaguna.com\/index.php\/wp-json\/wp\/v2\/posts\/19972","targetHints":{"allow":["GET"]}}],"collection":[{"href":"https:\/\/www.aquilaguna.com\/index.php\/wp-json\/wp\/v2\/posts"}],"about":[{"href":"https:\/\/www.aquilaguna.com\/index.php\/wp-json\/wp\/v2\/types\/post"}],"author":[{"embeddable":true,"href":"https:\/\/www.aquilaguna.com\/index.php\/wp-json\/wp\/v2\/users\/1"}],"replies":[{"embeddable":true,"href":"https:\/\/www.aquilaguna.com\/index.php\/wp-json\/wp\/v2\/comments?post=19972"}],"version-history":[{"count":1,"href":"https:\/\/www.aquilaguna.com\/index.php\/wp-json\/wp\/v2\/posts\/19972\/revisions"}],"predecessor-version":[{"id":19974,"href":"https:\/\/www.aquilaguna.com\/index.php\/wp-json\/wp\/v2\/posts\/19972\/revisions\/19974"}],"wp:featuredmedia":[{"embeddable":true,"href":"https:\/\/www.aquilaguna.com\/index.php\/wp-json\/wp\/v2\/media\/19973"}],"wp:attachment":[{"href":"https:\/\/www.aquilaguna.com\/index.php\/wp-json\/wp\/v2\/media?parent=19972"}],"wp:term":[{"taxonomy":"category","embeddable":true,"href":"https:\/\/www.aquilaguna.com\/index.php\/wp-json\/wp\/v2\/categories?post=19972"},{"taxonomy":"post_tag","embeddable":true,"href":"https:\/\/www.aquilaguna.com\/index.php\/wp-json\/wp\/v2\/tags?post=19972"}],"curies":[{"name":"wp","href":"https:\/\/api.w.org\/{rel}","templated":true}]}}