{"id":19983,"date":"2024-04-02T20:44:03","date_gmt":"2024-04-03T02:44:03","guid":{"rendered":"https:\/\/www.aquilaguna.com\/?p=19983"},"modified":"2024-04-02T20:44:03","modified_gmt":"2024-04-03T02:44:03","slug":"direccion-de-seguridad-publica-de-torreon-estara-atenta-a-garantizar-tranquilidad-a-ciudadanos","status":"publish","type":"post","link":"https:\/\/www.aquilaguna.com\/index.php\/2024\/04\/02\/direccion-de-seguridad-publica-de-torreon-estara-atenta-a-garantizar-tranquilidad-a-ciudadanos\/","title":{"rendered":"Direcci\u00f3n de Seguridad P\u00fablica de Torre\u00f3n estar\u00e1 atenta a garantiz\u00e1r tranquilidad a ciudadanos."},"content":{"rendered":"\n<p>Torre\u00f3n, Coahuila.- Durante los procesos electorales, &#8220;como es hoy el caso en Coahuila y el resto del pa\u00eds hay que estar atentos, pues  son festividades\u00a0electorales, \u00a0que a nosotros, como Direcci\u00f3n de Seguridad\u00a0 P\u00fablica\u00a0 en este municipio nos corresponden, como todos los d\u00edas, de garantizar \u00a0 la paz de quienes aqu\u00ed, habitan&#8221;,\u00a0 sostiene el Comandante\u00a0 Perales Esparza, titular de la Direcci\u00f3n de Seguridad P\u00fablica de Torre\u00f3n.\u00a0<\/p>\n\n\n\n<p>Vemos, dijo luego, &#8220;que hay las condiciones para que se lleven a cabo de forma pac\u00edfica, aparte de todas las coordinaciones que tenemos con el resto de las autoridades involucradas,\u00a0 para enfrentar\u00a0 o disuadir cualquier situaci\u00f3n de riesgo&#8221;.\u00a0\u00a0<\/p>\n\n\n\n<p>Estim\u00f3 que, &#8220;hasta hoy no hay raz\u00f3n para temer alteraci\u00f3n alguna\u00a0 al clima que prevalece\u00a0 en torno\u00a0 a los dos proceso electorales en marcha,\u00a0 es decir, el de orden estatal y el federal respectivamente&#8221;.<\/p>\n\n\n\n<p><strong>PERCEPCION POSITIVA.\u00a0<\/strong><\/p>\n\n\n\n<p>&#8220;La afluencia de visitantes y\u00a0 la movilidad que registra la poblaci\u00f3n local en especial en su zona metropolitana de la comarca,\u00a0 no registra\u00a0 hasta hoy, percepci\u00f3n\u00a0 de que\u00a0 haya aumentado\u00a0 el nivel de actividad delictiva com\u00fan o\u00a0 de otro orden, seg\u00fan revela la minuciosa\u00a0 estad\u00edstica y su seguimiento&#8221;, estima\u00a0 el comandante\u00a0 C\u00e9sar Antonio Perales Esparza.\u00a0\u00a0<\/p>\n\n\n\n<p>Hist\u00f3ricamente, admiti\u00f3 el jefe polic\u00edaco,\u00a0 &#8220;lo\u00a0 que no se podia bajar, era el delito de\u00a0 robo a casa habitaci\u00f3n, y en estos meses tal\u00a0 registra una disminuci\u00f3n importante, claro que se nos incrementan\u00a0 en uno o dos otro tipo de delitos, como es el robo de ocasi\u00f3n, aleteo de veh\u00edculos, robo de alguna\u00a0 bicicleta, pero hasta hoy \u00a0 los eventos delictivos\u00a0 que se registran a diario\u00a0 fluct\u00faan entre\u00a0 24, 31, 13, etc.,\u00a0 variaciones que\u00a0 ya hab\u00edamos \u00a0 anticipado a inteligencia policiaca&#8221;.<\/p>\n\n\n\n<p>Revel\u00f3 luego en su respuesta que, &#8220;se mantiene comunicaci\u00f3n constante con la\u00a0 ciudadan\u00eda&#8221;, al expresar que, &#8220;hemos actuado donde la gente nos dice que debemos movernos&#8221;.<\/p>\n\n\n\n<p><strong>LA LEY ES DURA, PERO.<\/strong><\/p>\n\n\n\n<p>Preguntado en relaci\u00f3n a la exhibici\u00f3n,\u00a0 en algunos Medios de comunicaci\u00f3n \u00a0 o redes sociales, a veces grosera de\u00a0 personas que fueron sorprendidas sustrayendo\u00a0 algunos art\u00edculos\u00a0 cuyo costo resulta por dem\u00e1s insignificantes, o bien pueden constituir en los hechos, el famoso &#8220;robo por hambre&#8221;\u00a0 en alg\u00fan centro\u00a0 comercial o tienda\u00a0 de conveniencia.<\/p>\n\n\n\n<p>El\u00a0 jefe\u00a0 polic\u00edaco\u00a0 manifest\u00f3 que en tales casos, ellos se limitan al cumplimiento\u00a0 de la ley, que no\u00a0 estima para detenci\u00f3n y proceso el monto de lo robado o sustra\u00eddo, sino\u00a0 califica el hecho como robo y como tal se trata.<\/p>\n\n\n\n<p>En cuanto al tratamiento\u00a0 medi\u00e1tico\u00a0 que se da tales casos, que en algunos impide, que\u00a0 con todo y se\u00a0 haya reparado el da\u00f1o \u00a0 provocado\u00a0 por el involucrado,\u00a0 no se le exime de ser publicitado\u00a0 con las\u00a0 consecuencias \u00a0 correspondientes\u00a0 en\u00a0 cuando a su fama p\u00fablica e integridad, manifest\u00f3 que,\u00a0 &#8220;no est\u00e1 en el \u00e1mbito de su\u00a0 competencia, toda vez que \u00a0 su intervenci\u00f3n\u00a0 se inicia cuando el afectado solicita su intervenci\u00f3n\u00a0 y\u00a0 la detenci\u00f3n del presunto responsable m\u00e1s all\u00e1 de cuanto es el monto de los robado y mucho menos el m\u00f3vil de tal acci\u00f3n&#8221;.\u00a0<\/p>\n","protected":false},"excerpt":{"rendered":"<p>Torre\u00f3n, Coahuila.- Durante los procesos electorales, &#8220;como es hoy el caso en Coahuila y el resto del pa\u00eds hay que estar atentos, pues son festividades\u00a0electorales, \u00a0que a nosotros, como Direcci\u00f3n de Seguridad\u00a0 P\u00fablica\u00a0 en este municipio nos corresponden, como todos los d\u00edas, de garantizar \u00a0 la paz de quienes aqu\u00ed, habitan&#8221;,\u00a0 sostiene el Comandante\u00a0 Perales Esparza, titular de la Direcci\u00f3n de Seguridad P\u00fablica de Torre\u00f3n.\u00a0 Vemos, dijo luego, &#8220;que hay&#8230;<\/p>\n","protected":false},"author":2,"featured_media":0,"comment_status":"closed","ping_status":"","sticky":false,"template":"","format":"standard","meta":{"footnotes":""},"categories":[5,42,28,24,7],"tags":[],"class_list":["post-19983","post","type-post","status-publish","format-standard","hentry","category-coahuila","category-elecciones","category-la-laguna","category-seguridad","category-torreon","wpcat-5-id","wpcat-42-id","wpcat-28-id","wpcat-24-id","wpcat-7-id"],"_links":{"self":[{"href":"https:\/\/www.aquilaguna.com\/index.php\/wp-json\/wp\/v2\/posts\/19983","targetHints":{"allow":["GET"]}}],"collection":[{"href":"https:\/\/www.aquilaguna.com\/index.php\/wp-json\/wp\/v2\/posts"}],"about":[{"href":"https:\/\/www.aquilaguna.com\/index.php\/wp-json\/wp\/v2\/types\/post"}],"author":[{"embeddable":true,"href":"https:\/\/www.aquilaguna.com\/index.php\/wp-json\/wp\/v2\/users\/2"}],"replies":[{"embeddable":true,"href":"https:\/\/www.aquilaguna.com\/index.php\/wp-json\/wp\/v2\/comments?post=19983"}],"version-history":[{"count":1,"href":"https:\/\/www.aquilaguna.com\/index.php\/wp-json\/wp\/v2\/posts\/19983\/revisions"}],"predecessor-version":[{"id":19984,"href":"https:\/\/www.aquilaguna.com\/index.php\/wp-json\/wp\/v2\/posts\/19983\/revisions\/19984"}],"wp:attachment":[{"href":"https:\/\/www.aquilaguna.com\/index.php\/wp-json\/wp\/v2\/media?parent=19983"}],"wp:term":[{"taxonomy":"category","embeddable":true,"href":"https:\/\/www.aquilaguna.com\/index.php\/wp-json\/wp\/v2\/categories?post=19983"},{"taxonomy":"post_tag","embeddable":true,"href":"https:\/\/www.aquilaguna.com\/index.php\/wp-json\/wp\/v2\/tags?post=19983"}],"curies":[{"name":"wp","href":"https:\/\/api.w.org\/{rel}","templated":true}]}}