{"id":20077,"date":"2024-04-10T17:59:03","date_gmt":"2024-04-10T23:59:03","guid":{"rendered":"https:\/\/www.aquilaguna.com\/?p=20077"},"modified":"2024-04-10T17:59:04","modified_gmt":"2024-04-10T23:59:04","slug":"roman-alberto-cepeda-gonzalez-reconoce-a-policias-y-destaca-la-seguridad-de-torreon","status":"publish","type":"post","link":"https:\/\/www.aquilaguna.com\/index.php\/2024\/04\/10\/roman-alberto-cepeda-gonzalez-reconoce-a-policias-y-destaca-la-seguridad-de-torreon\/","title":{"rendered":"Rom\u00e1n Alberto Cepeda Gonz\u00e1lez reconoce a polic\u00edas y destaca la seguridad de Torre\u00f3n."},"content":{"rendered":"\n<p>Torre\u00f3n, Coahuila. A 10 de abril de 2024.<\/p>\n\n\n\n<p>El alcalde Rom\u00e1n Alberto Cepeda Gonz\u00e1lez entreg\u00f3 reconocimientos a elementos<br>de la Polic\u00eda Municipal, por diferentes actos sobresalientes y de apoyo a la<br>ciudadan\u00eda, como asistencia a adultos mayores, detenciones destacadas y<br>atenci\u00f3n de emergencias.<br>\u00a0<br>El Presidente Municipal agradeci\u00f3 a todos los elementos que conforman la Polic\u00eda<br>de Torre\u00f3n por su labor diaria.<br>\u00a0<br>\u201cEl d\u00eda de hoy nos reunimos para decirles gracias, y para reconocerles un trabajo<br>que ustedes realizan con gran compromiso en el d\u00eda a d\u00eda\u201d, coment\u00f3.<br>\u00a0<br>Dijo que el reconocimiento a los elementos y a toda la corporaci\u00f3n de la Polic\u00eda<br>Municipal es de todos los d\u00edas.<br>\u00a0<br>Adem\u00e1s, el edil reconoci\u00f3 el trabajo de coordinaci\u00f3n que se efect\u00faa con las dem\u00e1s<br>corporaciones de seguridad estatales y federales, pues consider\u00f3 que es la forma<br>de mandar un mensaje desde Torre\u00f3n a M\u00e9xico y al mundo, de que s\u00ed se puede<br>tener municipios y estados seguros.<br>\u00a0<br>\u201cCada uno de ustedes representa una esperanza para Torre\u00f3n, gracias por su<br>compromiso, jam\u00e1s pierdan la satisfacci\u00f3n de servir a esta gran tierra\u201d, dijo.<br>\u00a0<br>Rom\u00e1n Alberto Cepeda Gonz\u00e1lez destac\u00f3 las condiciones de orden y de paz<br>social en Torre\u00f3n, gracias a las estrategias implementadas.<br>\u00a0<br>\u201cNo en todos los municipios ni en todos los estados se respira la tranquilidad que<br>aqu\u00ed se respira\u201d. \u00a0<br>\u00a0<br>Mencion\u00f3 la llegada a Torre\u00f3n de m\u00e1s de 150 mil visitantes en d\u00edas recientes,<br>quienes disfrutaron de la ciudad en orden y tranquilidad durante el eclipse solar<br>total, gracias a la coordinaci\u00f3n entre las corporaciones de seguridad de los<br>diferentes niveles de Gobierno, como del Estado, el Mando Especial, la Guardia<br>Nacional y el Ej\u00e9rcito Mexicano.<br>\u00a0<br>\u201cTorre\u00f3n y Coahuila fueron el comentario mundial, de que todav\u00eda en M\u00e9xico<br>existen municipios como el de nosotros en donde se puede convivir en familia,<br>tenemos un Torre\u00f3n m\u00e1s seguro y eso es gracias a ustedes\u201d, coment\u00f3.<br>\u00a0<br>Cepeda Gonz\u00e1lez habl\u00f3 sobre la tarea de coordinaci\u00f3n que se mantiene con el<br>Gobierno del Estado.<\/p>\n\n\n\n<p>\u201cTengan la seguridad que como Alcalde seguir\u00e9 mandando el mensaje de<br>coordinaci\u00f3n con nuestro Gobernador Manolo Jim\u00e9nez Salinas y con las fuerzas<br>estatales para poder decir que s\u00ed se puede seguir teniendo en M\u00e9xico ciudades<br>seguras\u201d, expres\u00f3.<br>\u00a0<br>Reiter\u00f3 el reconocimiento y agradecimiento a todos los elementos de la Polic\u00eda<br>Municipal.<br>\u00a0<br>\u201cMi reconocimiento y mi compromiso con todos ustedes, vamos a seguir<br>defendiendo esta causa, porque hoy Torre\u00f3n y Coahuila est\u00e1n seguros gracias a<br>mujeres y hombres como ustedes\u201d, dijo el edil.<br>\u00a0<br>C\u00e9sar Antonio Perales Esparza, director de Seguridad P\u00fablica Municipal, a<br>nombre de la corporaci\u00f3n, reconoci\u00f3 el esfuerzo y valor de los elementos al llevar<br>a cabo su labor policial.<br>\u00a0<br>En ese sentido dijo que la preparaci\u00f3n y la capacitaci\u00f3n de los elementos es<br>fundamental.<br>\u00a0<br>\u201cEstamos convencidos de que para hacer frente al delito, la preparaci\u00f3n de<br>nuestros polic\u00edas es primordial, y as\u00ed mismo para impulsar una eficacia operativa,<br>fortalecer la confianza de la ciudadan\u00eda y propiciar entornos m\u00e1s seguros\u201d,<br>coment\u00f3.<br>\u00a0<br>Reynaldo Ra\u00fal Ram\u00edrez Jim\u00e9nez, oficial de la Polic\u00eda Municipal, agradeci\u00f3 por el<br>reconocimiento a sus compa\u00f1eros y hacia la corporaci\u00f3n, y dijo que los actos<br>realizados forman parte de su labor de salvaguardar la seguridad de la ciudadan\u00eda<br>de Torre\u00f3n.<br>\u00a0<br>\u201cS\u00e9 que todos ustedes sienten ese mismo deseo de servir y de ayudar a la<br>ciudadan\u00eda, agradezco el reconocimiento, seguir\u00e9 dando mi esfuerzo al 100 por<br>ciento, porque me gusta apoyar y ayudar a la ciudadan\u00eda\u201d, coment\u00f3.<br>\u00a0<br>Los oficiales fueron reconocidos por actos como salvaguardar la vida de dos<br>adultos mayores, por apoyo en incendio, por detenci\u00f3n y aseguramiento de un<br>sujeto dedicado al narcomenudeo y por recuperaci\u00f3n de veh\u00edculos robados<br>mediante el sistema de videovigilancia.<br>\u00a0<br>Acudieron al evento Felipe Eduardo Gonz\u00e1lez Miranda, diputado local; H\u00e9ctor<br>Flores Rodr\u00edguez, Sub Secretario de Operaci\u00f3n Policial; Juan Carlos J\u00e1uregui<br>Urrutia, presidente del Consejo Ciudadano de Seguridad; Zamir Graham Reza,<br>director del Grupo de Reacci\u00f3n Torre\u00f3n; Claudia Ver\u00f3nica Gonz\u00e1lez, s\u00edndica del<br>Ayuntamiento de Torre\u00f3n; Pamela Mota de la Rosa, oficial de la Polic\u00eda Municipal.<\/p>\n","protected":false},"excerpt":{"rendered":"<p>Torre\u00f3n, Coahuila. A 10 de abril de 2024. El alcalde Rom\u00e1n Alberto Cepeda Gonz\u00e1lez entreg\u00f3 reconocimientos a elementosde la Polic\u00eda Municipal, por diferentes actos sobresalientes y de apoyo a laciudadan\u00eda, como asistencia a adultos mayores, detenciones destacadas yatenci\u00f3n de emergencias.\u00a0El Presidente Municipal agradeci\u00f3 a todos los elementos que conforman la Polic\u00edade Torre\u00f3n por su labor diaria.\u00a0\u201cEl d\u00eda de hoy nos reunimos para decirles gracias, y para reconocerles un trabajoque ustedes&#8230;<\/p>\n","protected":false},"author":1,"featured_media":20078,"comment_status":"closed","ping_status":"closed","sticky":false,"template":"","format":"standard","meta":{"footnotes":""},"categories":[5,28,7],"tags":[],"class_list":["post-20077","post","type-post","status-publish","format-standard","has-post-thumbnail","hentry","category-coahuila","category-la-laguna","category-torreon","wpcat-5-id","wpcat-28-id","wpcat-7-id"],"_links":{"self":[{"href":"https:\/\/www.aquilaguna.com\/index.php\/wp-json\/wp\/v2\/posts\/20077","targetHints":{"allow":["GET"]}}],"collection":[{"href":"https:\/\/www.aquilaguna.com\/index.php\/wp-json\/wp\/v2\/posts"}],"about":[{"href":"https:\/\/www.aquilaguna.com\/index.php\/wp-json\/wp\/v2\/types\/post"}],"author":[{"embeddable":true,"href":"https:\/\/www.aquilaguna.com\/index.php\/wp-json\/wp\/v2\/users\/1"}],"replies":[{"embeddable":true,"href":"https:\/\/www.aquilaguna.com\/index.php\/wp-json\/wp\/v2\/comments?post=20077"}],"version-history":[{"count":1,"href":"https:\/\/www.aquilaguna.com\/index.php\/wp-json\/wp\/v2\/posts\/20077\/revisions"}],"predecessor-version":[{"id":20079,"href":"https:\/\/www.aquilaguna.com\/index.php\/wp-json\/wp\/v2\/posts\/20077\/revisions\/20079"}],"wp:featuredmedia":[{"embeddable":true,"href":"https:\/\/www.aquilaguna.com\/index.php\/wp-json\/wp\/v2\/media\/20078"}],"wp:attachment":[{"href":"https:\/\/www.aquilaguna.com\/index.php\/wp-json\/wp\/v2\/media?parent=20077"}],"wp:term":[{"taxonomy":"category","embeddable":true,"href":"https:\/\/www.aquilaguna.com\/index.php\/wp-json\/wp\/v2\/categories?post=20077"},{"taxonomy":"post_tag","embeddable":true,"href":"https:\/\/www.aquilaguna.com\/index.php\/wp-json\/wp\/v2\/tags?post=20077"}],"curies":[{"name":"wp","href":"https:\/\/api.w.org\/{rel}","templated":true}]}}