{"id":20099,"date":"2024-04-11T18:50:55","date_gmt":"2024-04-12T00:50:55","guid":{"rendered":"https:\/\/www.aquilaguna.com\/?p=20099"},"modified":"2024-04-11T18:50:56","modified_gmt":"2024-04-12T00:50:56","slug":"entregan-galardon-apache-a-egresados-de-la-escuela-de-bachilleres-venustiano-carranza-de-la-uadec","status":"publish","type":"post","link":"https:\/\/www.aquilaguna.com\/index.php\/2024\/04\/11\/entregan-galardon-apache-a-egresados-de-la-escuela-de-bachilleres-venustiano-carranza-de-la-uadec\/","title":{"rendered":"Entregan \u201cGalard\u00f3n Apache\u201d a Egresados de la Escuela de Bachilleres \u201cVenustiano Carranza\u201d de la UAdeC."},"content":{"rendered":"\n<p>TORRE\u00d3N, Coahuila. 11 de abril de 2024. La Escuela de Bachilleres \u201cVenustiano<br>Carranza\u201d (PVC) de la Universidad Aut\u00f3noma de Coahuila, llev\u00f3 a cabo la entrega<br>del \u201cGalard\u00f3n Apache 2024\u201d, a exalumnas y exalumnos que han destacado<br>durante su trayectoria profesional en el \u00e1mbito acad\u00e9mico, pol\u00edtico, social y<br>cultural, poniendo en alto el nombre de la instituci\u00f3n educativa.<\/p>\n\n\n\n<p>En el marco de la tradicional \u201cSemana Apache\u201d, se realiz\u00f3 la ceremonia de<br>entrega de galardones en el Auditorio de la Escuela de Bachilleres a la que asisti\u00f3<br>en representaci\u00f3n del rector de la m\u00e1xima casa de estudios, Octavio Pimentel<br>Mart\u00ednez, el secretario general de la UAdeC, V\u00edctor Manuel S\u00e1nchez Vald\u00e9s, y el<br>secretario general de la Unidad Torre\u00f3n, Israel Castillo Hern\u00e1ndez, en<br>representaci\u00f3n de la coordinadora de la Unidad Torre\u00f3n, Sandra L\u00f3pez Chavarr\u00eda<br>y la directora del plantel Jessica Zapata Escalera.<\/p>\n\n\n\n<p>En esta edici\u00f3n de la \u201cSemana Apache 2024\u201d los galardonados fueron el Lic.<br>Oscar Pimentel Gonz\u00e1lez, secretario de Gobierno del estado de Coahuila; el Dr.<br>Gerardo M\u00e1rquez Guevara, fiscal general del estado de Coahuila; la Lic. Olivia<br>Mart\u00ednez Leyva, diputada local del Honorable Congreso de Coahuila de Zaragoza<br>y el Lic. Carlos Padilla Mu\u00f1oz, catedr\u00e1tico de la escuela de la Escuela de<br>Bachilleres \u201cVenustiano Carranza\u201d y periodista de la regi\u00f3n lagunera.<\/p>\n\n\n\n<p>En su mensaje, el secretario general de la Universidad Aut\u00f3noma de Coahuila,<br>V\u00edctor Manuel S\u00e1nchez Vald\u00e9s, felicit\u00f3 y reconoci\u00f3 a los galardonados ya que dijo<br>son un ejemplo a seguir, destac\u00f3 la importancia de formar profesionales que dejen<br>un impacto duradero, por lo que alent\u00f3 a los estudiantes a verse reflejados en<br>ellos, recordando que tambi\u00e9n pasaron por las aulas de la instituci\u00f3n.<\/p>\n\n\n\n<p>Por su parte, la directora Jessica Zapata Escalera, felicit\u00f3 y agradeci\u00f3 a los<br>homenajeados por estar presentes en la ceremonia, destac\u00f3 que la Instituci\u00f3n ha<br>sido fundamental en su formaci\u00f3n como profesionales destacados y en el prestigio<br>que han alcanzado.<\/p>\n\n\n\n<p>Adem\u00e1s, resalt\u00f3 el valor del esfuerzo y el \u00e9xito demostrados por los galardonados,<br>subrayando que esto es motivo de orgullo no solo para ellos, sino para toda la<br>comunidad estudiantil a perseguir sus metas y a no renunciar a sus grandes<br>sue\u00f1os.<\/p>\n\n\n\n<p>La \u201cSemana Apache\u201d es un evento tradicional que ofrece a los estudiantes de la<br>Escuela de Bachilleres &#8220;Venustiano Carranza&#8221; la oportunidad de participar en<br>conferencias, talleres, presentaciones culturales y eventos deportivos; este a\u00f1o, la<br>Semana incluy\u00f3 conferencias impartidas por expertos en diversos campos, as\u00ed<br>como talleres que abarcaron temas de inter\u00e9s general y recreaci\u00f3n para la<br>comunidad estudiantil.<\/p>\n\n\n\n<p>Las actividades iniciaron el pasado lunes 8 de abril con la conferencia<br>\u201cHerramientas para el Manejo de la Ansiedad y la Depresi\u00f3n\u201d, impartida por<br>Rom\u00e1n Hern\u00e1ndez Flores, Psicoterapeuta y Tanat\u00f3logo; el martes 9 de abril fue<br>impartida la conferencia \u201cLa esfera socioecon\u00f3mica en el desarrollo sostenible\u201d por<br>Luis S\u00e1nchez, doctor y maestro en Econom\u00eda Social por la Universidad Aut\u00f3noma<br>Metropolitana de M\u00e9xico.<\/p>\n\n\n\n<p>Adem\u00e1s de las conferencias \u201cBusca un Sentido de Vida\u201d por el Lic. Omar Villarreal<br>Arag\u00f3n, especialista en Adicciones y Neuropsicolog\u00eda; \u201cEl amor y la ciencia al<br>servicio de la vida\u201d, a cargo de la Lic. Andrea Monreal Portillo, promotora Estatal<br>de Recaudaci\u00f3n del CRIT Durango; \u201cNo estoy trabajando, estoy cumpliendo mi<br>sue\u00f1o\u201d por F\u00e1tima Berenice de la Paz Delgado, Licenciada en Comunicaci\u00f3n y<br>Periodismo por la Universidad Aut\u00f3noma de la Laguna.<\/p>\n\n\n\n<p>El mi\u00e9rcoles 10 de abril, iniciaron las actividades con la conferencia \u201cJusticia para<br>Adolescentes\u201d, a cargo del Dr. Felipe Ordaz Salas; \u201cEs Hoy\u201d por la Dra. Marcela<br>Delgado Gonz\u00e1lez, jefa de Informaci\u00f3n del peri\u00f3dico El Sol de la Laguna y<br>corresponsal del Diario Deportivo ESTO; \u201cDisciplina Deportiva\u201d, por Francisco<br>Xavier Casta\u00f1eda, propietario del Gimnasio Funcional FX; as\u00ed como \u201cTipos de<br>noviazgo y comunicaci\u00f3n efectiva y asertiva\u201d, a cargo de la Dra. Perla Idalia<br>Torres.<\/p>\n\n\n\n<p>Para el jueves 11 de abril, se imparti\u00f3 la conferencia \u201cAcupuntura en el tratamiento<br>de las adicciones\u201d, por Jos\u00e9 Alberto Calder\u00f3n God\u00ednez, M\u00e9dico de Centro de<br>Integraci\u00f3n Juvenil; \u201cComunicaci\u00f3n asertiva\u201d, a cargo de la Lic. Mar\u00eda Luisa<br>Aranda Vel\u00e1zquez, responsable de programa EDIFicate del \u00c1rea de Prevenci\u00f3n<br>Social de Casa Puente del DIF Torre\u00f3n; y \u201cClaves para el \u00e9xito al servicio de la<br>sociedad\u201d por el magistrado Miguel Felipe Mery Ayup, presidente del Tribunal<br>Superior de Justicia y del Consejo de la Judicatura del Estado de Coahuila de<br>Zaragoza.<\/p>\n\n\n\n<p>Los Talleres que se efectuaron a la par de las conferencias fueron: \u201cConducci\u00f3n y<br>Locuci\u00f3n\u201d por Cristian Iv\u00e1n Padilla Herrera, licenciado en Ciencias de la<br>Comunicaci\u00f3n por la Universidad Aut\u00f3noma de Coahuila; \u201cDefensa Personal<br>Urbana\u201d por Luis Jaime del Prado Hoyos, especialista en temas de Seguridad;<br>\u201cHistoria de la fotograf\u00eda y su evoluci\u00f3n\u201d por Nicol\u00e1s Papadakis Sosa, licenciado en<br>Comunicaci\u00f3n y reconocido fot\u00f3grafo y \u201cFotograf\u00eda con Celular\u201d por Jes\u00fas Gerardo<br>Mar\u00edn P\u00e1ez.<\/p>\n\n\n\n<p>As\u00ed como se desarrollaron otras actividades de recreaci\u00f3n y convivencia entre la<br>comunidad estudiantil como: presentaci\u00f3n de rondalla, Jeopardy de Metodolog\u00eda,<br>concursos de dibujo, torneos gamer, torneos de futbol y de voleibol.<\/p>\n","protected":false},"excerpt":{"rendered":"<p>TORRE\u00d3N, Coahuila. 11 de abril de 2024. La Escuela de Bachilleres \u201cVenustianoCarranza\u201d (PVC) de la Universidad Aut\u00f3noma de Coahuila, llev\u00f3 a cabo la entregadel \u201cGalard\u00f3n Apache 2024\u201d, a exalumnas y exalumnos que han destacadodurante su trayectoria profesional en el \u00e1mbito acad\u00e9mico, pol\u00edtico, social ycultural, poniendo en alto el nombre de la instituci\u00f3n educativa. En el marco de la tradicional \u201cSemana Apache\u201d, se realiz\u00f3 la ceremonia deentrega de galardones en el&#8230;<\/p>\n","protected":false},"author":1,"featured_media":20100,"comment_status":"closed","ping_status":"closed","sticky":false,"template":"","format":"standard","meta":{"footnotes":""},"categories":[7,2],"tags":[],"class_list":["post-20099","post","type-post","status-publish","format-standard","has-post-thumbnail","hentry","category-torreon","category-uadec","wpcat-7-id","wpcat-2-id"],"_links":{"self":[{"href":"https:\/\/www.aquilaguna.com\/index.php\/wp-json\/wp\/v2\/posts\/20099","targetHints":{"allow":["GET"]}}],"collection":[{"href":"https:\/\/www.aquilaguna.com\/index.php\/wp-json\/wp\/v2\/posts"}],"about":[{"href":"https:\/\/www.aquilaguna.com\/index.php\/wp-json\/wp\/v2\/types\/post"}],"author":[{"embeddable":true,"href":"https:\/\/www.aquilaguna.com\/index.php\/wp-json\/wp\/v2\/users\/1"}],"replies":[{"embeddable":true,"href":"https:\/\/www.aquilaguna.com\/index.php\/wp-json\/wp\/v2\/comments?post=20099"}],"version-history":[{"count":1,"href":"https:\/\/www.aquilaguna.com\/index.php\/wp-json\/wp\/v2\/posts\/20099\/revisions"}],"predecessor-version":[{"id":20101,"href":"https:\/\/www.aquilaguna.com\/index.php\/wp-json\/wp\/v2\/posts\/20099\/revisions\/20101"}],"wp:featuredmedia":[{"embeddable":true,"href":"https:\/\/www.aquilaguna.com\/index.php\/wp-json\/wp\/v2\/media\/20100"}],"wp:attachment":[{"href":"https:\/\/www.aquilaguna.com\/index.php\/wp-json\/wp\/v2\/media?parent=20099"}],"wp:term":[{"taxonomy":"category","embeddable":true,"href":"https:\/\/www.aquilaguna.com\/index.php\/wp-json\/wp\/v2\/categories?post=20099"},{"taxonomy":"post_tag","embeddable":true,"href":"https:\/\/www.aquilaguna.com\/index.php\/wp-json\/wp\/v2\/tags?post=20099"}],"curies":[{"name":"wp","href":"https:\/\/api.w.org\/{rel}","templated":true}]}}