{"id":20113,"date":"2024-04-12T19:45:19","date_gmt":"2024-04-13T01:45:19","guid":{"rendered":"https:\/\/www.aquilaguna.com\/?p=20113"},"modified":"2024-04-12T19:45:20","modified_gmt":"2024-04-13T01:45:20","slug":"recibe-la-facultad-de-medicina-us-de-la-uadec-acreditacion-nacional-e-internacional","status":"publish","type":"post","link":"https:\/\/www.aquilaguna.com\/index.php\/2024\/04\/12\/recibe-la-facultad-de-medicina-us-de-la-uadec-acreditacion-nacional-e-internacional\/","title":{"rendered":"Recibe la Facultad de Medicina US de la UAdeC Acreditaci\u00f3n Nacional e Internacional."},"content":{"rendered":"\n<p>SALTILLO, Coahuila.12 de abril de 2024. Por sexta ocasi\u00f3n consecutiva la<br>Facultad de Medicina Unidad Saltillo de la Universidad Aut\u00f3noma de Coahuila,<br>recibe la Acreditaci\u00f3n Nacional y por primera vez la Acreditaci\u00f3n Internacional, por<br>el Consejo Mexicano para la Acreditaci\u00f3n M\u00e9dica A.C. (COMAEM) 2023-2028.<\/p>\n\n\n\n<p>Durante la ceremonia de entrega de la placa por parte del presidente de la<br>COMAEM, Dr. Jes\u00fas Hern\u00e1ndez Tinoco, el rector Octavio Pimentel Mart\u00ednez como<br>testigo de honor felicit\u00f3 a la comunidad universitaria de la Facultad de Medicina<br>por seguir avanzando en la excelencia acad\u00e9mica, la sexta ocasi\u00f3n que se<br>renueva su acreditaci\u00f3n y por primera vez la acreditaci\u00f3n internacional.<\/p>\n\n\n\n<p>Pimentel Mart\u00ednez, dijo estar agradecido con la Facultad de Medicina por ser el<br>primer rector en ganar en ese plantel, y ello lo motiva a seguir con el firme<br>compromiso de trabajo en equipo, porque, dijo, la confianza que se gana, se<br>respeta.<\/p>\n\n\n\n<p>Anunci\u00f3 que el recinto donde se desarroll\u00f3 la ceremonia, el Centro Audiovisual<br>Universitario, se desincorporar\u00e1 de la Administraci\u00f3n Central, para formar parte de<br>la comunidad de la Facultad de Medicina, como un inmueble m\u00e1s en el que<br>desarrollen sus actividades acad\u00e9micas; inform\u00f3 sobre el avance del 90 por ciento<br>de las aulas construidas sobre las oficinas administrativas del plantel, que, por sus<br>indicadores, la Direcci\u00f3n de Planeaci\u00f3n gestion\u00f3 los recursos para ello.<\/p>\n\n\n\n<p>Dijo que gracias a las gestiones y a la confianza que tienen los sectores p\u00fablico y<br>privado en la Universidad Aut\u00f3noma de Coahuila, se tiene un proyecto de<br>inversi\u00f3n hist\u00f3rica por parte de una empresa constructora que ser\u00e1 aplicado a las<br>necesidades del plantel, as\u00ed como la donaci\u00f3n del espacio para el \u00e1rea de<br>estacionamiento gracias al apoyo del Gobierno del estado.<\/p>\n\n\n\n<p>De igual manera, el Rector refrend\u00f3 su compromiso de continuar en la gesti\u00f3n de<br>recursos para la Facultad de Medicina Unidad Torre\u00f3n y la Escuela de Medicina<br>de Piedras Negras, y seguir fortaleciendo la calidad de sus programas educativos,<br>con m\u00e1s y mejores instalaciones, equipamiento y lograr ubicarse en el Top de las<br>mejores instituciones de medicina del pa\u00eds.<\/p>\n\n\n\n<p>\u201cQueremos que el sector salud en nuestro estado sea el mejor que exista en<br>M\u00e9xico y para ello las fuerzas b\u00e1sicas est\u00e1n en las facultades de Medicina en<br>Torre\u00f3n, Saltillo y en Piedras, la competencia est\u00e1 fuerte y est\u00e1 afuera, porque<br>aqu\u00ed en la UAdeC sabemos trabajar en equipo, unidos y comprometidos por crecer<br>en la calidad de la ense\u00f1anza, desde la admisi\u00f3n, hasta el egreso y en el examen<br>de Residencias M\u00e9dicas (ENARM)\u201d, expres\u00f3.<\/p>\n\n\n\n<p>Por su parte, el director de la Facultad de Medicina, Jes\u00fas Padilla G\u00e1mez, explic\u00f3<br>que luego de arduas jornadas en las que prevaleci\u00f3 el trabajo en equipo, la<br>responsabilidad compartida, la dedicaci\u00f3n profesional y la entrega y amor por la<br>facultad hoy en esta ceremonia \u201cvemos cristalizado el com\u00fan esfuerzo con la<br>entrega de la placa alusiva en cuyas letras ha quedado grabado nuestro apego a<br>la normatividad vigente y a la apertura conceptual a los modelos educativos de<br>vanguardia\u201d.<\/p>\n\n\n\n<p>Agradeci\u00f3 al Rector y a la administraci\u00f3n central por el apoyo permanente para la<br>comunidad universitaria del plantel, que ha permitido avanzar en el camino de la<br>mejora continua, por lo cual refrend\u00f3 el compromiso de trabajar juntos, sin<br>descanso, personal docente, administrativo, manual y a de quienes son la raz\u00f3n<br>de ser: los alumnos.<\/p>\n\n\n\n<p>Agradeci\u00f3 al presidente de la COMAEM y al equipo de verificadores que tuvieron a<br>cargo la revisi\u00f3n de los trabajos el programa de autoevaluaci\u00f3n de la Facultad<br>porque fieles a la esencia y prop\u00f3sito se convirtieron con su trabajo en la p\u00f3cima<br>que permite mantenernos en el camino del \u00e9xito y en la b\u00fasqueda de un mejor<br>futuro para nuestros alumnos.<\/p>\n\n\n\n<p>A nombre del Consejo mexicano para la acreditaci\u00f3n de la educaci\u00f3n m\u00e9dica,<br>Jes\u00fas Hern\u00e1ndez Tinoco, felicit\u00f3 a la Facultad de Medicina de Saltillo, por el logro<br>obtenido, ya que dijo, nos queda claro que este resultado que ustedes han<br>alcanzado de que su programa tenga la reafirmaci\u00f3n de la acreditaci\u00f3n con<br>car\u00e1cter internacional, es la consecuencia del trabajo que diario hacen ustedes en<br>funci\u00f3n de ese compromiso que tienen con la educaci\u00f3n m\u00e9dica en M\u00e9xico y en su<br>regi\u00f3n.<\/p>\n\n\n\n<p>Dijo que donde act\u00faa el COMAEM su funci\u00f3n social siempre implica realizarla con<br>el m\u00e1s alto nivel de profesionalismo, respeto pleno a su autonom\u00eda y normatividad<br>de las instituciones que as\u00ed lo solicitan, y esta ocasi\u00f3n se est\u00e1 cumpliendo<br>adecuadamente con sus objetivos y su misi\u00f3n porque la acreditaci\u00f3n permite<br>darles la seguridad a todos los estudiantes que lo \u00fanico que requerir\u00e1n ser\u00e1 ese<br>esfuerzo para alcanzar las competencias que su programa les ofrece.<\/p>\n\n\n\n<p>Luego de la ceremonia, el Rector tom\u00f3 protesta a los integrantes de la Sociedad<br>de Alumnos que el jueves obtuvieron el triunfo con 189 votos a favor por la planilla<br>encabezada por Ismael Ram\u00edrez Sifuentes.<\/p>\n\n\n\n<p>Designan al Centro de Simulaci\u00f3n y Aprendizaje de Competencias Cl\u00ednicas<br>CESAC como Centro \u201cDr. Miguel \u00c1ngel Gonz\u00e1lez Madrazo\u201d<\/p>\n\n\n\n<p>Como un reconocimiento a la labor desempe\u00f1ada como profesor y profesional de<br>la salud, e impulsor desde hace 15 a\u00f1os del Centro de Simulaci\u00f3n y Aprendizaje<br>de Competencias M\u00e9dicas (CESAC), se devel\u00f3 la placa que llevar\u00e1 el nombre del<br>Dr. Miguel \u00c1ngel Gonz\u00e1lez Madrazo.<\/p>\n\n\n\n<p>El rector Octavio Pimentel Mart\u00ednez, autoridades directivas de la Facultad de<br>Medicina e invitados del COMAEM, y el homenajeado develaron la placa del<br>Centro y realizaron un recorrido en las distintas salas que contribuyen a la<br>formaci\u00f3n acad\u00e9mica y pr\u00e1ctica de las y los estudiantes de la Facultad de<br>Medicina.<\/p>\n\n\n\n<p>El Centro de Simulaci\u00f3n y Aprendizaje de Competencias Cl\u00ednicas cuenta con<br>distintas salas como un espacio cl\u00ednico real, conformado por la Sala de Labor y<br>Atenci\u00f3n al reci\u00e9n nacido; Atenci\u00f3n y exploraci\u00f3n ginecol\u00f3gica; Cardiolog\u00eda y<br>Neumolog\u00eda, Interpretaci\u00f3n de radiograf\u00eda de t\u00f3rax, Exploraci\u00f3n de fondo de ojo<br>para adultos mayores, Intubaci\u00f3n Orotraqueal en paciente sedado, Colocaci\u00f3n de<br>sonda uretral y Exploraci\u00f3n de o\u00eddo.<\/p>\n\n\n\n<p>El Dr. Miguel \u00c1ngel Gonz\u00e1lez Madrazo, agradeci\u00f3 el honor de poner su nombre<br>del Centro, con el que se forma a m\u00e9dicos con el principio de Hip\u00f3crates \u201clo<br>primero es no hacer da\u00f1o\u201d, a trav\u00e9s de la evaluaci\u00f3n cl\u00ednica objetiva estructural,<br>con simulaci\u00f3n cl\u00ednica que tiene cuatro principios: la Educaci\u00f3n m\u00e9dica, la \u00c9tica, la<br>Tecnolog\u00eda y las competencias.<\/p>\n","protected":false},"excerpt":{"rendered":"<p>SALTILLO, Coahuila.12 de abril de 2024. Por sexta ocasi\u00f3n consecutiva laFacultad de Medicina Unidad Saltillo de la Universidad Aut\u00f3noma de Coahuila,recibe la Acreditaci\u00f3n Nacional y por primera vez la Acreditaci\u00f3n Internacional, porel Consejo Mexicano para la Acreditaci\u00f3n M\u00e9dica A.C. (COMAEM) 2023-2028. Durante la ceremonia de entrega de la placa por parte del presidente de laCOMAEM, Dr. Jes\u00fas Hern\u00e1ndez Tinoco, el rector Octavio Pimentel Mart\u00ednez comotestigo de honor felicit\u00f3 a la&#8230;<\/p>\n","protected":false},"author":1,"featured_media":20114,"comment_status":"closed","ping_status":"closed","sticky":false,"template":"","format":"standard","meta":{"footnotes":""},"categories":[2],"tags":[],"class_list":["post-20113","post","type-post","status-publish","format-standard","has-post-thumbnail","hentry","category-uadec","wpcat-2-id"],"_links":{"self":[{"href":"https:\/\/www.aquilaguna.com\/index.php\/wp-json\/wp\/v2\/posts\/20113","targetHints":{"allow":["GET"]}}],"collection":[{"href":"https:\/\/www.aquilaguna.com\/index.php\/wp-json\/wp\/v2\/posts"}],"about":[{"href":"https:\/\/www.aquilaguna.com\/index.php\/wp-json\/wp\/v2\/types\/post"}],"author":[{"embeddable":true,"href":"https:\/\/www.aquilaguna.com\/index.php\/wp-json\/wp\/v2\/users\/1"}],"replies":[{"embeddable":true,"href":"https:\/\/www.aquilaguna.com\/index.php\/wp-json\/wp\/v2\/comments?post=20113"}],"version-history":[{"count":1,"href":"https:\/\/www.aquilaguna.com\/index.php\/wp-json\/wp\/v2\/posts\/20113\/revisions"}],"predecessor-version":[{"id":20115,"href":"https:\/\/www.aquilaguna.com\/index.php\/wp-json\/wp\/v2\/posts\/20113\/revisions\/20115"}],"wp:featuredmedia":[{"embeddable":true,"href":"https:\/\/www.aquilaguna.com\/index.php\/wp-json\/wp\/v2\/media\/20114"}],"wp:attachment":[{"href":"https:\/\/www.aquilaguna.com\/index.php\/wp-json\/wp\/v2\/media?parent=20113"}],"wp:term":[{"taxonomy":"category","embeddable":true,"href":"https:\/\/www.aquilaguna.com\/index.php\/wp-json\/wp\/v2\/categories?post=20113"},{"taxonomy":"post_tag","embeddable":true,"href":"https:\/\/www.aquilaguna.com\/index.php\/wp-json\/wp\/v2\/tags?post=20113"}],"curies":[{"name":"wp","href":"https:\/\/api.w.org\/{rel}","templated":true}]}}