{"id":20153,"date":"2024-04-16T19:47:07","date_gmt":"2024-04-17T01:47:07","guid":{"rendered":"https:\/\/www.aquilaguna.com\/?p=20153"},"modified":"2024-04-16T19:47:08","modified_gmt":"2024-04-17T01:47:08","slug":"que-se-escuche-fuerte-y-claro-en-torreon-crece-el-empleo-y-vamos-por-mas-para-seguir-creciendo","status":"publish","type":"post","link":"https:\/\/www.aquilaguna.com\/index.php\/2024\/04\/16\/que-se-escuche-fuerte-y-claro-en-torreon-crece-el-empleo-y-vamos-por-mas-para-seguir-creciendo\/","title":{"rendered":"\u201cQue se escuche fuerte y claro, en Torre\u00f3n crece el empleo y vamos por m\u00e1s para seguir creciendo\u201d."},"content":{"rendered":"\n<p>Con el respaldo de los habitantes de La Merced y del sector Sur de Torre\u00f3n, el candidato de la Alianza Ciudadana por la Seguridad (PRI-PRD-UDC) a la alcald\u00eda del municipio, Rom\u00e1n Alberto Cepeda, encabez\u00f3 este martes un evento ante cientos de ciudadanos en la plaza principal del sector, lugar desde el cual transmiti\u00f3 sus propuestas de campa\u00f1a e ideas para la administraci\u00f3n de los pr\u00f3ximos a\u00f1os.<\/p>\n\n\n\n<p>Cepeda recibi\u00f3 el apoyo adem\u00e1s de otras colonias como Las Julietas, Impulso Comunal, Villas La Merced, entre otras, quienes le solicitaron mantener la din\u00e1mica de inversi\u00f3n en espacios p\u00fablicos, mejora de servicios como el drenaje y mantenimiento de plazas; pero principalmente seguir apostando por la seguridad p\u00fablica, la prevenci\u00f3n del delito y las actividades de construcci\u00f3n del tejido social.<\/p>\n\n\n\n<p>\u201cLa \u00fanica forma que tiene uno de honrar la palabra cuando viene aqu\u00ed es la confianza, es lo \u00fanico que me avala con cada una y cada uno de ustedes \u00bfCon qu\u00e9 podemos honrar eso? Les ped\u00ed la confianza por adelantado hace tres a\u00f1os, la \u00fanica forma que me qued\u00f3 hacer para regresar el favor es con resultados, con trabajo, estar aqu\u00ed, atendiendo y escuchando\u201d.<\/p>\n\n\n\n<p>El candidato de la Alianza Ciudadana por la Seguridad destac\u00f3 que Torre\u00f3n vive actualmente un momento hist\u00f3rico, no solamente en materia de seguridad, empleos e infraestructura, sino tambi\u00e9n de indicadores de calidad de vida, con cifras que colocan al municipio en los primeros lugares nacionales desde hace a\u00f1os.<\/p>\n\n\n\n<p>Ante ello, record\u00f3 la importancia de seguir con el trabajo realizado e ir por la siguiente etapa de crecimiento, \u201cque se escuche fuerte y claro, en Torre\u00f3n crece el empleo y vamos por m\u00e1s para seguir creciendo\u2026 Que no hay varitas m\u00e1gicas en esto, sabemos que queda mucho por hacer, pero juntos lo podemos resolver y dejar a nuestra ciudad en lo m\u00e1s alto, que se den cuenta que s\u00ed se puede tener a ciudades como Torre\u00f3n en nuestro M\u00e9xico\u201d.<\/p>\n\n\n\n<p>Cepeda ha visitado en 17 d\u00edas de campa\u00f1a decenas de colonias de los sectores Centro, Poniente, Oriente, Sur, Surponiente, Suroriente, adem\u00e1s de que seguir\u00e1 sus recorridos en \u00e1reas del Norte, la periferia y ejidos del municipio.<\/p>\n","protected":false},"excerpt":{"rendered":"<p>Con el respaldo de los habitantes de La Merced y del sector Sur de Torre\u00f3n, el candidato de la Alianza Ciudadana por la Seguridad (PRI-PRD-UDC) a la alcald\u00eda del municipio, Rom\u00e1n Alberto Cepeda, encabez\u00f3 este martes un evento ante cientos de ciudadanos en la plaza principal del sector, lugar desde el cual transmiti\u00f3 sus propuestas de campa\u00f1a e ideas para la administraci\u00f3n de los pr\u00f3ximos a\u00f1os. Cepeda recibi\u00f3 el apoyo&#8230;<\/p>\n","protected":false},"author":1,"featured_media":20154,"comment_status":"closed","ping_status":"closed","sticky":false,"template":"","format":"standard","meta":{"footnotes":""},"categories":[20,5,28,16,7],"tags":[],"class_list":["post-20153","post","type-post","status-publish","format-standard","has-post-thumbnail","hentry","category-campanas","category-coahuila","category-la-laguna","category-pri","category-torreon","wpcat-20-id","wpcat-5-id","wpcat-28-id","wpcat-16-id","wpcat-7-id"],"_links":{"self":[{"href":"https:\/\/www.aquilaguna.com\/index.php\/wp-json\/wp\/v2\/posts\/20153","targetHints":{"allow":["GET"]}}],"collection":[{"href":"https:\/\/www.aquilaguna.com\/index.php\/wp-json\/wp\/v2\/posts"}],"about":[{"href":"https:\/\/www.aquilaguna.com\/index.php\/wp-json\/wp\/v2\/types\/post"}],"author":[{"embeddable":true,"href":"https:\/\/www.aquilaguna.com\/index.php\/wp-json\/wp\/v2\/users\/1"}],"replies":[{"embeddable":true,"href":"https:\/\/www.aquilaguna.com\/index.php\/wp-json\/wp\/v2\/comments?post=20153"}],"version-history":[{"count":1,"href":"https:\/\/www.aquilaguna.com\/index.php\/wp-json\/wp\/v2\/posts\/20153\/revisions"}],"predecessor-version":[{"id":20155,"href":"https:\/\/www.aquilaguna.com\/index.php\/wp-json\/wp\/v2\/posts\/20153\/revisions\/20155"}],"wp:featuredmedia":[{"embeddable":true,"href":"https:\/\/www.aquilaguna.com\/index.php\/wp-json\/wp\/v2\/media\/20154"}],"wp:attachment":[{"href":"https:\/\/www.aquilaguna.com\/index.php\/wp-json\/wp\/v2\/media?parent=20153"}],"wp:term":[{"taxonomy":"category","embeddable":true,"href":"https:\/\/www.aquilaguna.com\/index.php\/wp-json\/wp\/v2\/categories?post=20153"},{"taxonomy":"post_tag","embeddable":true,"href":"https:\/\/www.aquilaguna.com\/index.php\/wp-json\/wp\/v2\/tags?post=20153"}],"curies":[{"name":"wp","href":"https:\/\/api.w.org\/{rel}","templated":true}]}}