{"id":2022,"date":"2021-05-06T19:43:36","date_gmt":"2021-05-07T00:43:36","guid":{"rendered":"https:\/\/www.aquilaguna.com\/?p=2022"},"modified":"2021-05-06T19:43:37","modified_gmt":"2021-05-07T00:43:37","slug":"mantiene-coahuila-ocupacion-hospitalaria-en-5","status":"publish","type":"post","link":"https:\/\/www.aquilaguna.com\/index.php\/2021\/05\/06\/mantiene-coahuila-ocupacion-hospitalaria-en-5\/","title":{"rendered":"MANTIENE COAHUILA OCUPACI\u00d3N HOSPITALARIA EN 5%."},"content":{"rendered":"\n<p>Monclova, Coahuila de Zaragoza; a 5 de Mayo del 2021.-\u00a0 Coahuila mantiene el 5 por ciento de ocupaci\u00f3n hospitalaria, que le permite colocarse nuevamente en Sem\u00e1foro Verde, dio a conocer el Secretario de Salud del Estado, Roberto Bernal G\u00f3mez.<\/p>\n\n\n\n<p>Destac\u00f3 que la regi\u00f3n que menos \u00edndice ocupa es la Centro, con un 1 por ciento, le sigue la Norte con 3, la carbon\u00edfera con 4 por ciento; La Laguna con 6 y finalmente la Sureste con un 7 por ciento.<\/p>\n\n\n\n<p>Explic\u00f3 que en la entidad se contabilizan mil 459 camas de atenci\u00f3n a pacientes Covid, de las cuales solamente se reportan 70 ocupadas.<\/p>\n\n\n\n<p>Mencion\u00f3 que Torre\u00f3n contabilizan 32 pacientes hospitalizados; 29 en Saltillo; 4 Piedras Negras; 3 San Juan de Sabinas; uno Monclova, y uno Acu\u00f1a.<\/p>\n\n\n\n<p>El funcionario detall\u00f3 que han tenido una respuesta positiva de la poblaci\u00f3n, que sigue las medidas b\u00e1sicas de mitigaci\u00f3n, como es el uso del cubrebocas, el lavado de manos y la sana distancia.<\/p>\n\n\n\n<p>Adicional a ello, se suma el proceso de vacunaci\u00f3n en la entidad, que a la fecha ha aplicado 471 mil 795 dosis entre adultos mayores, personal de Salud, adultos mayores de 50 a\u00f1os y magisterio.<\/p>\n\n\n\n<p>Bernal G\u00f3mez apunt\u00f3 que la labor de los Subcomit\u00e9s T\u00e9cnicos Regionales, que semanalmente revisan los indicadores de atenci\u00f3n hospitalaria y casos Covid.<\/p>\n\n\n\n<p>\u201cEstos espacios nos han generado un intercambio de puntos de vista que ha generado una mejor toma de decisiones de manera colegiada\u201d, dijo.<\/p>\n\n\n\n<p>\u201cEn estas sesiones se ha privilegiado en todo momento el tema de salud, de ah\u00ed se reinician algunas actividades de manera responsable\u201d.<\/p>\n","protected":false},"excerpt":{"rendered":"<p>Monclova, Coahuila de Zaragoza; a 5 de Mayo del 2021.-\u00a0 Coahuila mantiene el 5 por ciento de ocupaci\u00f3n hospitalaria, que le permite colocarse nuevamente en Sem\u00e1foro Verde, dio a conocer el Secretario de Salud del Estado, Roberto Bernal G\u00f3mez. Destac\u00f3 que la regi\u00f3n que menos \u00edndice ocupa es la Centro, con un 1 por ciento, le sigue la Norte con 3, la carbon\u00edfera con 4 por ciento; La Laguna con&#8230;<\/p>\n","protected":false},"author":1,"featured_media":2023,"comment_status":"closed","ping_status":"closed","sticky":false,"template":"","format":"standard","meta":{"footnotes":""},"categories":[5,15,14],"tags":[],"class_list":["post-2022","post","type-post","status-publish","format-standard","has-post-thumbnail","hentry","category-coahuila","category-gobierno-de-coahuila","category-salud","wpcat-5-id","wpcat-15-id","wpcat-14-id"],"_links":{"self":[{"href":"https:\/\/www.aquilaguna.com\/index.php\/wp-json\/wp\/v2\/posts\/2022","targetHints":{"allow":["GET"]}}],"collection":[{"href":"https:\/\/www.aquilaguna.com\/index.php\/wp-json\/wp\/v2\/posts"}],"about":[{"href":"https:\/\/www.aquilaguna.com\/index.php\/wp-json\/wp\/v2\/types\/post"}],"author":[{"embeddable":true,"href":"https:\/\/www.aquilaguna.com\/index.php\/wp-json\/wp\/v2\/users\/1"}],"replies":[{"embeddable":true,"href":"https:\/\/www.aquilaguna.com\/index.php\/wp-json\/wp\/v2\/comments?post=2022"}],"version-history":[{"count":1,"href":"https:\/\/www.aquilaguna.com\/index.php\/wp-json\/wp\/v2\/posts\/2022\/revisions"}],"predecessor-version":[{"id":2024,"href":"https:\/\/www.aquilaguna.com\/index.php\/wp-json\/wp\/v2\/posts\/2022\/revisions\/2024"}],"wp:featuredmedia":[{"embeddable":true,"href":"https:\/\/www.aquilaguna.com\/index.php\/wp-json\/wp\/v2\/media\/2023"}],"wp:attachment":[{"href":"https:\/\/www.aquilaguna.com\/index.php\/wp-json\/wp\/v2\/media?parent=2022"}],"wp:term":[{"taxonomy":"category","embeddable":true,"href":"https:\/\/www.aquilaguna.com\/index.php\/wp-json\/wp\/v2\/categories?post=2022"},{"taxonomy":"post_tag","embeddable":true,"href":"https:\/\/www.aquilaguna.com\/index.php\/wp-json\/wp\/v2\/tags?post=2022"}],"curies":[{"name":"wp","href":"https:\/\/api.w.org\/{rel}","templated":true}]}}