{"id":20229,"date":"2024-04-18T20:37:52","date_gmt":"2024-04-19T02:37:52","guid":{"rendered":"https:\/\/www.aquilaguna.com\/?p=20229"},"modified":"2024-04-18T20:37:52","modified_gmt":"2024-04-19T02:37:52","slug":"se-trabaja-para-estar-preparados-para-la-temporada-de-calor-afirma-roman-cepeda","status":"publish","type":"post","link":"https:\/\/www.aquilaguna.com\/index.php\/2024\/04\/18\/se-trabaja-para-estar-preparados-para-la-temporada-de-calor-afirma-roman-cepeda\/","title":{"rendered":"Se trabaja para estar preparados para la temporada de calor, afirma Rom\u00e1n Cepeda."},"content":{"rendered":"\n<p>Torre\u00f3n, Coahuila.- De cara a los pron\u00f3sticos de que May\u00f3 ser\u00e1 uno de los meses\u00a0 con\u00a0 las m\u00e1s altas temperaturas registrada hasta la fecha, y cuyo arribo ya se registra en la comarca, el alcalde Rom\u00e1n Alberto Cepeda,  expresa que, \u00a0&#8220;nosotros nos estamos preparando, pr\u00e1cticamente ya concluimos el mantenimiento de todas las bombas y \u00a0 las vamos a entregar, la gran mayor\u00eda de ellas que tenemos propuestas para el 2024, entre el\u00a0 mes de mayo y junio&#8221;.<\/p>\n\n\n\n<p>Con todo y ello admiti\u00f3, &#8220;es importante\u00a0 prepararnos, pues tenemos un alto consumo de agua per c\u00e1pita, que anda\u00a0 por arriba de los 200 litros por habitante, cuando el\u00a0 promedio nacional anda entre los 100, 110 litros&#8221;.<\/p>\n\n\n\n<p>&#8220;Es importante cuidar el agua, estamos haciendo un esfuerzo extraordinario para seguir extrayendo agua de los pozos, por seguir \u00a0 teniendo agua en las tuber\u00edas y seguir reponi\u00e9ndolas,\u00a0 tanto de drenaje como de conducci\u00f3n de agua, dando a conocer el estimado de 700\u00a0 metros c\u00fabicos o los que se estiman se pierden en la conducci\u00f3n por este tema&#8221;.\u00a0<\/p>\n\n\n\n<p>En \u00e9sta administraci\u00f3n, subray\u00f3, &#8220;estamos atendiendo en tal tema, rezagos hist\u00f3ricos,\u00a0 pero creo que\u00a0 es importante hacerlo, toda vez que el cuidado del agua es\u00a0 fundamental para poder\u00a0 conservarla&#8221;.<\/p>\n\n\n\n<p>Reiter\u00f3 luego que, &#8220;hay agua suficiente en Torre\u00f3n, s\u00ed, pero hay que cuidarla, no desperdiciarla&#8221;.<\/p>\n\n\n\n<p>Indic\u00f3 que, &#8220;adem\u00e1s est\u00e1 ah\u00ed,\u00a0 la alta p\u00e9rdida de l\u00edquido por lo viejo y colapsado de las redes conductoras, sumado a ello, al alto consumo per c\u00e1pita,\u00a0 ambos factores son demasiado, de ah\u00ed que\u00a0 no podamos seguir desperdiciando l\u00edquido como lo\u00a0 hacemos&#8221;.<\/p>\n\n\n\n<p>Revel\u00f3 luego que, &#8220;en estos d\u00edas, est\u00e1n en proceso la perforaci\u00f3n de\u00a0 nueve nuevos pozos\u00a0 cuyo gasto se sumar\u00eda al flujo de la red de pozos en operaci\u00f3n del Sistema Municipal de Agua y Saneamiento&#8221;.<\/p>\n\n\n\n<p>&#8220;Hasta ahora, adem\u00e1s, no ha sido cancelado ning\u00fan pozo de los que forman\u00a0 la red de abasto vigente en SIMAS\u00a0pues les hemos dado el mantenimiento, pero s\u00ed hay pozos que se tienen que eliminar&#8221;.<\/p>\n\n\n\n<p>Revel\u00f3 luego estar en espera,\u00a0 &#8220;de cu\u00e1ntos y cu\u00e1les ser\u00e1n\u00a0 eliminados, o bien si se pueden o no conservar\u00a0 con\u00a0 mayor mantenimiento&#8221;.\u00a0\u00a0<\/p>\n\n\n\n<p>En relaci\u00f3n a\u00a0 \u00a0 cuanto podr\u00eda aumentar la capacidad de gasto en el\u00a0 actual sistema de\u00a0 l\u00edquido, una vez que finalmente lleguen \u00a0 las aguas prometidas en el Proyecto Agua Saludable para la Laguna, de cara a la esperada\u00a0 temporada \u00a0 calurosa que se anticipa, el alcalde fue claro al decir que, &#8220;yo lo he dicho,\u00a0 bienvenidos todos los proyectos que aporten un beneficio a todos los torreonenses\u00a0 y laguneros&#8221;.<\/p>\n\n\n\n<p>Creo, afirm\u00f3, &#8220;que se est\u00e1 en un proceso de\u00a0 ajuste\u00a0 por lo que todav\u00eda no contamos con un volumen permanente. En el momento que se tenga, pues bienvenido&#8221;.<\/p>\n\n\n\n<p>Acept\u00f3 luego que, &#8220;hoy\u00a0 hay una nueva comunicaci\u00f3n con el Director de Cuencas Centrales del Norte de CONAGUA, hay una\u00a0 apertura y es importante que sigamos construyendo\u00a0 el futuro de Torre\u00f3n y la Laguna&#8221;.\u00a0\u00a0<\/p>\n\n\n\n<p>Cit\u00f3 que, &#8220;en efecto, algunas de las obras a cargo del gobierno federal en el tema del proyecto citado, a\u00fan no cuentan con los permisos locales\u00a0 en sus trabajos complementarios en el municipio de Torre\u00f3n,\u00a0 pero espero\u00a0 que los tengan\u00a0 en cuanto \u00a0 realicen en tiempo y conocimiento pues hay que saber del plan\u00a0 y ordenar el tr\u00e1fico y la movilidad requerida en tales obras&#8221;.<\/p>\n\n\n\n<p>S\u00ed hay afectaci\u00f3n,\u00a0 dijo, &#8220;y aun no tenemos\u00a0 conocimiento\u00a0 sobre d\u00f3nde van a transitar la tuber\u00eda, pero en el momento que lo tengan, nos sentaremos para ver lo que ocupen, para poder\u00a0 facilitar e la conducci\u00f3n de\u00a0 del vital l\u00edquido\u00a0 a hacia otros municipios de la Laguna, lo haremos&#8221;.<\/p>\n","protected":false},"excerpt":{"rendered":"<p>Torre\u00f3n, Coahuila.- De cara a los pron\u00f3sticos de que May\u00f3 ser\u00e1 uno de los meses\u00a0 con\u00a0 las m\u00e1s altas temperaturas registrada hasta la fecha, y cuyo arribo ya se registra en la comarca, el alcalde Rom\u00e1n Alberto Cepeda, expresa que, \u00a0&#8220;nosotros nos estamos preparando, pr\u00e1cticamente ya concluimos el mantenimiento de todas las bombas y \u00a0 las vamos a entregar, la gran mayor\u00eda de ellas que tenemos propuestas para el 2024,&#8230;<\/p>\n","protected":false},"author":2,"featured_media":0,"comment_status":"closed","ping_status":"","sticky":false,"template":"","format":"standard","meta":{"footnotes":""},"categories":[32,27,5,28,7],"tags":[],"class_list":["post-20229","post","type-post","status-publish","format-standard","hentry","category-agua","category-clima","category-coahuila","category-la-laguna","category-torreon","wpcat-32-id","wpcat-27-id","wpcat-5-id","wpcat-28-id","wpcat-7-id"],"_links":{"self":[{"href":"https:\/\/www.aquilaguna.com\/index.php\/wp-json\/wp\/v2\/posts\/20229","targetHints":{"allow":["GET"]}}],"collection":[{"href":"https:\/\/www.aquilaguna.com\/index.php\/wp-json\/wp\/v2\/posts"}],"about":[{"href":"https:\/\/www.aquilaguna.com\/index.php\/wp-json\/wp\/v2\/types\/post"}],"author":[{"embeddable":true,"href":"https:\/\/www.aquilaguna.com\/index.php\/wp-json\/wp\/v2\/users\/2"}],"replies":[{"embeddable":true,"href":"https:\/\/www.aquilaguna.com\/index.php\/wp-json\/wp\/v2\/comments?post=20229"}],"version-history":[{"count":1,"href":"https:\/\/www.aquilaguna.com\/index.php\/wp-json\/wp\/v2\/posts\/20229\/revisions"}],"predecessor-version":[{"id":20230,"href":"https:\/\/www.aquilaguna.com\/index.php\/wp-json\/wp\/v2\/posts\/20229\/revisions\/20230"}],"wp:attachment":[{"href":"https:\/\/www.aquilaguna.com\/index.php\/wp-json\/wp\/v2\/media?parent=20229"}],"wp:term":[{"taxonomy":"category","embeddable":true,"href":"https:\/\/www.aquilaguna.com\/index.php\/wp-json\/wp\/v2\/categories?post=20229"},{"taxonomy":"post_tag","embeddable":true,"href":"https:\/\/www.aquilaguna.com\/index.php\/wp-json\/wp\/v2\/tags?post=20229"}],"curies":[{"name":"wp","href":"https:\/\/api.w.org\/{rel}","templated":true}]}}