{"id":20263,"date":"2024-04-21T20:53:15","date_gmt":"2024-04-22T02:53:15","guid":{"rendered":"https:\/\/www.aquilaguna.com\/?p=20263"},"modified":"2024-04-21T20:53:15","modified_gmt":"2024-04-22T02:53:15","slug":"aqui-laguna-312","status":"publish","type":"post","link":"https:\/\/www.aquilaguna.com\/index.php\/2024\/04\/21\/aqui-laguna-312\/","title":{"rendered":"Aqu\u00ed Laguna."},"content":{"rendered":"\n<p>\u00a1Desnudos y en la calle! electoral, claro, as\u00ed han quedado las m\u00faltiples expresiones y\u00a0 ramificaciones\u00a0 en acci\u00f3n\u00a0 y que en torno al\u00a0 aun \u00a0 impune\u00a0 malandro, Jos\u00e9 Antonio Mu\u00f1oz Lu\u00e9vano c\u00e9lebre matamorense, sucesor hist\u00f3rico, de un controversial Benjamin Argumedo, con todo y que\u00a0 se le coloca a fuerza,\u00a0 en\u00a0 el altar revolucionario, o bien del Chojo Ladislao, bandido legendario; -que espera sentencia\u00a0 encubierto y buen como &#8220;testigo\u00a0 protegido&#8221;- del singular\u00a0 sistema\u00a0 de justicia \u00a0 del vecino pa\u00eds del norte,\u00a0 al ser puesto\u00a0  al descubierto, con todas sus letras, es decir, nombres, apellidos y padrinos\u00a0 que lo conforman.\u00a0 gracias no solo al talento, sino al valor que tal acci\u00f3n conlleva de manera\u00a0 impl\u00edcita \u00a0 y que se exhiben desde\u00a0 la pagina editorial de El Z\u00f3calo, edici\u00f3n Saltillo,\u00a0 de este mismo domingo por parte de su columnista estrella, Luis Carlos Plata. Puntual, con los datos\u00a0 duros\u00a0 en que se finca el buen periodismo\u00a0 como es su estilo, \u00a0 realiza \u00a0 su exposici\u00f3n en hechos\u00a0 registrados y conocidos y que de manera aislada se han ido acumulando a trav\u00e9s de las \u00faltimas dos d\u00e9cadas en Coahuila\u00a0 sobre el citado sujeto.<\/p>\n\n\n\n<p>El\u00a0 emporio\u00a0 econ\u00f3mico\u00a0 con el que se sustituy\u00f3  el \u00a0 sospechoso\u00a0 descenso de actividades delictivas, que le dieron capital, ahora se expresa en actividades aparentemente\u00a0l\u00edcitas,\u00a0 administradas\u00a0 y desarrolladas por la extensa familia del mencionado, hermanos, c\u00f3nyuge\u00a0 e hijos,\u00a0 y que tienen como fondo, como origen, los recursos \u00a0 que para\u00a0 para nada resultan ser &#8220;oscuros&#8221;,\u00a0 y que entre otros factores, como es el miedo sostiene el silencio que cual lastre pesa sobre\u00a0 opinadores y generadores de\u00a0 opini\u00f3n p\u00fablica\u00a0 y conocedores de los entresijos que generan el vivir al limite  en la frontera del delito\u00a0 y que por ello mismo,\u00a0 hace necesario que la sombra del poder\u00a0 pol\u00edtico los cobije, como lo fu\u00e9 a su inicio y como ahora\u00a0 de cara\u00a0 al arribo de nuevos grupos \u00a0 al poder p\u00fablico se imponen para\u00a0 seguir existiendo y creciendo,\u00a0 con la\u00a0 obvia impunidad\u00a0 que les garantice, a cualquier costo, sea este del orden pecunario, o cuotas de representaci\u00f3n pol\u00edtica, especialmente en los cabildos municipales, no solo de Matamoros, sino tambi\u00e9n en Torre\u00f3n, \u00a0 caminos a los que han\u00a0 podido acceder gracias a la &#8220;generosidad  democr\u00e1tica&#8221; que \u00a0 exhiben tontamente algunas agrupaciones partidistas, proclives a admitir, sin tapujo, sin pudor alguno\u00a0 no solo entre sus filas, sino entre sus candidatos a personajes ligados directa o indirectamente con la delincuencia organizada, quiz\u00e1s porque algunos de sus dirigentes o aspirantes, cuyos logos\u00a0 est\u00e1n\u00a0 m\u00e1s que identificados\u00a0 y postulados a\u00a0 cargos ya lo est\u00e1n\u00a0 como es la leyenda\u00a0 urbana nacional en estos d\u00eda. Bien por  Luis Carlos Plata, si bien habita\u00a0 en Saltillo a 260 kil\u00f3metros de esta comarca,\u00a0es decir,\u00a0 vecino &#8220;lejano&#8221; a tales factores\u00a0 cuya\u00a0 peligrosidad no es leyenda\u2026<\/p>\n\n\n\n<p>Y luego de lo anterior, diremos que empieza a\u00a0 descifrarse lo que hay detr\u00e1s de eso\u00a0 de \u00a0 que &#8220;no solo quieren la administraci\u00f3n\u00a0 municipal, quieren la plaza&#8221;, que de manera reiterada ha venido\u00a0 expresando el alcalde en busca de\u00a0 la reelecci\u00f3n en este municipio, el Licenciado Rom\u00e1n Alberto Cepeda Gonz\u00e1lez, en calles y plazas p\u00fablicas durante\u00a0 sus actos de campa\u00f1a realizados en este municipio a partir del dia 1 de abril del a\u00f1o en curso\u00a0 y que por cierto, por innumerables\u00a0 razones, no hacen eco\u00a0 por ahora los Medios regionales, si bien\u00a0 como repetimos, &#8220;el miedo, no anda en burro&#8221;. Pero aun as\u00ed y con todo tal frase ya no resulta tan\u00a0 cr\u00edptica, pues\u00a0 la columna de\u00a0 Plata, levanta al menos uno de los velos\u00a0 que apenas la cubren &#8220;Quieren la Plaza&#8221;, am\u00e9n de la frenada campa\u00f1a, hasta hoy de &#8220;guerra sucia&#8221;,\u00a0 y cuyo inicio anunciaba la colocaci\u00f3n\u00a0 de \u00a0 espectaculares colocados\u00a0 estrat\u00e9gicamente en\u00a0 avenidas y\u00a0 bulevares\u00a0 de la ciudad en una insinuante &#8220;S&#8221; constituyeron\u00a0 con solo tal letra,\u00a0 el saco que, seg\u00fan se\u00f1ala el autor de la publicaci\u00f3n citada al parecer se\u00a0 ajust\u00f3 a medida\u00a0 y se coloc\u00f3\u00a0 el candidato de MORENA y\u00a0 sus aliados de la 4T, Shamir Fern\u00e1ndez Hern\u00e1ndez,\u00a0 que adem\u00e1s\u00a0 amenaz\u00f3 con\u00a0 presentar denuncia judicial, a quien considera \u00a0 autor de tal estratagema, sin m\u00e1s pruebas que su dicho, al colega Jorge Arturo Torres. <\/p>\n\n\n\n<p>Y en otro canal \u00a0 solo diremos que\u00a0 ser\u00e1 el paso del tiempo -pues ni modo que las autoridades-, el que desvele, con nombre y\u00a0 apellido al resto de los integrantes de su segundo nivel, es decir, no familia, que obvio debe de ser abundante\u00a0 de cara a las empresas exhibidas\u00a0 y que tiene como\u00a0 socios, propietarios pues, a los del primer nivel y que sin duda, no han de ser pocos.<\/p>\n\n\n\n<p>Y\u00a0a partir de esta misma tarde dominical\u00a0 el post debate\u00a0 que genere no solo\u00a0 el que\u00a0 escenifiquen los contendientes por la presidencia de la rep\u00fablica, sino tambi\u00e9n el\u00a0 que convocado\u00a0 selectivamente y\u00a0 organizado, cual si la cosa p\u00fablica, fueran asunto de &#8220;la cosa nostra&#8221;, sin que hubiera reclamo alguno de parte de los partidos pol\u00edticos participantes y mucho menos por las decenas de logotipos de agrupaciones &#8220;de la sociedad civil&#8221; existentes en la comarca,\u00a0 por\u00a0 la alcald\u00eda de Torre\u00f3n, tres de los cuales, son asi les moleste &#8220;meros rellenos&#8221;. Sin duda, el candidato a vencer\u00a0 ser\u00e1 el Licenciado Roman Alberto\u00a0 Cepeda\u00a0 pues\u00a0 es el rival m\u00e1s fuerte, y en donde\u00a0 se espera que en el litigio verbal, logre sacar a flote, la esencia ideol\u00f3gica, si alguna vez la han tenido\u00a0 los contendientes, que\u00a0 al final, son\u00a0 dos ex priistas, versus dos ex panistas y un tercero\u00a0 de mero\u00a0 mir\u00f3n, diremos que desde en antes, es decir, en la v\u00edspera de esta calurosa tarde de domingo,  que todos y cada uno de los participantes se alzara con el &#8220;triunfo&#8221; en tal ejercicio de ret\u00f3rica. No m\u00e1s de cara al abultado n\u00famero de temas seleccionados y el poco tiempo asignado\u00a0 \u00a0 no solo para abordarlos, sino para discutirlos. Vea Nomas Usted, Seguridad P\u00fablica, Tr\u00e1nsito y Justicia Civil, Desarrollo Econ\u00f3mico, Salud, Inclusi\u00f3n,\u00a0 Gobierno, Participaci\u00f3n Ciudadana, Servicios P\u00fablicos, Concesiones, Medio Ambiente, Atenci\u00f3n al Campo y muchos temas m\u00e1s&#8230;<\/p>\n\n\n\n<p>La distancia entre los dos,\u00a0 como dicen la canci\u00f3n, es\u00a0 cada d\u00eda m\u00e1s grande entre Cecilia Guadiana, la aspirante a heredera del cargo que ten\u00eda su se\u00f1or padre al momento de su muerte; Senadora de la Rep\u00fablica, cuya colocaci\u00f3n en la f\u00f3rmula registrada por MORENA al Senado,\u00a0 es motivo de rijoso litigio ante \u00f3rgano federal por parte, ya sabe quien, Luis Fernando Salazar a quien acusa de &#8220;violencia de genero&#8221; y lo que eso signifique, acci\u00f3n que fortalece, en el otro extremo a la f\u00f3rmula encabezada por Miguel Angel Riquelme Solis y la saltilllense Barbara Cepeda, que no duermen en laurel alguno, en pos del voto popular.<\/p>\n\n\n\n<p>Sabia Usted, que este fin de semana, estuvo en esta comarca, el\u00a0 titular de la Secretar\u00eda\u00a0 de Agricultura, el ingeniero\u00a0 Manuel Villalobos, fantasmag\u00f3rico funcionario federal, que poco o nada puede mostrar en cuanto a lo realizado por tal instituci\u00f3n, otrora\u00a0 central para la econ\u00f3mia de los productores del sector primario en este pa\u00eds. Estuvo, claro, para hacerse presente ante uno de\u00a0 sus\u00a0 escasos y selectos\u00a0 p\u00fablicos, ante los cuales puede presentarse sin ser abucheado, es decir, los poderosos integrantes del sector privado\u00a0 lechero\u00a0 para estar presentes en su IV Asamblea General Ordinaria\u00a0 de\u00a0 la Asociaci\u00f3n\u00a0 Mexicana de Productores de Leche\u00a0 y la Uni\u00f3n Regional Ganadera de la\u00a0 Laguna,\u00a0 con su l\u00edder\u00a0 Jes\u00fas Manuel\u00a0 Garc\u00eda Lespr\u00f3n  y no, no estuvo presente\u00a0 l\u00edder moral de los lecheros, es decir, Eduardo Tricio Haro, pues para\u00a0 nada necesita de estos\u00a0 personajes, pues dialog\u00f3 y dialoga a lo largo del presente sexenio en corto y en directo, con Andr\u00e9s Manuel Lopez\u00a0 Obrador,\u00a0 en cuanto al tema que los une,\u00a0 es decir, la explotaci\u00f3n econ\u00f3mica de las aguas subterr\u00e1neas, sobreexplotadas de la comarca y las de gravedad,\u00a0 conducidas a trav\u00e9s\u00a0 del Nazas y sus sistema de canales,\u00a0 di\u00e1logo que resulta inexistente con\u00a0 persona alguna del sector\u00a0 social a lo largo de la actual administraci\u00f3n federal.<\/p>\n","protected":false},"excerpt":{"rendered":"<p>\u00a1Desnudos y en la calle! electoral, claro, as\u00ed han quedado las m\u00faltiples expresiones y\u00a0 ramificaciones\u00a0 en acci\u00f3n\u00a0 y que en torno al\u00a0 aun \u00a0 impune\u00a0 malandro, Jos\u00e9 Antonio Mu\u00f1oz Lu\u00e9vano c\u00e9lebre matamorense, sucesor hist\u00f3rico, de un controversial Benjamin Argumedo, con todo y que\u00a0 se le coloca a fuerza,\u00a0 en\u00a0 el altar revolucionario, o bien del Chojo Ladislao, bandido legendario; -que espera sentencia\u00a0 encubierto y buen como &#8220;testigo\u00a0 protegido&#8221;- del singular\u00a0&#8230;<\/p>\n","protected":false},"author":2,"featured_media":0,"comment_status":"closed","ping_status":"","sticky":false,"template":"","format":"standard","meta":{"footnotes":""},"categories":[8],"tags":[],"class_list":["post-20263","post","type-post","status-publish","format-standard","hentry","category-aqui-laguna","wpcat-8-id"],"_links":{"self":[{"href":"https:\/\/www.aquilaguna.com\/index.php\/wp-json\/wp\/v2\/posts\/20263","targetHints":{"allow":["GET"]}}],"collection":[{"href":"https:\/\/www.aquilaguna.com\/index.php\/wp-json\/wp\/v2\/posts"}],"about":[{"href":"https:\/\/www.aquilaguna.com\/index.php\/wp-json\/wp\/v2\/types\/post"}],"author":[{"embeddable":true,"href":"https:\/\/www.aquilaguna.com\/index.php\/wp-json\/wp\/v2\/users\/2"}],"replies":[{"embeddable":true,"href":"https:\/\/www.aquilaguna.com\/index.php\/wp-json\/wp\/v2\/comments?post=20263"}],"version-history":[{"count":1,"href":"https:\/\/www.aquilaguna.com\/index.php\/wp-json\/wp\/v2\/posts\/20263\/revisions"}],"predecessor-version":[{"id":20264,"href":"https:\/\/www.aquilaguna.com\/index.php\/wp-json\/wp\/v2\/posts\/20263\/revisions\/20264"}],"wp:attachment":[{"href":"https:\/\/www.aquilaguna.com\/index.php\/wp-json\/wp\/v2\/media?parent=20263"}],"wp:term":[{"taxonomy":"category","embeddable":true,"href":"https:\/\/www.aquilaguna.com\/index.php\/wp-json\/wp\/v2\/categories?post=20263"},{"taxonomy":"post_tag","embeddable":true,"href":"https:\/\/www.aquilaguna.com\/index.php\/wp-json\/wp\/v2\/tags?post=20263"}],"curies":[{"name":"wp","href":"https:\/\/api.w.org\/{rel}","templated":true}]}}