{"id":20271,"date":"2024-04-22T18:42:48","date_gmt":"2024-04-23T00:42:48","guid":{"rendered":"https:\/\/www.aquilaguna.com\/?p=20271"},"modified":"2024-04-22T18:42:49","modified_gmt":"2024-04-23T00:42:49","slug":"con-propuestas-y-rumbo-gana-roman-cepeda-el-debate-por-la-alcaldia-de-torreon","status":"publish","type":"post","link":"https:\/\/www.aquilaguna.com\/index.php\/2024\/04\/22\/con-propuestas-y-rumbo-gana-roman-cepeda-el-debate-por-la-alcaldia-de-torreon\/","title":{"rendered":"Con propuestas y rumbo, GANA Rom\u00e1n Cepeda el debate por la alcald\u00eda de Torre\u00f3n."},"content":{"rendered":"\n<p>Apostando por la propuesta y la claridad de proyecto, Rom\u00e1n Cepeda, candidato de la Alianza Ciudadana por la Seguridad a la alcald\u00eda de Torre\u00f3n (PRI-PRD-UDC), arras\u00f3 este domingo en el debate que realiz\u00f3 el Instituto Electoral de Coahuila (IEC) entre quienes aspiran a la Presidencia Municipal de Torre\u00f3n.<\/p>\n\n\n\n<p>Cepeda dej\u00f3 en clara su propuesta de crecimiento municipal al respaldar esta en temas como el Desarrollo Social y Entorno, Desarrollo Econ\u00f3mico y Competitividad, as\u00ed como en la Seguridad P\u00fablica; se trata de elementos clave que garantizan la inercia positiva de Torre\u00f3n para los pr\u00f3ximos a\u00f1os.<\/p>\n\n\n\n<p>\u201cLos resultados demuestran que hoy Torre\u00f3n es una mejor ciudad para vivir, m\u00e1s segura, con m\u00e1s desarrollo y mejores servicios, as\u00ed hay que seguir, \u00bfcu\u00e1ntos municipios del pa\u00eds quisieran estar como Torre\u00f3n est\u00e1 hoy? Todo esto lo hemos construido gracias a tu confianza, porque hemos recorrido y escuchado a todas las colonias y ejidos de Torre\u00f3n, yo s\u00e9 que hay m\u00e1s por hacer, pero es importante que el desarrollo contin\u00fae, que siga el Torre\u00f3n sustentable\u201d.<\/p>\n\n\n\n<p>Lejos de las descalificaciones y ataques, Rom\u00e1n Cepeda cerr\u00f3 su triunfo con propuestas clave como la el fortalecimiento a la Polic\u00eda Municipal y su mejora en materia de proximidad, adem\u00e1s de la inversi\u00f3n en equipos y capacitaci\u00f3n; de la misma forma en la integraci\u00f3n de las nuevas tecnolog\u00edas y la inteligencia en el combate al crimen y la delincuencia.<\/p>\n\n\n\n<p>En el tema de Desarrollo Econ\u00f3mico y Competitividad propuso un impulso sin precedentes en la capacitaci\u00f3n, asesor\u00eda y hasta financiamiento de las micro, peque\u00f1as y medianas empresas de la ciudad, lo que elevar\u00e1 sustancialmente las inversiones en los pr\u00f3ximos a\u00f1os, aprovechando as\u00ed el momento que vive Torre\u00f3n ante los ojos de M\u00e9xico y el mundo.<\/p>\n\n\n\n<p>\u201cHemos recibido inversiones emblem\u00e1ticas y sin precedentes de todas las actividades econ\u00f3micas, duplicamos los empleos formales en solo dos a\u00f1os a m\u00e1s de 20 mil empleos, aumentamos tambi\u00e9n ese mismo periodo de 333 pesos a m\u00e1s de 423 el salario aqu\u00ed en Torre\u00f3n, tenemos siete nuevos parques industriales, creamos el Instituto Municipal de Emprendimiento, continuaremos con los programas de microcr\u00e9ditos que al d\u00eda de hoy, m\u00e1s de 6 mil mujeres se han visto beneficiadas\u201d.\u201d<\/p>\n\n\n\n<p>Sobre el Desarrollo Social y Entorno, Cepeda adelant\u00f3 que se implementar\u00e1n proyectos de infraestructura urbana en todos los sectores, invirtiendo principalmente en el drenaje, la pavimentaci\u00f3n y la imagen urbana, apuestas para mejorar las condiciones de vida de las ciudadanas y los ciudadanos del municipio, tanto en la zona urbana como en los ejidos.<\/p>\n\n\n\n<p>\u201cComo nadie hemos invertido en agua potable, en pavimentaci\u00f3n, en drenaje, estamos atendiendo ese tema y lo vamos a seguir haciendo, es mi compromiso y no vamos a fallar a la confianza\u201d.<\/p>\n\n\n\n<p>Al concluir su participaci\u00f3n en el ejercicio democr\u00e1tico, el candidato de la Alianza Ciudadana por la Seguridad agradeci\u00f3 la confianza de la ciudadan\u00eda de Torre\u00f3n, misma que a diario ha dejado en claro su apuesta por la continuidad, el crecimiento y la estabilidad, no solamente durante el desarrollo y t\u00e9rmino del evento de este domingo, sino a lo largo de la campa\u00f1a.<\/p>\n","protected":false},"excerpt":{"rendered":"<p>Apostando por la propuesta y la claridad de proyecto, Rom\u00e1n Cepeda, candidato de la Alianza Ciudadana por la Seguridad a la alcald\u00eda de Torre\u00f3n (PRI-PRD-UDC), arras\u00f3 este domingo en el debate que realiz\u00f3 el Instituto Electoral de Coahuila (IEC) entre quienes aspiran a la Presidencia Municipal de Torre\u00f3n. Cepeda dej\u00f3 en clara su propuesta de crecimiento municipal al respaldar esta en temas como el Desarrollo Social y Entorno, Desarrollo Econ\u00f3mico&#8230;<\/p>\n","protected":false},"author":1,"featured_media":20272,"comment_status":"closed","ping_status":"closed","sticky":false,"template":"","format":"standard","meta":{"footnotes":""},"categories":[20,5,42,28,16,7],"tags":[],"class_list":["post-20271","post","type-post","status-publish","format-standard","has-post-thumbnail","hentry","category-campanas","category-coahuila","category-elecciones","category-la-laguna","category-pri","category-torreon","wpcat-20-id","wpcat-5-id","wpcat-42-id","wpcat-28-id","wpcat-16-id","wpcat-7-id"],"_links":{"self":[{"href":"https:\/\/www.aquilaguna.com\/index.php\/wp-json\/wp\/v2\/posts\/20271","targetHints":{"allow":["GET"]}}],"collection":[{"href":"https:\/\/www.aquilaguna.com\/index.php\/wp-json\/wp\/v2\/posts"}],"about":[{"href":"https:\/\/www.aquilaguna.com\/index.php\/wp-json\/wp\/v2\/types\/post"}],"author":[{"embeddable":true,"href":"https:\/\/www.aquilaguna.com\/index.php\/wp-json\/wp\/v2\/users\/1"}],"replies":[{"embeddable":true,"href":"https:\/\/www.aquilaguna.com\/index.php\/wp-json\/wp\/v2\/comments?post=20271"}],"version-history":[{"count":1,"href":"https:\/\/www.aquilaguna.com\/index.php\/wp-json\/wp\/v2\/posts\/20271\/revisions"}],"predecessor-version":[{"id":20273,"href":"https:\/\/www.aquilaguna.com\/index.php\/wp-json\/wp\/v2\/posts\/20271\/revisions\/20273"}],"wp:featuredmedia":[{"embeddable":true,"href":"https:\/\/www.aquilaguna.com\/index.php\/wp-json\/wp\/v2\/media\/20272"}],"wp:attachment":[{"href":"https:\/\/www.aquilaguna.com\/index.php\/wp-json\/wp\/v2\/media?parent=20271"}],"wp:term":[{"taxonomy":"category","embeddable":true,"href":"https:\/\/www.aquilaguna.com\/index.php\/wp-json\/wp\/v2\/categories?post=20271"},{"taxonomy":"post_tag","embeddable":true,"href":"https:\/\/www.aquilaguna.com\/index.php\/wp-json\/wp\/v2\/tags?post=20271"}],"curies":[{"name":"wp","href":"https:\/\/api.w.org\/{rel}","templated":true}]}}