{"id":20303,"date":"2024-04-24T19:30:33","date_gmt":"2024-04-25T01:30:33","guid":{"rendered":"https:\/\/www.aquilaguna.com\/?p=20303"},"modified":"2024-04-24T19:30:33","modified_gmt":"2024-04-25T01:30:33","slug":"roman-alberto-cepeda-gonzalez-da-banderazo-de-arranque-de-la-colecta-nacional-de-la-cruz-roja","status":"publish","type":"post","link":"https:\/\/www.aquilaguna.com\/index.php\/2024\/04\/24\/roman-alberto-cepeda-gonzalez-da-banderazo-de-arranque-de-la-colecta-nacional-de-la-cruz-roja\/","title":{"rendered":"Rom\u00e1n Alberto Cepeda Gonz\u00e1lez da banderazo de arranque de la Colecta Nacional de la Cruz Roja."},"content":{"rendered":"\n<p>Torre\u00f3n, Coahuila. A 24 de abril de 2024.<\/p>\n\n\n\n<p>El alcalde Rom\u00e1n Alberto Cepeda Gonz\u00e1lez dio el banderazo de arranque de la<br>Colecta Nacional de la Cruz Roja Torre\u00f3n en su edici\u00f3n 2024, actividad que tiene<br>el objetivo de recaudar fondos que ayuden a la operaci\u00f3n diaria de la benem\u00e9rita<br>instituci\u00f3n, en la atenci\u00f3n de emergencias y otorgamiento de servicios de salud.<br>\u00a0<br>En el evento realizado este mi\u00e9rcoles en la explanada de la Plaza Mayor, el<br>Presidente Municipal agradeci\u00f3 a los representantes de la Cruz Roja delegaci\u00f3n<br>Torre\u00f3n, por el trabajo coordinado con su Administraci\u00f3n.<br>\u00a0<br>\u201cMi reconocimiento, mi admiraci\u00f3n y compromiso con ustedes para trabajar de la<br>mano en este y en otros proyectos\u201d, expres\u00f3.<br>\u00a0<br>En su mensaje, Cepeda Gonz\u00e1lez destac\u00f3 la participaci\u00f3n de la Cruz Roja en la<br>atenci\u00f3n de las emergencias en la ciudad, pero tambi\u00e9n en los eventos masivos<br>que re\u00fanen a las familias de Torre\u00f3n, como los que se realizan en la explanada de<br>la Plaza Mayor, y tambi\u00e9n destac\u00f3 el trabajo de los socorristas en el pasado<br>avistamiento del eclipse solar total.<br>\u00a0<br>\u201cLos invito a que colaboremos todos, porque todos somos Torre\u00f3n, porque<br>siempre hay alguien que necesita de la Cruz Roja\u201d, dijo el edil.<br>\u00a0<br>Cepeda Gonz\u00e1lez agreg\u00f3 que es muy importante la participaci\u00f3n de las<br>organizaciones de la sociedad civil en la ciudad, pues dijo que ayudan a tener<br>mayor alcance en cuanto a la atenci\u00f3n de las personas en situaci\u00f3n de<br>vulnerabilidad.<br>\u00a0<br>Jorge Luis Ju\u00e1rez Llanas, director de Protecci\u00f3n Civil y Bomberos de Torre\u00f3n,<br>explic\u00f3 que la Cruz Roja es parte importante en el servicio que se brinda<br>diariamente a la comunidad, y exhort\u00f3 a las personas a apoyar la colecta porque<br>es una actividad que permite a la instituci\u00f3n seguir funcionando en beneficio de<br>todos.<br>\u00a0<br>\u201cActividades como esta hacen que el servicio que se brinda sea de calidad y se d\u00e9<br>una pronta respuesta a quien lo solicita\u201d, coment\u00f3.<br>\u00a0<br>El director consider\u00f3 indispensable que los cuerpos de emergencia cuenten con<br>equipo e insumos de calidad que permitan hacer con eficiencia sus labores.<br>\u00a0<\/p>\n\n\n\n<p>Jorge Abularach Lugo, presidente del consejo de administraci\u00f3n de la Cruz Roja<br>Mexicana, delegaci\u00f3n Torre\u00f3n, habl\u00f3 sobe la historia de la instituci\u00f3n y su<br>presencia en la ciudad.<br>&nbsp;<br>\u201cCruz Roja Torre\u00f3n tiene 81 a\u00f1os salvando vidas, ofreci\u00e9ndole a los torreonenses<br>servicios m\u00e9dicos de calidad y atenci\u00f3n de urgencias de manera oportuna\u201d.<br>&nbsp;<br>Dijo que el a\u00f1o pasado la instituci\u00f3n atendi\u00f3 a cerca de 60 mil personas y<br>actualmente sus ambulancias realizan mil 500 traslados al mes.<br>&nbsp;<br>Indic\u00f3 que la Cruz Roja se sostiene con el apoyo de la ciudadan\u00eda de Torre\u00f3n<br>cuando paga el refrendo de las placas, con la participaci\u00f3n de las empresas<br>socialmente responsables, trabajo con las autoridades, actividades de las damas<br>voluntarias y la colecta anual, entre otras fuentes de ingreso.<br>&nbsp;<br>Acudieron al evento Selina Bremer de Cepeda, presidenta honoraria del Sistema<br>para el Desarrollo Integral de la Familia (DIF) Torre\u00f3n; Felipe Eduardo Gonz\u00e1lez<br>Miranda, diputado local; Cristina Mar\u00eda Zarzar de Abularach, presidenta de las<br>damas voluntarias de la Cruz Roja delegaci\u00f3n Torre\u00f3n; C\u00e9sar Ariel Tapia, director<br>general de la Cruz Roja delegaci\u00f3n Torre\u00f3n; Luis Cuerda Mart\u00ednez, secretario del<br>consejo de administraci\u00f3n de la Cruz Roja Mexicana, delegaci\u00f3n Torre\u00f3n y Karen<br>Buttler Garza, param\u00e9dico de la Cruz Roja Mexicana, delegaci\u00f3n Torre\u00f3n.<\/p>\n","protected":false},"excerpt":{"rendered":"<p>Torre\u00f3n, Coahuila. A 24 de abril de 2024. El alcalde Rom\u00e1n Alberto Cepeda Gonz\u00e1lez dio el banderazo de arranque de laColecta Nacional de la Cruz Roja Torre\u00f3n en su edici\u00f3n 2024, actividad que tieneel objetivo de recaudar fondos que ayuden a la operaci\u00f3n diaria de la benem\u00e9ritainstituci\u00f3n, en la atenci\u00f3n de emergencias y otorgamiento de servicios de salud.\u00a0En el evento realizado este mi\u00e9rcoles en la explanada de la Plaza Mayor,&#8230;<\/p>\n","protected":false},"author":1,"featured_media":20304,"comment_status":"closed","ping_status":"closed","sticky":false,"template":"","format":"standard","meta":{"footnotes":""},"categories":[5,28,7],"tags":[],"class_list":["post-20303","post","type-post","status-publish","format-standard","has-post-thumbnail","hentry","category-coahuila","category-la-laguna","category-torreon","wpcat-5-id","wpcat-28-id","wpcat-7-id"],"_links":{"self":[{"href":"https:\/\/www.aquilaguna.com\/index.php\/wp-json\/wp\/v2\/posts\/20303","targetHints":{"allow":["GET"]}}],"collection":[{"href":"https:\/\/www.aquilaguna.com\/index.php\/wp-json\/wp\/v2\/posts"}],"about":[{"href":"https:\/\/www.aquilaguna.com\/index.php\/wp-json\/wp\/v2\/types\/post"}],"author":[{"embeddable":true,"href":"https:\/\/www.aquilaguna.com\/index.php\/wp-json\/wp\/v2\/users\/1"}],"replies":[{"embeddable":true,"href":"https:\/\/www.aquilaguna.com\/index.php\/wp-json\/wp\/v2\/comments?post=20303"}],"version-history":[{"count":1,"href":"https:\/\/www.aquilaguna.com\/index.php\/wp-json\/wp\/v2\/posts\/20303\/revisions"}],"predecessor-version":[{"id":20305,"href":"https:\/\/www.aquilaguna.com\/index.php\/wp-json\/wp\/v2\/posts\/20303\/revisions\/20305"}],"wp:featuredmedia":[{"embeddable":true,"href":"https:\/\/www.aquilaguna.com\/index.php\/wp-json\/wp\/v2\/media\/20304"}],"wp:attachment":[{"href":"https:\/\/www.aquilaguna.com\/index.php\/wp-json\/wp\/v2\/media?parent=20303"}],"wp:term":[{"taxonomy":"category","embeddable":true,"href":"https:\/\/www.aquilaguna.com\/index.php\/wp-json\/wp\/v2\/categories?post=20303"},{"taxonomy":"post_tag","embeddable":true,"href":"https:\/\/www.aquilaguna.com\/index.php\/wp-json\/wp\/v2\/tags?post=20303"}],"curies":[{"name":"wp","href":"https:\/\/api.w.org\/{rel}","templated":true}]}}