{"id":20310,"date":"2024-04-24T19:38:43","date_gmt":"2024-04-25T01:38:43","guid":{"rendered":"https:\/\/www.aquilaguna.com\/?p=20310"},"modified":"2024-04-24T19:38:57","modified_gmt":"2024-04-25T01:38:57","slug":"controlan-brote-de-plaga-de-ratas-en-colonia-de-torrein","status":"publish","type":"post","link":"https:\/\/www.aquilaguna.com\/index.php\/2024\/04\/24\/controlan-brote-de-plaga-de-ratas-en-colonia-de-torrein\/","title":{"rendered":"Controlan brote de plaga de ratas en colonia de Torre\u00f3n."},"content":{"rendered":"\n<p>Torre\u00f3n, Coahuila.- &#8220;Estamos haciendo el control,\u00a0sobre el brote de \u00a0 ratas registrado en\u00a0 \u00a0 domicilios ubicados\u00a0 sobre una\u00a0 manzana de la Colonia\u00a0 El Roble, para\u00a0 eliminar a tales roedores y\u00a0 evitar tambien\u00a0 posible dispersi\u00f3n&#8221;,\u00a0 dio a conocer el titular de la Direcci\u00f3n de Salud Municipal, doctor\u00a0 Jorge Mario Galvan.\u00a0<\/p>\n\n\n\n<p>Desde la semana, inform\u00f3, &#8220;llegamos para realizar primero la limpieza del sitio\u00a0 punto de afectaci\u00f3n, y realizar el reparto de\u00a0 trampas con sebos, las carpas adecuadas y ayer\u00a0 acudimos a hacer el seguimiento de tales acciones, pues ya hubo\u00a0 otros vecinos que nos manifestaron tener el mismo problema&#8221;, \u00a0 se\u00f1alando que, &#8220;los roedores salieron en fuga del primer domicilio con tal afectaci\u00f3n&#8221;.<\/p>\n\n\n\n<p>Nosotros normalmente, indic\u00f3 el galeno, &#8220;atendemos toda la manzana, pues no se peude atender solo una casa o dos, pues las ratas emigran de un punto a otro&#8221;.<\/p>\n\n\n\n<p>&#8220;Unicamente colocamos las trampas con sebos, en punto\u00a0 que no presente riesgos de accidente con ni\u00f1os o animales de compa\u00f1ia&#8221;.\u00a0<\/p>\n\n\n\n<p>&#8220;Dimos a los vecinos instrucciones sobre el manejo y estamos\u00a0 regresando a domicilios a donde no tuvimos acceso&#8221;.<\/p>\n\n\n\n<p>Preguntado, admiti\u00f3 que, &#8220;se tuvo una acumulaci\u00f3n en otro domicilio cercando al inicialmente detectado y estamos pidiendo a los vecinos labores de limpieza en sus patios en sus casas para evitar\u00a0 su propagaci\u00f3n&#8221;.<\/p>\n\n\n\n<p>Se aisl\u00f3, revel\u00f3, &#8220;toda la manzana, e hicimos una barrido en toda la zona&#8221;, pues dijo, &#8220;detectamos otro domicilio\u00a0 al cual ya se le hizo limpieza&#8221;.<\/p>\n\n\n\n<p>El sebo, se\u00f1al\u00f3, &#8220;es t\u00f3xico, de ahi que\u00a0 solicitemos que se maneje con guantes y evitar contacto\u00a0 a ni\u00f1os y animales de compa\u00f1\u00eda y el mismo usuario, que deber\u00e1 \u00a0 hacer un lavado exhaustivo de manos&#8221;.<\/p>\n\n\n\n<p>&#8220;Hasta el momento no hay reporte alguno de\u00a0 ataque \u00a0 de ratas a personas, que pueda provocar \u00a0 muchas enfermedades\u00a0 entre ellas el tifus, que hist\u00f3ricamente \u00a0 acab\u00f3 con \u00a0 un muy buen n\u00famero de personas en Europa all\u00e1 en la edad media, pero hoy son vectores para otras enfermedades\u00a0 especialmente a trav\u00e9s de su orina y excremento, sobre todo en sitios donde hay almacenamiento&#8221;.<\/p>\n","protected":false},"excerpt":{"rendered":"<p>Torre\u00f3n, Coahuila.- &#8220;Estamos haciendo el control,\u00a0sobre el brote de \u00a0 ratas registrado en\u00a0 \u00a0 domicilios ubicados\u00a0 sobre una\u00a0 manzana de la Colonia\u00a0 El Roble, para\u00a0 eliminar a tales roedores y\u00a0 evitar tambien\u00a0 posible dispersi\u00f3n&#8221;,\u00a0 dio a conocer el titular de la Direcci\u00f3n de Salud Municipal, doctor\u00a0 Jorge Mario Galvan.\u00a0 Desde la semana, inform\u00f3, &#8220;llegamos para realizar primero la limpieza del sitio\u00a0 punto de afectaci\u00f3n, y realizar el reparto de\u00a0 trampas&#8230;<\/p>\n","protected":false},"author":2,"featured_media":0,"comment_status":"closed","ping_status":"","sticky":false,"template":"","format":"standard","meta":{"footnotes":""},"categories":[5,28,14,7],"tags":[],"class_list":["post-20310","post","type-post","status-publish","format-standard","hentry","category-coahuila","category-la-laguna","category-salud","category-torreon","wpcat-5-id","wpcat-28-id","wpcat-14-id","wpcat-7-id"],"_links":{"self":[{"href":"https:\/\/www.aquilaguna.com\/index.php\/wp-json\/wp\/v2\/posts\/20310","targetHints":{"allow":["GET"]}}],"collection":[{"href":"https:\/\/www.aquilaguna.com\/index.php\/wp-json\/wp\/v2\/posts"}],"about":[{"href":"https:\/\/www.aquilaguna.com\/index.php\/wp-json\/wp\/v2\/types\/post"}],"author":[{"embeddable":true,"href":"https:\/\/www.aquilaguna.com\/index.php\/wp-json\/wp\/v2\/users\/2"}],"replies":[{"embeddable":true,"href":"https:\/\/www.aquilaguna.com\/index.php\/wp-json\/wp\/v2\/comments?post=20310"}],"version-history":[{"count":2,"href":"https:\/\/www.aquilaguna.com\/index.php\/wp-json\/wp\/v2\/posts\/20310\/revisions"}],"predecessor-version":[{"id":20313,"href":"https:\/\/www.aquilaguna.com\/index.php\/wp-json\/wp\/v2\/posts\/20310\/revisions\/20313"}],"wp:attachment":[{"href":"https:\/\/www.aquilaguna.com\/index.php\/wp-json\/wp\/v2\/media?parent=20310"}],"wp:term":[{"taxonomy":"category","embeddable":true,"href":"https:\/\/www.aquilaguna.com\/index.php\/wp-json\/wp\/v2\/categories?post=20310"},{"taxonomy":"post_tag","embeddable":true,"href":"https:\/\/www.aquilaguna.com\/index.php\/wp-json\/wp\/v2\/tags?post=20310"}],"curies":[{"name":"wp","href":"https:\/\/api.w.org\/{rel}","templated":true}]}}