{"id":20320,"date":"2024-04-25T18:28:28","date_gmt":"2024-04-26T00:28:28","guid":{"rendered":"https:\/\/www.aquilaguna.com\/?p=20320"},"modified":"2024-04-25T18:28:28","modified_gmt":"2024-04-26T00:28:28","slug":"invita-uadec-al-segundo-congreso-nacional-y-primer-internacional-de-salud-educacion-y-medio-ambiente-ods-2030","status":"publish","type":"post","link":"https:\/\/www.aquilaguna.com\/index.php\/2024\/04\/25\/invita-uadec-al-segundo-congreso-nacional-y-primer-internacional-de-salud-educacion-y-medio-ambiente-ods-2030\/","title":{"rendered":"Invita UAdeC al Segundo Congreso Nacional y Primer Internacional de Salud, Educaci\u00f3n y Medio Ambiente: ODS 2030."},"content":{"rendered":"\n<p>ARTEAGA, Coahuila. 25 de abril de 2024. La Universidad Aut\u00f3noma de Coahuila<br>a trav\u00e9s de las Escuelas de Bachilleres Preparatoria N\u00famero Uno, Instituto de<br>Ense\u00f1anza Abierta US y la Facultad de Sistemas, en colaboraci\u00f3n con la<br>Direcci\u00f3n de Investigaci\u00f3n y Posgrado, las coordinaciones de Extensi\u00f3n<br>Universitaria y la de Agenda Ambiental, convoca al Segundo Congreso Nacional y<br>Primer Internacional de Salud, Educaci\u00f3n y Medio Ambiente: ODS 2030.<\/p>\n\n\n\n<p>Se llevar\u00e1 a cabo en modalidad h\u00edbrida el 6 y 7 de mayo de 2024, a partir de las<br>9:00 horas en la Sala de Competitividad de la Facultad de Sistemas Campus<br>Arteaga, y se transmitir\u00e1 a trav\u00e9s de la plataforma Microsoft Teams y Facebook<br>Live, con el objetivo de identificar y difundir la contribuci\u00f3n de los universitarios al<br>cumplimiento de las metas de los Objetivos del Desarrollo Sostenible (ODS) de la<br>agenda 2030, a trav\u00e9s del intercambio de conocimiento, investigaciones y<br>experiencias en el \u00e1rea de Salud, Educaci\u00f3n y Cuidado del medio ambiente.<\/p>\n\n\n\n<p>Las personas interesadas en participar como ponentes en alguno de los temas de<br>Salud, Medio ambiente y Educaci\u00f3n, consultar la convocatoria en la p\u00e1gina<br><a href=\"http:\/\/www.agendaambiental.uadec.mx\/CONVOCATORIAS\" target=\"_blank\" rel=\"noreferrer noopener\">http:\/\/www.agendaambiental.uadec.mx\/CONVOCATORIAS<\/a>\/ o comunicarse a la<br>Coordinaci\u00f3n de Agenda ambiental Universitaria al tel\u00e9fono (844) 438 15 43; as\u00ed<br>como quienes deseen solo asistir deber\u00e1n hacer su registro en el formulario<br>disponible en <a href=\"https:\/\/bit.ly\/3PbyiQp?r=qr\" target=\"_blank\" rel=\"noreferrer noopener\">https:\/\/bit.ly\/3PbyiQp?r=qr<\/a>.<\/p>\n\n\n\n<p>El evento inaugural de este Congreso ser\u00e1 el lunes 6 de mayo a las 9:00 horas<br>por el rector Octavio Pimentel Mart\u00ednez, seguido ser\u00e1 la presentaci\u00f3n de la<br>Conferencia magistral &#8220;Bio-Procesamiento multiprop\u00f3sito y eco-amigable para la<br>valorizaci\u00f3n de residuos industriales&#8221;, a cargo del Dr. Crist\u00f3bal No\u00e9 Aguilar<br>Gonz\u00e1lez, investigador de la Facultad de Ciencias Qu\u00edmicas de la UAdeC.<\/p>\n\n\n\n<p>El segundo d\u00eda del congreso, el 7 de mayo a las 13:00 horas se presentar\u00e1 la<br>conferencia magistral &#8220;Cultura Ambiental&#8221;, por la Dra. Jaqueline Garc\u00eda Fallas de<br>la Universidad de Costa Rica; cabe se\u00f1alar que durante abril se impartieron cuatro<br>talleres por destacados expositores internacionales, para preparaci\u00f3n y<br>profundizaci\u00f3n en temas clave relacionados con los objetivos del evento.<\/p>\n\n\n\n<p>Para m\u00e1s informaci\u00f3n comunicarse con los docentes Tamara Isabel Terrazas, de<br>la Preparatoria N\u00famero Uno. Rafael Diego Toro Torres del IDEA o con la Dra.<br>Zaida Morlett Villa de Extensi\u00f3n Universitaria a los tel\u00e9fonos (844) 480 15 94, (844)381 36 95 y (844) 437 85 82, respectivamente.<\/p>\n","protected":false},"excerpt":{"rendered":"<p>ARTEAGA, Coahuila. 25 de abril de 2024. La Universidad Aut\u00f3noma de Coahuilaa trav\u00e9s de las Escuelas de Bachilleres Preparatoria N\u00famero Uno, Instituto deEnse\u00f1anza Abierta US y la Facultad de Sistemas, en colaboraci\u00f3n con laDirecci\u00f3n de Investigaci\u00f3n y Posgrado, las coordinaciones de Extensi\u00f3nUniversitaria y la de Agenda Ambiental, convoca al Segundo Congreso Nacional yPrimer Internacional de Salud, Educaci\u00f3n y Medio Ambiente: ODS 2030. Se llevar\u00e1 a cabo en modalidad h\u00edbrida el&#8230;<\/p>\n","protected":false},"author":1,"featured_media":20321,"comment_status":"closed","ping_status":"closed","sticky":false,"template":"","format":"standard","meta":{"footnotes":""},"categories":[2],"tags":[],"class_list":["post-20320","post","type-post","status-publish","format-standard","has-post-thumbnail","hentry","category-uadec","wpcat-2-id"],"_links":{"self":[{"href":"https:\/\/www.aquilaguna.com\/index.php\/wp-json\/wp\/v2\/posts\/20320","targetHints":{"allow":["GET"]}}],"collection":[{"href":"https:\/\/www.aquilaguna.com\/index.php\/wp-json\/wp\/v2\/posts"}],"about":[{"href":"https:\/\/www.aquilaguna.com\/index.php\/wp-json\/wp\/v2\/types\/post"}],"author":[{"embeddable":true,"href":"https:\/\/www.aquilaguna.com\/index.php\/wp-json\/wp\/v2\/users\/1"}],"replies":[{"embeddable":true,"href":"https:\/\/www.aquilaguna.com\/index.php\/wp-json\/wp\/v2\/comments?post=20320"}],"version-history":[{"count":1,"href":"https:\/\/www.aquilaguna.com\/index.php\/wp-json\/wp\/v2\/posts\/20320\/revisions"}],"predecessor-version":[{"id":20322,"href":"https:\/\/www.aquilaguna.com\/index.php\/wp-json\/wp\/v2\/posts\/20320\/revisions\/20322"}],"wp:featuredmedia":[{"embeddable":true,"href":"https:\/\/www.aquilaguna.com\/index.php\/wp-json\/wp\/v2\/media\/20321"}],"wp:attachment":[{"href":"https:\/\/www.aquilaguna.com\/index.php\/wp-json\/wp\/v2\/media?parent=20320"}],"wp:term":[{"taxonomy":"category","embeddable":true,"href":"https:\/\/www.aquilaguna.com\/index.php\/wp-json\/wp\/v2\/categories?post=20320"},{"taxonomy":"post_tag","embeddable":true,"href":"https:\/\/www.aquilaguna.com\/index.php\/wp-json\/wp\/v2\/tags?post=20320"}],"curies":[{"name":"wp","href":"https:\/\/api.w.org\/{rel}","templated":true}]}}