{"id":20344,"date":"2024-04-27T08:29:50","date_gmt":"2024-04-27T14:29:50","guid":{"rendered":"https:\/\/www.aquilaguna.com\/?p=20344"},"modified":"2024-04-27T08:29:51","modified_gmt":"2024-04-27T14:29:51","slug":"celebra-la-uadec-en-el-instituto-manuel-munoz-olivares-a-ninas-y-ninos-del-municipio-de-matamoros","status":"publish","type":"post","link":"https:\/\/www.aquilaguna.com\/index.php\/2024\/04\/27\/celebra-la-uadec-en-el-instituto-manuel-munoz-olivares-a-ninas-y-ninos-del-municipio-de-matamoros\/","title":{"rendered":"Celebra la UAdeC en el Instituto Manuel Mu\u00f1oz Olivares a Ni\u00f1as y Ni\u00f1os del Municipio de Matamoros."},"content":{"rendered":"\n<p>MATAMOROS, Coahuila. 26 de abril de 2024. En el Instituto Manuel Mu\u00f1oz<br>Olivares (IMMO), de la Universidad Aut\u00f3noma de Coahuila, el rector de la UAdeC,<br>Octavio Pimentel Mart\u00ednez, asisti\u00f3 a la celebraci\u00f3n por el d\u00eda del ni\u00f1o que como<br>parte de la Semana Cultural y Deportiva \u201cLobato\u201d alumnos y docentes llevaron a<br>cabo este viernes.<\/p>\n\n\n\n<p>Estuvo acompa\u00f1ado por el alcalde de Matamoros Miguel \u00c1ngel Ram\u00edrez L\u00f3pez, el<br>coordinador de Extensi\u00f3n Universitaria, David Hern\u00e1ndez Barrera, por la<br>coordinadora de Unidad Torre\u00f3n, Sandra L\u00f3pez Chavarr\u00eda y la coordinadora del<br>IMMO, Minerva Estrada Aguirre.<\/p>\n\n\n\n<p>Las autoridades realizaron la entrega de bolos y juguetes a ni\u00f1as y ni\u00f1os y<br>convivieron con la comunidad universitaria del IMMO y con la poblaci\u00f3n<br>beneficiada, entre ellos los alumnos y alumnas del Colegio Salvador Dal\u00ed y las<br>ni\u00f1as y ni\u00f1os de colonias aleda\u00f1as al Instituto.<\/p>\n\n\n\n<p>En esta jornada de extensi\u00f3n de la comunidad del IMMO, desarrollaron<br>actividades de recreaci\u00f3n, concursos, baile, entrega de pastel, jugos, juguetes y<br>regalos, y exhibici\u00f3n de binomios caninos a cargo de los elementos de seguridad<br>p\u00fablica.<\/p>\n\n\n\n<p>En su mensaje, el Rector dijo que el trabajo en equipo se nota y agradeci\u00f3 al<br>Presidente Municipal por estar al pendiente del Instituto, porque dijo la conjunci\u00f3n<br>entre autoridad y universidad da como resultado grandes logros, sobre todo para<br>el cuidado y seguridad de la comunidad universitaria de los j\u00f3venes y ni\u00f1os de ese<br>municipio.<\/p>\n\n\n\n<p>El alcalde Miguel \u00c1ngel Ram\u00edrez, por su parte, agradeci\u00f3 la invitaci\u00f3n de la<br>Universidad por permitirle convivir con las autoridades educativas y con la<br>comunidad universitaria, con la poblaci\u00f3n infantil y con las madres de familia de<br>ese sector \u201cQuiero decirles a todos los estudiantes que cuentan con todo mi<br>apoyo, soy uno m\u00e1s de ustedes porque tengo tambi\u00e9n la playera bien puesta igual<br>que el rector Octavio Pimentel Mart\u00ednez para trabajar en conjunto y por el bien de<br>todos\u201d.<\/p>\n","protected":false},"excerpt":{"rendered":"<p>MATAMOROS, Coahuila. 26 de abril de 2024. En el Instituto Manuel Mu\u00f1ozOlivares (IMMO), de la Universidad Aut\u00f3noma de Coahuila, el rector de la UAdeC,Octavio Pimentel Mart\u00ednez, asisti\u00f3 a la celebraci\u00f3n por el d\u00eda del ni\u00f1o que comoparte de la Semana Cultural y Deportiva \u201cLobato\u201d alumnos y docentes llevaron acabo este viernes. Estuvo acompa\u00f1ado por el alcalde de Matamoros Miguel \u00c1ngel Ram\u00edrez L\u00f3pez, elcoordinador de Extensi\u00f3n Universitaria, David Hern\u00e1ndez Barrera, por&#8230;<\/p>\n","protected":false},"author":1,"featured_media":20345,"comment_status":"closed","ping_status":"closed","sticky":false,"template":"","format":"standard","meta":{"footnotes":""},"categories":[28,67,2],"tags":[],"class_list":["post-20344","post","type-post","status-publish","format-standard","has-post-thumbnail","hentry","category-la-laguna","category-matamoros","category-uadec","wpcat-28-id","wpcat-67-id","wpcat-2-id"],"_links":{"self":[{"href":"https:\/\/www.aquilaguna.com\/index.php\/wp-json\/wp\/v2\/posts\/20344","targetHints":{"allow":["GET"]}}],"collection":[{"href":"https:\/\/www.aquilaguna.com\/index.php\/wp-json\/wp\/v2\/posts"}],"about":[{"href":"https:\/\/www.aquilaguna.com\/index.php\/wp-json\/wp\/v2\/types\/post"}],"author":[{"embeddable":true,"href":"https:\/\/www.aquilaguna.com\/index.php\/wp-json\/wp\/v2\/users\/1"}],"replies":[{"embeddable":true,"href":"https:\/\/www.aquilaguna.com\/index.php\/wp-json\/wp\/v2\/comments?post=20344"}],"version-history":[{"count":1,"href":"https:\/\/www.aquilaguna.com\/index.php\/wp-json\/wp\/v2\/posts\/20344\/revisions"}],"predecessor-version":[{"id":20346,"href":"https:\/\/www.aquilaguna.com\/index.php\/wp-json\/wp\/v2\/posts\/20344\/revisions\/20346"}],"wp:featuredmedia":[{"embeddable":true,"href":"https:\/\/www.aquilaguna.com\/index.php\/wp-json\/wp\/v2\/media\/20345"}],"wp:attachment":[{"href":"https:\/\/www.aquilaguna.com\/index.php\/wp-json\/wp\/v2\/media?parent=20344"}],"wp:term":[{"taxonomy":"category","embeddable":true,"href":"https:\/\/www.aquilaguna.com\/index.php\/wp-json\/wp\/v2\/categories?post=20344"},{"taxonomy":"post_tag","embeddable":true,"href":"https:\/\/www.aquilaguna.com\/index.php\/wp-json\/wp\/v2\/tags?post=20344"}],"curies":[{"name":"wp","href":"https:\/\/api.w.org\/{rel}","templated":true}]}}