{"id":2038,"date":"2021-05-07T18:51:59","date_gmt":"2021-05-07T23:51:59","guid":{"rendered":"https:\/\/www.aquilaguna.com\/?p=2038"},"modified":"2021-05-07T18:51:59","modified_gmt":"2021-05-07T23:51:59","slug":"el-pri-esta-mas-unido-que-nunca-destacan-candidatos","status":"publish","type":"post","link":"https:\/\/www.aquilaguna.com\/index.php\/2021\/05\/07\/el-pri-esta-mas-unido-que-nunca-destacan-candidatos\/","title":{"rendered":"El PRI est\u00e1 m\u00e1s unido que nunca, destacan candidatos."},"content":{"rendered":"\n<p>Torre\u00f3n, Coahuila. A 7 de mayo 2021.<\/p>\n\n\n\n<p>A 30 d\u00edas de que el pa\u00eds viva un proceso electoral hist\u00f3rico, el PRI est\u00e1 m\u00e1s unido que nunca con<br>sus candidatos de compromisos y de acciones pero sobre todo, reafirma su confianza en que<br>abanderando las causas m\u00e1s justas, el 6 de junio obtendr\u00e1 la victoria para trabajar en favor de<br>M\u00e9xico, de Coahuila y de Torre\u00f3n.<\/p>\n\n\n\n<p>As\u00ed se demostr\u00f3 en el encuentro en el que los candidatos a la presidencia municipal, Rom\u00e1n<br>Alberto Cepeda y a la diputaci\u00f3n federal por el V Distrito, Antonio Guti\u00e9rrez Jard\u00f3n, efectuaron<br>con habitantes de colonias del poniente de la ciudad la tarde de ayer, con el fin de celebrar los<br>resultados favorables que se han obtenido en la primera mitad de la campa\u00f1a priista.<\/p>\n\n\n\n<p>En un gran mensaje de uni\u00f3n y compromiso, los candidatos estuvieron acompa\u00f1ados por quienes<br>los acompa\u00f1an en la planilla para la alcald\u00eda y en la f\u00f3rmula para la diputaci\u00f3n federal, as\u00ed como<br>l\u00edderes de la experiencia y trayectoria en el partido.<\/p>\n\n\n\n<p>Tambi\u00e9n los acompa\u00f1\u00f3 en el estrado la senadora Ver\u00f3nica Mart\u00ednez, quien ante las y los<br>ciudadanos del poniente de Torre\u00f3n, se comprometi\u00f3 a trabajar en equipo con los candidatos del<br>PRI para que a Coahuila le siga yendo bien.<\/p>\n\n\n\n<p>Antonio Guti\u00e9rrez Jard\u00f3n, candidato a diputado federal por el V Distrito, agradeci\u00f3 a hombres y<br>mujeres el gran recibimiento que les dieron en la colonia Mart\u00ednez Adame, donde se llev\u00f3 a cabo<br>el acto, y sobre todo la oportunidad de darles a conocer sus propuestas.<\/p>\n\n\n\n<p>\u201cVengo a comprometerme, a hacer esa alianza con una persona que ha demostrado que trabaja<br>con responsabilidad y cumple sus objetivos, con quien s\u00ed se puede tratar y hacer una planeaci\u00f3n en<br>beneficio de Torre\u00f3n, pues Rom\u00e1n Alberto Cepeda ser\u00e1 un gran alcalde\u201d.<\/p>\n\n\n\n<p>Pidi\u00f3 a los torreonenses su voto de confianza, que les permita establecer alianzas en el Congreso<br>federal para la reactivaci\u00f3n econ\u00f3mica, salud y seguridad que se requiere, y para que le regresen a<br>Coahuila y a Torre\u00f3n todo lo que les corresponde.<\/p>\n\n\n\n<p>\u201cEste gobierno (federal) ha sido un retroceso para M\u00e9xico, por lo que vamos a exigir todo lo que<br>nos quitaron; que nos regresen el Seguro Popular, las estancias infantiles, el Prospera y todos los<br>programas que se acabaron con el falso argumento de la corrupci\u00f3n\u201d, dijo Antonio Guti\u00e9rrez<br>Jard\u00f3n.<\/p>\n\n\n\n<p>Por su parte, Rom\u00e1n Alberto Cepeda dijo estar seguro de que Torre\u00f3n volver\u00e1 a ser tricolor gracias<br>al voto y a la confianza que se habr\u00e1 de expresar en las urnas este pr\u00f3ximo 6 de junio, y entonces<br>\u201cel primer d\u00eda de enero de 2022 vamos a sacar a los que est\u00e1n\u201d.<\/p>\n\n\n\n<p>Destac\u00f3 que la ciudad no se detuvo en el tiempo y cuatro a\u00f1os despu\u00e9s vemos que no tiene<br>rumbo como tampoco lo tiene el pa\u00eds, el abandono es evidente y por eso es importante trabajar<br>en su recuperaci\u00f3n.<\/p>\n\n\n\n<p>\u201cLo que hoy le hace falta a Torre\u00f3n es que lo escuchen, lo caminen, lo sientan; que vengan al<br>poniente para que vean lo que se siente ante la falta de drenaje, pavimentaci\u00f3n y salud\u201d, se\u00f1al\u00f3 al<br>asegurar que la ciudad merece m\u00e1s compromiso y trabajo de sus gobernantes.<\/p>\n\n\n\n<p>Asegur\u00f3 que como alcalde, no quedar\u00e1 mal ante los ciudadanos y no ser\u00e1 necesario que ellos<br>vayan a la presidencia, pues habr\u00e1 un contacto y presencia permanentes en las colonias y barrios,<br>viendo y escuchando las necesidades y resolviendo los problemas.<\/p>\n\n\n\n<p>El candidato a la alcald\u00eda de Torre\u00f3n destac\u00f3 que hoy m\u00e1s que nunca, el PRI es un gran equipo y<br>\u201csomos el mejor, el que gan\u00f3 el 18 de octubre y con ello ratific\u00f3 que no solo Coahuila es el mejor<br>PRI de M\u00e9xico, sino el de Torre\u00f3n es tambi\u00e9n el mejor de todo el estado y del pa\u00eds\u201d.<\/p>\n","protected":false},"excerpt":{"rendered":"<p>Torre\u00f3n, Coahuila. A 7 de mayo 2021. A 30 d\u00edas de que el pa\u00eds viva un proceso electoral hist\u00f3rico, el PRI est\u00e1 m\u00e1s unido que nunca consus candidatos de compromisos y de acciones pero sobre todo, reafirma su confianza en queabanderando las causas m\u00e1s justas, el 6 de junio obtendr\u00e1 la victoria para trabajar en favor deM\u00e9xico, de Coahuila y de Torre\u00f3n. As\u00ed se demostr\u00f3 en el encuentro en el&#8230;<\/p>\n","protected":false},"author":1,"featured_media":2039,"comment_status":"closed","ping_status":"closed","sticky":false,"template":"","format":"standard","meta":{"footnotes":""},"categories":[20,5,28,16,7],"tags":[],"class_list":["post-2038","post","type-post","status-publish","format-standard","has-post-thumbnail","hentry","category-campanas","category-coahuila","category-la-laguna","category-pri","category-torreon","wpcat-20-id","wpcat-5-id","wpcat-28-id","wpcat-16-id","wpcat-7-id"],"_links":{"self":[{"href":"https:\/\/www.aquilaguna.com\/index.php\/wp-json\/wp\/v2\/posts\/2038","targetHints":{"allow":["GET"]}}],"collection":[{"href":"https:\/\/www.aquilaguna.com\/index.php\/wp-json\/wp\/v2\/posts"}],"about":[{"href":"https:\/\/www.aquilaguna.com\/index.php\/wp-json\/wp\/v2\/types\/post"}],"author":[{"embeddable":true,"href":"https:\/\/www.aquilaguna.com\/index.php\/wp-json\/wp\/v2\/users\/1"}],"replies":[{"embeddable":true,"href":"https:\/\/www.aquilaguna.com\/index.php\/wp-json\/wp\/v2\/comments?post=2038"}],"version-history":[{"count":1,"href":"https:\/\/www.aquilaguna.com\/index.php\/wp-json\/wp\/v2\/posts\/2038\/revisions"}],"predecessor-version":[{"id":2040,"href":"https:\/\/www.aquilaguna.com\/index.php\/wp-json\/wp\/v2\/posts\/2038\/revisions\/2040"}],"wp:featuredmedia":[{"embeddable":true,"href":"https:\/\/www.aquilaguna.com\/index.php\/wp-json\/wp\/v2\/media\/2039"}],"wp:attachment":[{"href":"https:\/\/www.aquilaguna.com\/index.php\/wp-json\/wp\/v2\/media?parent=2038"}],"wp:term":[{"taxonomy":"category","embeddable":true,"href":"https:\/\/www.aquilaguna.com\/index.php\/wp-json\/wp\/v2\/categories?post=2038"},{"taxonomy":"post_tag","embeddable":true,"href":"https:\/\/www.aquilaguna.com\/index.php\/wp-json\/wp\/v2\/tags?post=2038"}],"curies":[{"name":"wp","href":"https:\/\/api.w.org\/{rel}","templated":true}]}}