{"id":20383,"date":"2024-04-29T18:37:28","date_gmt":"2024-04-30T00:37:28","guid":{"rendered":"https:\/\/www.aquilaguna.com\/?p=20383"},"modified":"2024-04-29T18:37:28","modified_gmt":"2024-04-30T00:37:28","slug":"por-el-dia-mundial-de-la-madre-tierra-celebra-idea-de-la-uadec-con-actividades-de-cuidado-del-medio-ambiente","status":"publish","type":"post","link":"https:\/\/www.aquilaguna.com\/index.php\/2024\/04\/29\/por-el-dia-mundial-de-la-madre-tierra-celebra-idea-de-la-uadec-con-actividades-de-cuidado-del-medio-ambiente\/","title":{"rendered":"Por el D\u00eda Mundial de la Madre Tierra, Celebra IDEA de la UAdeC con Actividades de Cuidado del Medio Ambiente."},"content":{"rendered":"\n<p>SALTILLO, Coahuila. 29 de abril de 2024. En el marco de la celebraci\u00f3n por el D\u00eda<br>Mundial de la Madre Tierra, que se celebr\u00f3 el 22 de abril, el Instituto de<br>Ense\u00f1anza Abierta (IDEA) Saltillo de la Universidad Aut\u00f3noma de Coahuila,<br>realiz\u00f3 por segundo a\u00f1o consecutivo la &#8220;Semana de la Tierra&#8221; del 20 al 26 de abril,<br>evento que reuni\u00f3 a alumnos y docentes en una serie de actividades enfocadas a<br>la concienciaci\u00f3n y el cuidado del entorno natural.<\/p>\n\n\n\n<p>Las actividades iniciaron el s\u00e1bado 20 de abril con una Caminata por el sendero<br>&#8220;Tres caminos&#8221; en el Ca\u00f1\u00f3n de San Lorenzo, donde los participantes tuvieron la<br>oportunidad de disfrutar de un recorrido guiado por el Ing. Efra\u00edn Ram\u00edrez Briones,<br>guardaparque de PROFUANA M\u00e9xico, durante el trayecto se exploraron temas<br>relacionados con la flora, fauna, agua e incendios forestales, brindando as\u00ed un<br>aprendizaje experiencial sobre la importancia de preservar nuestros ecosistemas.<\/p>\n\n\n\n<p>El 22 de abril se llev\u00f3 a cabo el &#8220;Rally Deportivo por la Tierra&#8221; en las instalaciones<br>de la Ciudad Deportiva &#8220;Francisco I. Madero&#8221;, este evento promovi\u00f3 la actividad<br>f\u00edsica, adem\u00e1s de acciones concretas de cuidado del medio ambiente, como la<br>limpieza de \u00e1reas verdes y la concienciaci\u00f3n sobre el impacto humano en la<br>naturaleza.<\/p>\n\n\n\n<p>El programa incluy\u00f3 tambi\u00e9n visitas educativas, como al Museo del Desierto el 23<br>de abril, en donde los alumnos tuvieron la oportunidad de ampliar sus<br>conocimientos sobre el ecosistema des\u00e9rtico y la avifauna, fortaleciendo con ello<br>su comprensi\u00f3n sobre la diversidad biol\u00f3gica de nuestro planeta.<\/p>\n\n\n\n<p>Para el 24 de abril se realizaron los Talleres de reflexi\u00f3n, donde los estudiantes<br>participaron en din\u00e1micas que promovieron el intercambio de ideas sobre temas<br>ambientales clave, estos talleres concluyeron con el compromiso de la comunidad<br>educativa del IDEA con la protecci\u00f3n del medio ambiente.<\/p>\n\n\n\n<p>El cierre de la &#8220;Semana de la Tierra&#8221;, se llev\u00f3 a cabo el 26 de abril en el lobby del<br>Instituto con una exhibici\u00f3n en la que las y los alumnos participantes presentaron<br>un collage de los aprendizajes y valores adquiridos durante la semana, as\u00ed como<br>un diario de actividades que testimonia el compromiso de cada participante con la<br>causa ambiental.<\/p>\n\n\n\n<p>Durante la clausura, la Coordinadora de la Unidad Saltillo, Eva Kerena Hern\u00e1ndez,<br>elogi\u00f3 el esfuerzo y la creatividad demostrados por los alumnos, destacando la<br>importancia de actividades vivenciales como esta para generar conciencia y amor<br>por nuestro planeta.<\/p>\n\n\n\n<p>La directora del IDEA, Violeta Cedillo Rodr\u00edguez, agradeci\u00f3 a los involucrados en<br>la organizaci\u00f3n y realizaci\u00f3n de la Semana de la Tierra, reconociendo el apoyo<br>brindado por la Academia de Biolog\u00eda del plantel, conformada por los docentes<br>Diana Esquivel, El\u00edas Frausto, Wilfredo Cort\u00e9s y Rafael Toro, as\u00ed como a diversas<br>instituciones y organizaciones que colaboraron activamente en el \u00e9xito del evento<br>como PROFAUNA, Museo del Desierto, INEDEC y la Agenda Ambiental<br>Universitaria de la UAdeC.<\/p>\n","protected":false},"excerpt":{"rendered":"<p>SALTILLO, Coahuila. 29 de abril de 2024. En el marco de la celebraci\u00f3n por el D\u00edaMundial de la Madre Tierra, que se celebr\u00f3 el 22 de abril, el Instituto deEnse\u00f1anza Abierta (IDEA) Saltillo de la Universidad Aut\u00f3noma de Coahuila,realiz\u00f3 por segundo a\u00f1o consecutivo la &#8220;Semana de la Tierra&#8221; del 20 al 26 de abril,evento que reuni\u00f3 a alumnos y docentes en una serie de actividades enfocadas ala concienciaci\u00f3n y el&#8230;<\/p>\n","protected":false},"author":1,"featured_media":20384,"comment_status":"closed","ping_status":"closed","sticky":false,"template":"","format":"standard","meta":{"footnotes":""},"categories":[2],"tags":[],"class_list":["post-20383","post","type-post","status-publish","format-standard","has-post-thumbnail","hentry","category-uadec","wpcat-2-id"],"_links":{"self":[{"href":"https:\/\/www.aquilaguna.com\/index.php\/wp-json\/wp\/v2\/posts\/20383","targetHints":{"allow":["GET"]}}],"collection":[{"href":"https:\/\/www.aquilaguna.com\/index.php\/wp-json\/wp\/v2\/posts"}],"about":[{"href":"https:\/\/www.aquilaguna.com\/index.php\/wp-json\/wp\/v2\/types\/post"}],"author":[{"embeddable":true,"href":"https:\/\/www.aquilaguna.com\/index.php\/wp-json\/wp\/v2\/users\/1"}],"replies":[{"embeddable":true,"href":"https:\/\/www.aquilaguna.com\/index.php\/wp-json\/wp\/v2\/comments?post=20383"}],"version-history":[{"count":1,"href":"https:\/\/www.aquilaguna.com\/index.php\/wp-json\/wp\/v2\/posts\/20383\/revisions"}],"predecessor-version":[{"id":20385,"href":"https:\/\/www.aquilaguna.com\/index.php\/wp-json\/wp\/v2\/posts\/20383\/revisions\/20385"}],"wp:featuredmedia":[{"embeddable":true,"href":"https:\/\/www.aquilaguna.com\/index.php\/wp-json\/wp\/v2\/media\/20384"}],"wp:attachment":[{"href":"https:\/\/www.aquilaguna.com\/index.php\/wp-json\/wp\/v2\/media?parent=20383"}],"wp:term":[{"taxonomy":"category","embeddable":true,"href":"https:\/\/www.aquilaguna.com\/index.php\/wp-json\/wp\/v2\/categories?post=20383"},{"taxonomy":"post_tag","embeddable":true,"href":"https:\/\/www.aquilaguna.com\/index.php\/wp-json\/wp\/v2\/tags?post=20383"}],"curies":[{"name":"wp","href":"https:\/\/api.w.org\/{rel}","templated":true}]}}