{"id":204,"date":"2021-02-08T20:38:16","date_gmt":"2021-02-09T02:38:16","guid":{"rendered":"http:\/\/34.69.167.107\/?p=204"},"modified":"2021-02-08T20:38:16","modified_gmt":"2021-02-09T02:38:16","slug":"continuan-negociaciones-del-gobierno-del-estado-para-adquirir-vacunas","status":"publish","type":"post","link":"https:\/\/www.aquilaguna.com\/index.php\/2021\/02\/08\/continuan-negociaciones-del-gobierno-del-estado-para-adquirir-vacunas\/","title":{"rendered":"Contin\u00faan negociaciones del Gobierno del Estado para adquirir vacunas."},"content":{"rendered":"\n<p>Torre\u00f3n, Coahuila.- Contin\u00faan las negociaciones del Gobierno de Coahuila, con las empresas farmac\u00e9uticas con las cuales poder concertar la adquisici\u00f3n de vacunas anticovid-19, pero sin especificarse aun cifras y fechas para ello, con el objetivo de no generar expectativas hasta no haber finiquitado su compra al cien por ciento, afirm\u00f3 este d\u00eda el Gobernador Miguel Angel Riquelme Solis.<br><br>&#8220;Espero que haya una resoluci\u00f3n pronto al respecto, toda vez que a Coahuila le interesa incluso que el compromiso pueda ser en meses posteriores, no en este momento, conociendo que hay por ahora una sobre-demanda de la vacuna, por lo que no nos importar\u00eda que tal negociaciones se hiciera en meses posteriores. Y en esto, estamos&#8221;.<br><br>Expreso que, &#8220;como se conoce, la prensa internacional ha expresado que hay una sobredemanda de ant\u00edgeno en el mundo, pero s\u00ed tenemos las negociaciones muy serias y estamos a punto de definir tiempos, montos y cuanto ser\u00e1 el recurso que habr\u00e1 de erogar para ello, el Estado de Coahuila&#8221;.<br><br>Nuestra solicitud, dijo, &#8220;es la adquisici\u00f3n de un mill\u00f3n de vacunas, es decir, serian dos millones de dosis, de aplicaci\u00f3n en dos partes, para un mill\u00f3n de ciudadanos&#8221;.<br><br>&#8220;Creo que tenemos probabilidades de que en un par de semanas ya se tenga una respuesta firme por parte de la empresa&#8221;.<br><br>Agreg\u00f3 que, &#8220;la Alianza Federalista de la cual Coahuila forma parte, ha estado contactando diversos laboratorios y en caso en el que llevamos mayor avance, lo estamos haciendo \u00fanicamente nosotros&#8221;.<br><br>&#8220;La vacunaci\u00f3n ya en forma masiva atendiendo el inicio de otros grupos todav\u00eda no tiene fecha por parte del Gobierno Federal, por eso, nuestra preocupaci\u00f3n de seguir equilibrando la salud con nuestra econom\u00eda, de seguir reactivando nuestras actividades y una de ellas es la educaci\u00f3n&#8221;.<br><br><br><strong>CONTRADICCIONES.<\/strong><br><br><br>El Gobernador dio a conocer que, &#8220;la vacunaci\u00f3n no se realice en poblaci\u00f3n abierta, no podemos nosotros tener una expectativa a corto plazo, pues el gobierno federal sigue hablando de que sigue llegando vacuna, pero desgraciadamente los Gobernadores recibimos tal informaci\u00f3n como todos, a trav\u00e9s de Las ma\u00f1aneras y no hay una seriedad en el compromiso que adquirimos de manera coordinada para poder llevar a cabo una vacunaci\u00f3n masiva&#8221;.<br><br>!Espero primero que los vol\u00famenes que preve\u00e9 la federaci\u00f3n lleguen y una vez que eso suceda, exista la organizaci\u00f3n necesaria para poder llegar a la poblaci\u00f3n vulnerable&#8221;.<br><br>&#8220;Eso requiere mucha coordinaci\u00f3n y por eso menos estar\u00edamos pensando en vacunar a maestros y maestras todav\u00eda&#8221;.<br><br>La verdad, afirm\u00f3, !es que aun nos queda un tramo muy largo y yo espero que no sea as\u00ed, creo que nuestros deseos son de que haya un volumen necesario en M\u00e9xico para avanzar en la vacunaci\u00f3n,<br>pero lo que ustedes ven son contradicciones, que de un d\u00eda para otro, est\u00e1n a la orden del d\u00eda. Hab\u00edan dado una fecha, pero salieron a decir otra, dieron a conocer un volumen y cuando este llego, lo cambian y la distribuci\u00f3n es otra&#8221;.<br><br>Dentro de ello, afirm\u00f3, &#8220;nos tratamos de acoplar pues la verdad, eso, es lo que hay ahorita, no tenemos nosotros la posibilidad de conseguir de manera expedita de que nuestra Entidad pueda adquirir esa vacuna de manera directa&#8221;.<br><br>&#8220;Estamos nosotros pues a expensas de lo que se informa en las noticias que da el Gobierno Federal, repito, de manera desarticuladas y adem\u00e1s bajo un formato irresponsable, pues tendr\u00edamos que estar en<br>coordinaci\u00f3n diariamente para poder llevar un trabajo de esta naturaleza&#8221;.<br><br>Mas adelante y sobre el mismo tema, dijo que, &#8220;nuestros Centros de Salud, nuestros Hospitales y en las cinco regiones tenemos infraestructura, inclusive estadios para poder aplicar vacunaci\u00f3n masiva de manera coordinada y ordenada&#8221;.<br><br>!Tenemos el equipo necesario para el registro y el orden que requiere una operaci\u00f3n de esta naturaleza. La vacunaci\u00f3n siempre ha estado a cargo del sector salud de las entidades federativas y siempre coordinados con el IMSS y el ISSSTE, hoy no tendr\u00eda que ser la excepci\u00f3n&#8221;.<\/p>\n","protected":false},"excerpt":{"rendered":"<p>Torre\u00f3n, Coahuila.- Contin\u00faan las negociaciones del Gobierno de Coahuila, con las empresas farmac\u00e9uticas con las cuales poder concertar la adquisici\u00f3n de vacunas anticovid-19, pero sin especificarse aun cifras y fechas para ello, con el objetivo de no generar expectativas hasta no haber finiquitado su compra al cien por ciento, afirm\u00f3 este d\u00eda el Gobernador Miguel Angel Riquelme Solis. &#8220;Espero que haya una resoluci\u00f3n pronto al respecto, toda vez que a&#8230;<\/p>\n","protected":false},"author":2,"featured_media":0,"comment_status":"closed","ping_status":"","sticky":false,"template":"","format":"standard","meta":{"footnotes":""},"categories":[5,15,22],"tags":[],"class_list":["post-204","post","type-post","status-publish","format-standard","hentry","category-coahuila","category-gobierno-de-coahuila","category-vacunas","wpcat-5-id","wpcat-15-id","wpcat-22-id"],"_links":{"self":[{"href":"https:\/\/www.aquilaguna.com\/index.php\/wp-json\/wp\/v2\/posts\/204","targetHints":{"allow":["GET"]}}],"collection":[{"href":"https:\/\/www.aquilaguna.com\/index.php\/wp-json\/wp\/v2\/posts"}],"about":[{"href":"https:\/\/www.aquilaguna.com\/index.php\/wp-json\/wp\/v2\/types\/post"}],"author":[{"embeddable":true,"href":"https:\/\/www.aquilaguna.com\/index.php\/wp-json\/wp\/v2\/users\/2"}],"replies":[{"embeddable":true,"href":"https:\/\/www.aquilaguna.com\/index.php\/wp-json\/wp\/v2\/comments?post=204"}],"version-history":[{"count":1,"href":"https:\/\/www.aquilaguna.com\/index.php\/wp-json\/wp\/v2\/posts\/204\/revisions"}],"predecessor-version":[{"id":205,"href":"https:\/\/www.aquilaguna.com\/index.php\/wp-json\/wp\/v2\/posts\/204\/revisions\/205"}],"wp:attachment":[{"href":"https:\/\/www.aquilaguna.com\/index.php\/wp-json\/wp\/v2\/media?parent=204"}],"wp:term":[{"taxonomy":"category","embeddable":true,"href":"https:\/\/www.aquilaguna.com\/index.php\/wp-json\/wp\/v2\/categories?post=204"},{"taxonomy":"post_tag","embeddable":true,"href":"https:\/\/www.aquilaguna.com\/index.php\/wp-json\/wp\/v2\/tags?post=204"}],"curies":[{"name":"wp","href":"https:\/\/api.w.org\/{rel}","templated":true}]}}