{"id":2041,"date":"2021-05-07T18:56:16","date_gmt":"2021-05-07T23:56:16","guid":{"rendered":"https:\/\/www.aquilaguna.com\/?p=2041"},"modified":"2021-05-07T18:56:17","modified_gmt":"2021-05-07T23:56:17","slug":"si-queremos-a-torreon-tenemos-una-cita-el-6-de-junio-para-llevarlo-al-siguiente-nivel-mt","status":"publish","type":"post","link":"https:\/\/www.aquilaguna.com\/index.php\/2021\/05\/07\/si-queremos-a-torreon-tenemos-una-cita-el-6-de-junio-para-llevarlo-al-siguiente-nivel-mt\/","title":{"rendered":"SI QUEREMOS A TORRE\u00d3N, TENEMOS UNA CITA EL 6 DE JUNIO PARA LLEVARLO AL SIGUIENTE NIVEL: MT."},"content":{"rendered":"\n<p><strong>La Senadora X\u00f3chitl G\u00e1lvez visita Torre\u00f3n en apoyo a los candidatos del PAN.<\/strong><\/p>\n\n\n\n<p>Marcelo Torres, candidato del Partido Acci\u00f3n Nacional (PAN) a la Alcald\u00eda de<br>Torre\u00f3n, dijo que este pr\u00f3ximo 6 de junio todas y todos los que quieren a su ciudad<br>tienen una cita en las urnas, para que expresen su sentir y llevar unidos a Torre\u00f3n<br>al siguiente nivel.<\/p>\n\n\n\n<p>\u201cTorre\u00f3n merece m\u00e1s, por eso el signo de m\u00e1s de mi campa\u00f1a es la suma de<br>voluntades, propuestas, ideas, demandas; es una campa\u00f1a de 60 d\u00edas, seguimos<br>creciendo y est\u00e1 la fiebre electoral. Es la oportunidad de llevar las propuestas a<br>todas y todos los torreonenses, para que la ciudadan\u00eda nos conozca, contraste los<br>proyectos de cada uno y tome su decisi\u00f3n\u201d indic\u00f3.<\/p>\n\n\n\n<p>El candidato del PAN a la Alcald\u00eda de Torre\u00f3n, dijo que a M\u00e9xico lo que urge m\u00e1s<br>ciudadan\u00eda y menos pol\u00edtica, por lo que atender\u00e1 la petici\u00f3n de las c\u00e1maras y<br>organismos empresariales de tener mayor participaci\u00f3n en los consejos municipales<br>y en la toma de decisiones del Ayuntamiento.<\/p>\n\n\n\n<p>Respecto al desaire que el candidato del PRI ha hecho a invitaciones de algunas<br>c\u00e1maras, organismos empresariales y universidades para conversar con ellos,<br>Marcelo Torres se\u00f1al\u00f3 que es lamentable su actitud, que sea tan selectivo y<br>excluyente, pues es un tiempo perdido que en toda campa\u00f1a debe agradecerse y<br>ser aprovechado al m\u00e1ximo. \u201cA menos que teman algo el PRI o su candidato que<br>no quiere dar la cara a los propios ciudadanos\u201d dijo.<\/p>\n\n\n\n<p>Agreg\u00f3: \u201cNuestro proyecto s\u00ed es incluyente, agrupa a todas ya todos, pues contiene<br>todas las iniciativas ciudadanas de los diversos grupos, porque Torre\u00f3n es de todos<br>y nos necesita a todos para seguir avanzando por el camino del crecimiento y el<br>desarrollo\u201d.<\/p>\n\n\n\n<p>Esta ma\u00f1ana, la Senadora de la Rep\u00fablica, X\u00f3chitl G\u00e1lvez, visit\u00f3 la ciudad de<br>Torre\u00f3n para apoyar en diversas actividades a los candidatos del PAN a la Alcald\u00eda,<br>Marcelo Torres, y a las diputaciones federales de los distritos 05 y 06, Jorge<br>Zerme\u00f1o Infante y Fernando Izaguirre, respectivamente.<\/p>\n\n\n\n<p>En entrevista, X\u00f3chitl G\u00e1lvez indic\u00f3 que equilibrar el poder en el Congreso de la<br>Uni\u00f3n es tan importante que, es un asunto de vida o muerte, es muy riesgoso porque<br>est\u00e1n dispuestos a violar la Constituci\u00f3n, necesitamos que el Congreso se empareje<br>para que el Presidente de M\u00e9xico dialogue con la oposici\u00f3n, subray\u00f3.<\/p>\n\n\n\n<p>La Senadora dijo que los laguneros son reconocidos por ser personas de lucha y de<br>vivir de su trabajo, la gente aqu\u00ed no quiere que le regalen nada, quiere trabajo y con<br>las pol\u00edticas del Gobierno de M\u00e9xico la situaci\u00f3n se agrava, por ello es muy<br>importante que este 6 de junio los torreonenses decidan bien por la mejor opci\u00f3n y<br>esa mejor opci\u00f3n son los candidatos del PAN, puntualiz\u00f3.<\/p>\n","protected":false},"excerpt":{"rendered":"<p>La Senadora X\u00f3chitl G\u00e1lvez visita Torre\u00f3n en apoyo a los candidatos del PAN. Marcelo Torres, candidato del Partido Acci\u00f3n Nacional (PAN) a la Alcald\u00eda deTorre\u00f3n, dijo que este pr\u00f3ximo 6 de junio todas y todos los que quieren a su ciudadtienen una cita en las urnas, para que expresen su sentir y llevar unidos a Torre\u00f3nal siguiente nivel. \u201cTorre\u00f3n merece m\u00e1s, por eso el signo de m\u00e1s de mi campa\u00f1a&#8230;<\/p>\n","protected":false},"author":1,"featured_media":2042,"comment_status":"closed","ping_status":"closed","sticky":false,"template":"","format":"standard","meta":{"footnotes":""},"categories":[20,5,28,17,7],"tags":[],"class_list":["post-2041","post","type-post","status-publish","format-standard","has-post-thumbnail","hentry","category-campanas","category-coahuila","category-la-laguna","category-pan","category-torreon","wpcat-20-id","wpcat-5-id","wpcat-28-id","wpcat-17-id","wpcat-7-id"],"_links":{"self":[{"href":"https:\/\/www.aquilaguna.com\/index.php\/wp-json\/wp\/v2\/posts\/2041","targetHints":{"allow":["GET"]}}],"collection":[{"href":"https:\/\/www.aquilaguna.com\/index.php\/wp-json\/wp\/v2\/posts"}],"about":[{"href":"https:\/\/www.aquilaguna.com\/index.php\/wp-json\/wp\/v2\/types\/post"}],"author":[{"embeddable":true,"href":"https:\/\/www.aquilaguna.com\/index.php\/wp-json\/wp\/v2\/users\/1"}],"replies":[{"embeddable":true,"href":"https:\/\/www.aquilaguna.com\/index.php\/wp-json\/wp\/v2\/comments?post=2041"}],"version-history":[{"count":1,"href":"https:\/\/www.aquilaguna.com\/index.php\/wp-json\/wp\/v2\/posts\/2041\/revisions"}],"predecessor-version":[{"id":2043,"href":"https:\/\/www.aquilaguna.com\/index.php\/wp-json\/wp\/v2\/posts\/2041\/revisions\/2043"}],"wp:featuredmedia":[{"embeddable":true,"href":"https:\/\/www.aquilaguna.com\/index.php\/wp-json\/wp\/v2\/media\/2042"}],"wp:attachment":[{"href":"https:\/\/www.aquilaguna.com\/index.php\/wp-json\/wp\/v2\/media?parent=2041"}],"wp:term":[{"taxonomy":"category","embeddable":true,"href":"https:\/\/www.aquilaguna.com\/index.php\/wp-json\/wp\/v2\/categories?post=2041"},{"taxonomy":"post_tag","embeddable":true,"href":"https:\/\/www.aquilaguna.com\/index.php\/wp-json\/wp\/v2\/tags?post=2041"}],"curies":[{"name":"wp","href":"https:\/\/api.w.org\/{rel}","templated":true}]}}